{"id":21489,"date":"2025-01-23T10:40:15","date_gmt":"2025-01-23T13:40:15","guid":{"rendered":"https:\/\/guialimeira.com.br\/2025\/01\/23\/plano-para-desenvolvimento-ferroviario-sera-lancado-em-fevereiro\/"},"modified":"2025-01-23T10:40:15","modified_gmt":"2025-01-23T13:40:15","slug":"plano-para-desenvolvimento-ferroviario-sera-lancado-em-fevereiro","status":"publish","type":"post","link":"https:\/\/guialimeira.com.br\/news\/plano-para-desenvolvimento-ferroviario-sera-lancado-em-fevereiro\/","title":{"rendered":"Plano para desenvolvimento ferrovi\u00e1rio ser\u00e1 lan\u00e7ado em fevereiro"},"content":{"rendered":"<p> <br \/>\n<\/p>\n<div>\n<p>O governo federal vai lan\u00e7ar, na primeira quinzena de fevereiro, um plano nacional para o desenvolvimento ferrovi\u00e1rio. A informa\u00e7\u00e3o foi divulgada nesta quinta-feira (23) pelo ministro dos Transportes, Renan Filho.<img data-recalc-dims=\"1\" decoding=\"async\" src=\"https:\/\/i0.wp.com\/agenciabrasil.ebc.com.br\/ebc.png?w=696&#038;ssl=1\" style=\"width:1px; height:1px; display:inline;\"\/><img data-recalc-dims=\"1\" decoding=\"async\" src=\"https:\/\/i0.wp.com\/agenciabrasil.ebc.com.br\/ebc.gif?w=696&#038;ssl=1\" style=\"width:1px; height:1px; display:inline;\"\/><\/p>\n<p>\u201cTive\u00a0uma primeira conversa com o presidente Lula, apresentando a\u00a0ele a carteira de projetos. O presidente aprovou e n\u00f3s estamos organizando para fazer o lan\u00e7amento nos primeiros dias de fevereiro. Na primeira quinzena do m\u00eas de fevereiro\u201d, disse.<\/p>\n<p>\u201cVamos divulgar os projetos, discutir com o mercado e com os investidores. Vai ser super relevante porque \u00e9 muito necess\u00e1rio que a gente retire carga e coloque nas ferrovias para evitar os conflitos rodovi\u00e1rios que o Brasil ainda vive\u201d, completou.<\/p>\n<p>Em entrevista a emissoras de r\u00e1dio, durante o programa <em>Bom Dia, Ministro<\/em>, produzido pela <strong>Empresa Brasil de Comunica\u00e7\u00e3o<\/strong> (<strong>EBC<\/strong>), Renan Filho avaliou que \u00e9 preciso retirar ferrovias de dentro das cidades brasileiras e de \u00e1reas centrais do pa\u00eds.<\/p>\n<p>\u201cVoc\u00ea chega em S\u00e3o Paulo, o trem da MRS, carregado de min\u00e9rio, passa pelo centro, do lado do mercado. Passa ali uma ferrovia. Aquilo \u00e9 incongruente com\u00a0uma cidade da dimens\u00e3o de S\u00e3o Paulo. A gente precisa, cada vez mais, revisar isso.\u201d<\/p>\n<p>\u201cN\u00e3o d\u00e1 para mudar totalmente porque elas [as ferrovias] foram constru\u00eddas em outro momento, fazem muitas curvas e, com essas curvas, n\u00e3o d\u00e1 para aumentar a velocidade. Se n\u00e3o tem velocidade, n\u00e3o compete com \u00f4nibus, caminh\u00e3o e van. \u00c9 um trabalho complexo, precisa de investimento p\u00fablico pesado, de massa\u201d, concluiu.<\/p>\n<p>      <!-- Relacionada --><\/p>\n<p>            <!-- Relacionada -->\n    <\/div>\n<p><br \/>\n<br \/><a href=\"https:\/\/agenciabrasil.ebc.com.br\/economia\/noticia\/2025-01\/plano-para-desenvolvimento-ferroviario-sera-lancado-em-fevereiro\" rel=\"noopener\">Ag\u00eancia Brasil<\/a><\/p>\n","protected":false},"excerpt":{"rendered":"<p>O governo federal vai lan\u00e7ar, na primeira quinzena de fevereiro, um plano nacional para o desenvolvimento ferrovi\u00e1rio. A informa\u00e7\u00e3o foi divulgada nesta quinta-feira (23) pelo ministro dos Transportes, Renan Filho. \u201cTive\u00a0uma primeira conversa com o presidente Lula, apresentando a\u00a0ele a carteira de projetos. O presidente aprovou e n\u00f3s estamos organizando para fazer o lan\u00e7amento nos [&hellip;]<\/p>\n","protected":false},"author":1,"featured_media":21490,"comment_status":"open","ping_status":"open","sticky":false,"template":"","format":"standard","meta":{"_jetpack_newsletter_access":"","_jetpack_dont_email_post_to_subs":false,"_jetpack_newsletter_tier_id":0,"_jetpack_memberships_contains_paywalled_content":false,"_mbp_banners":[],"_jetpack_feature_clip_id":0,"_jetpack_memberships_contains_paid_content":false,"footnotes":"","jetpack_publicize_message":"","jetpack_publicize_feature_enabled":true,"jetpack_social_post_already_shared":true,"jetpack_social_options":{"image_generator_settings":{"template":"highway","default_image_id":0,"font":"","enabled":false},"version":2},"jetpack_post_was_ever_published":false},"categories":[24],"tags":[],"class_list":["post-21489","post","type-post","status-publish","format-standard","has-post-thumbnail","category-economia"],"jetpack_publicize_connections":[],"jetpack-related-posts":[],"jetpack_shortlink":"https:\/\/wp.me\/p7Eq1F-5AB","jetpack_sharing_enabled":true,"jetpack_featured_media_url":"https:\/\/i0.wp.com\/guialimeira.com.br\/news\/wp-content\/uploads\/2025\/01\/pzzb7409.jpg?fit=1600%2C800&ssl=1","_links":{"self":[{"href":"https:\/\/guialimeira.com.br\/news\/wp-json\/wp\/v2\/posts\/21489","targetHints":{"allow":["GET"]}}],"collection":[{"href":"https:\/\/guialimeira.com.br\/news\/wp-json\/wp\/v2\/posts"}],"about":[{"href":"https:\/\/guialimeira.com.br\/news\/wp-json\/wp\/v2\/types\/post"}],"author":[{"embeddable":true,"href":"https:\/\/guialimeira.com.br\/news\/wp-json\/wp\/v2\/users\/1"}],"replies":[{"embeddable":true,"href":"https:\/\/guialimeira.com.br\/news\/wp-json\/wp\/v2\/comments?post=21489"}],"version-history":[{"count":0,"href":"https:\/\/guialimeira.com.br\/news\/wp-json\/wp\/v2\/posts\/21489\/revisions"}],"wp:featuredmedia":[{"embeddable":true,"href":"https:\/\/guialimeira.com.br\/news\/wp-json\/wp\/v2\/media\/21490"}],"wp:attachment":[{"href":"https:\/\/guialimeira.com.br\/news\/wp-json\/wp\/v2\/media?parent=21489"}],"wp:term":[{"taxonomy":"category","embeddable":true,"href":"https:\/\/guialimeira.com.br\/news\/wp-json\/wp\/v2\/categories?post=21489"},{"taxonomy":"post_tag","embeddable":true,"href":"https:\/\/guialimeira.com.br\/news\/wp-json\/wp\/v2\/tags?post=21489"}],"curies":[{"name":"wp","href":"https:\/\/api.w.org\/{rel}","templated":true}]}}