{"id":21461,"date":"2025-01-22T20:26:15","date_gmt":"2025-01-22T23:26:15","guid":{"rendered":"https:\/\/guialimeira.com.br\/2025\/01\/22\/dolar-cai-para-r-594-e-fecha-no-menor-nivel-desde-fim-de-novembro\/"},"modified":"2025-01-22T20:26:15","modified_gmt":"2025-01-22T23:26:15","slug":"dolar-cai-para-r-594-e-fecha-no-menor-nivel-desde-fim-de-novembro","status":"publish","type":"post","link":"https:\/\/guialimeira.com.br\/news\/dolar-cai-para-r-594-e-fecha-no-menor-nivel-desde-fim-de-novembro\/","title":{"rendered":"D\u00f3lar cai para R$ 5,94 e fecha no menor n\u00edvel desde fim de novembro"},"content":{"rendered":"<p> <br \/>\n<\/p>\n<div>\n<p>Beneficiado pela modera\u00e7\u00e3o nas tarifas comerciais prometidas pelo novo presidente norte-americano, Donald Trump, o mercado cambial teve um dia de al\u00edvio. O d\u00f3lar caiu para abaixo de R$ 6 e atingiu o menor n\u00edvel desde o fim de novembro. A bolsa de valores n\u00e3o teve o mesmo desempenho positivo e caiu pela primeira vez ap\u00f3s tr\u00eas altas seguidas.<img data-recalc-dims=\"1\" decoding=\"async\" src=\"https:\/\/i0.wp.com\/agenciabrasil.ebc.com.br\/ebc.png?w=696&#038;ssl=1\" style=\"width:1px; height:1px; display:inline;\"\/><img data-recalc-dims=\"1\" decoding=\"async\" src=\"https:\/\/i0.wp.com\/agenciabrasil.ebc.com.br\/ebc.gif?w=696&#038;ssl=1\" style=\"width:1px; height:1px; display:inline;\"\/><\/p>\n<p>O d\u00f3lar comercial encerrou esta quarta-feira (22) vendido a R$ 5,946, com recuo de R$ 0,085 (-1,4%). A cota\u00e7\u00e3o caiu durante toda a sess\u00e3o e passou a operar abaixo de R$ 6 a partir das 10h50. Na m\u00ednima do dia, por volta das 14h, chegou a R$ 5,91.<\/p>\n<p>A moeda norte-americana est\u00e1 na menor cota\u00e7\u00e3o desde 27 de novembro. Em 2025, a divisa tem queda de\u00a03,79%.<\/p>\n<p>O mercado de a\u00e7\u00f5es teve um dia mais vol\u00e1til. O \u00edndice Ibovespa, da B3, fechou aos 122.972 pontos, com queda de 0,3%. O indicador alternou altas e baixas durante toda a sess\u00e3o, mas consolidou a tend\u00eancia de baixa perto do fim da tarde, puxado por mineradoras.<\/p>\n<p>Sem not\u00edcias relevantes na economia brasileira, o d\u00f3lar foi influenciado pelo mercado internacional. A aus\u00eancia de an\u00fancios de eleva\u00e7\u00e3o de tarifas comerciais para a Am\u00e9rica Latina pelo presidente Donald Trump beneficiou os pa\u00edses emergentes. O novo presidente norte-americano anunciou uma sobretaxa de 10% para os produtos da China e de 25% para os do M\u00e9xico e do Canad\u00e1 a partir de 1\u00ba de fevereiro.<\/p>\n<p>Al\u00e9m da falta de men\u00e7\u00f5es \u00e0 Am\u00e9rica Latina, os percentuais abaixo do esperado diminu\u00edram as press\u00f5es sobre a infla\u00e7\u00e3o norte-americana. Isso diminui a necessidade de o Federal Reserve (Fed, Banco Central dos Estados Unidos) congelar ou elevar os juros neste ano. Durante a campanha eleitoral, Trump prometeu tarifas mais altas sobre os produtos chineses.<\/p>\n<p>Taxas de juros menos altas em economias avan\u00e7adas beneficiam pa\u00edses emergentes, como o Brasil. Isso porque os juros elevados da economia brasileira atraem capitais financeiros, reduzindo a press\u00e3o sobre o d\u00f3lar e a bolsa.<\/p>\n<p>*Com informa\u00e7\u00f5es da Reuters<br \/>\u00a0<\/p>\n<p>      <!-- Relacionada --><\/p>\n<p>            <!-- Relacionada -->\n    <\/div>\n<p><br \/>\n<br \/><a href=\"https:\/\/agenciabrasil.ebc.com.br\/economia\/noticia\/2025-01\/dolar-cai-para-r-594-e-fecha-no-menor-nivel-desde-fim-de-novembro\" rel=\"noopener\">Ag\u00eancia Brasil<\/a><\/p>\n","protected":false},"excerpt":{"rendered":"<p>Beneficiado pela modera\u00e7\u00e3o nas tarifas comerciais prometidas pelo novo presidente norte-americano, Donald Trump, o mercado cambial teve um dia de al\u00edvio. O d\u00f3lar caiu para abaixo de R$ 6 e atingiu o menor n\u00edvel desde o fim de novembro. A bolsa de valores n\u00e3o teve o mesmo desempenho positivo e caiu pela primeira vez ap\u00f3s [&hellip;]<\/p>\n","protected":false},"author":1,"featured_media":18870,"comment_status":"open","ping_status":"open","sticky":false,"template":"","format":"standard","meta":{"_jetpack_newsletter_access":"","_jetpack_dont_email_post_to_subs":false,"_jetpack_newsletter_tier_id":0,"_jetpack_memberships_contains_paywalled_content":false,"_mbp_banners":[],"_jetpack_feature_clip_id":0,"_jetpack_memberships_contains_paid_content":false,"footnotes":"","jetpack_publicize_message":"","jetpack_publicize_feature_enabled":true,"jetpack_social_post_already_shared":true,"jetpack_social_options":{"image_generator_settings":{"template":"highway","default_image_id":0,"font":"","enabled":false},"version":2},"jetpack_post_was_ever_published":false},"categories":[24],"tags":[],"class_list":["post-21461","post","type-post","status-publish","format-standard","has-post-thumbnail","category-economia"],"jetpack_publicize_connections":[],"jetpack-related-posts":[],"jetpack_shortlink":"https:\/\/wp.me\/p7Eq1F-5A9","jetpack_sharing_enabled":true,"jetpack_featured_media_url":"https:\/\/i0.wp.com\/guialimeira.com.br\/news\/wp-content\/uploads\/2024\/12\/dolar_moeda_0803221207.jpg?fit=1600%2C800&ssl=1","_links":{"self":[{"href":"https:\/\/guialimeira.com.br\/news\/wp-json\/wp\/v2\/posts\/21461","targetHints":{"allow":["GET"]}}],"collection":[{"href":"https:\/\/guialimeira.com.br\/news\/wp-json\/wp\/v2\/posts"}],"about":[{"href":"https:\/\/guialimeira.com.br\/news\/wp-json\/wp\/v2\/types\/post"}],"author":[{"embeddable":true,"href":"https:\/\/guialimeira.com.br\/news\/wp-json\/wp\/v2\/users\/1"}],"replies":[{"embeddable":true,"href":"https:\/\/guialimeira.com.br\/news\/wp-json\/wp\/v2\/comments?post=21461"}],"version-history":[{"count":0,"href":"https:\/\/guialimeira.com.br\/news\/wp-json\/wp\/v2\/posts\/21461\/revisions"}],"wp:featuredmedia":[{"embeddable":true,"href":"https:\/\/guialimeira.com.br\/news\/wp-json\/wp\/v2\/media\/18870"}],"wp:attachment":[{"href":"https:\/\/guialimeira.com.br\/news\/wp-json\/wp\/v2\/media?parent=21461"}],"wp:term":[{"taxonomy":"category","embeddable":true,"href":"https:\/\/guialimeira.com.br\/news\/wp-json\/wp\/v2\/categories?post=21461"},{"taxonomy":"post_tag","embeddable":true,"href":"https:\/\/guialimeira.com.br\/news\/wp-json\/wp\/v2\/tags?post=21461"}],"curies":[{"name":"wp","href":"https:\/\/api.w.org\/{rel}","templated":true}]}}