{"id":21454,"date":"2025-01-22T19:25:14","date_gmt":"2025-01-22T22:25:14","guid":{"rendered":"https:\/\/guialimeira.com.br\/2025\/01\/22\/forum-economico-mundial-expoe-divisao-entre-trump-e-multilateralismo\/"},"modified":"2025-01-22T19:25:14","modified_gmt":"2025-01-22T22:25:14","slug":"forum-economico-mundial-expoe-divisao-entre-trump-e-multilateralismo","status":"publish","type":"post","link":"https:\/\/guialimeira.com.br\/news\/forum-economico-mundial-expoe-divisao-entre-trump-e-multilateralismo\/","title":{"rendered":"F\u00f3rum Econ\u00f4mico Mundial exp\u00f5e divis\u00e3o entre Trump e multilateralismo"},"content":{"rendered":"<p> <br \/>\n<\/p>\n<div>\n<p>A edi\u00e7\u00e3o deste ano do F\u00f3rum Econ\u00f4mico Mundial exp\u00f5e a divis\u00e3o entre as primeiras medidas protecionistas do governo de Donald Trump e a resist\u00eancia, principalmente da Uni\u00e3o Europeia, em manter o multilateralismo. Com uma delega\u00e7\u00e3o brasileira esvaziada, o evento, que re\u00fane l\u00edderes pol\u00edticos, empres\u00e1rios e acad\u00eamicos de todo o planeta, come\u00e7ou na segunda-feira (20), mesmo dia da posse de Trump, e vai at\u00e9 sexta (24) em Davos, nos Alpes Su\u00ed\u00e7os..<img data-recalc-dims=\"1\" decoding=\"async\" src=\"https:\/\/i0.wp.com\/agenciabrasil.ebc.com.br\/ebc.png?w=696&#038;ssl=1\" style=\"width:1px; height:1px; display:inline;\"\/><img data-recalc-dims=\"1\" decoding=\"async\" src=\"https:\/\/i0.wp.com\/agenciabrasil.ebc.com.br\/ebc.gif?w=696&#038;ssl=1\" style=\"width:1px; height:1px; display:inline;\"\/><\/p>\n<p>O novo presidente norte-americano discursar\u00e1 nesta quinta-feira (23), por meio de videoconfer\u00eancia. Esse \u00e9 o ponto mais aguardado da edi\u00e7\u00e3o de 2025 do f\u00f3rum. A \u00faltima vez em que Trump participou do F\u00f3rum Econ\u00f4mico Mundial foi na edi\u00e7\u00e3o de 2020, pouco antes do in\u00edcio da pandemia de covid-19.<\/p>\n<p>Com cerca de 60 chefes de Estado, 130 representantes de governos e 1,6 mil executivos de 900 empresas, o F\u00f3rum Econ\u00f4mico Mundial promover\u00e1 cerca de 300 pain\u00e9is. Os temas dos debates se concentrar\u00e3o em cinco eixos: enfrentamento \u00e0s mudan\u00e7as clim\u00e1ticas, regula\u00e7\u00e3o da intelig\u00eancia artificial (principalmente nas empresas), fontes alternativas de crescimento econ\u00f4mico, desenvolvimento do capital humano e reconstru\u00e7\u00e3o da confian\u00e7a global.<\/p>\n<p>Quase todos os temas s\u00e3o opostos ao novo governo norte-americano. Nos tr\u00eas primeiros dias de mandato, Trump anunciou a retirada dos Estados Unidos do <a href=\"https:\/\/agenciabrasil.ebc.com.br\/internacional\/noticia\/2025-01\/eua-vao-sair-novamente-do-acordo-de-paris-sobre-o-clima\" target=\"_blank\" rel=\"noopener\">Acordo de Paris<\/a>, assinou uma medida para desregular a intelig\u00eancia artificial e ampliou o isolamento da maior economia do planeta, ao assinar decretos para a deporta\u00e7\u00e3o de imigrantes e para retirar o direito \u00e0 cidadania norte-americana de filhos de imigrantes nascidos no pa\u00eds.<\/p>\n<h2>Diverg\u00eancias<\/h2>\n<p>As decis\u00f5es de Trump provocam diverg\u00eancias no F\u00f3rum Econ\u00f4mico Mundial. Em discurso nesta quarta-feira (22), o secret\u00e1rio-geral das Na\u00e7\u00f5es Unidas (ONU), Ant\u00f4nio Guterres, disse que a crise clim\u00e1tica e a intelig\u00eancia artificial representam novas amea\u00e7as que podem \u201cdesestabilizar a vida\u201d e exigem aten\u00e7\u00e3o em escala global.<\/p>\n<p>Sobre o aquecimento global, o secret\u00e1rio-geral da ONU defendeu os benef\u00edcios das fontes renov\u00e1veis de energia e afirmou que a \u201cdepend\u00eancia de combust\u00edveis f\u00f3sseis \u00e9 um monstro que n\u00e3o poupa ningu\u00e9m\u201d. As declara\u00e7\u00f5es v\u00e3o ao encontro de Trump, que prometeu, no discurso de posse, \u201ccavar e cavar\u201d mais po\u00e7os de petr\u00f3leo para desenvolver a ind\u00fastria norte-americana.<\/p>\n<p>Mesmo entre os empres\u00e1rios, as primeiras decis\u00f5es de Trump exp\u00f5em as diverg\u00eancias. Representantes de grandes empresas norte-americanas, como a Coca-Cola, o Bank of America e a Occidental Petroleum, elogiaram as primeiras medidas do novo presidente, em especial o corte de impostos para as empresas.<\/p>\n<p>Em contrapartida, a presidenta do Banco Santander, a espanhola Ana Bot\u00edn, manifestou preocupa\u00e7\u00e3o com as amea\u00e7as de eleva\u00e7\u00e3o de tarifas comerciais de Trump. Em discurso na ter\u00e7a-feira (21), ela disse que a Uni\u00e3o Europeia precisa se preparar para a onda de protecionismo norte-americano. \u201cPrecisamos fazer mais e mais r\u00e1pido e, pela primeira vez, estar \u00e0 frente dos Estados Unidos\u201d, declarou Bot\u00edn.<\/p>\n<h2>Brasil<\/h2>\n<p>A\u00a0delega\u00e7\u00e3o brasileira\u00a0 no F\u00f3rum Econ\u00f4mico Mundial previa inicialmente a presen\u00e7a da ministra do Meio Ambiente e Mudan\u00e7as Clim\u00e1ticas, Marina Silva, e do ministro de Minas e Energia, Alexandre Silveira, mas apenas Silveira foi para Davos.<\/p>\n<p>Entre figuras pol\u00edticas, encabe\u00e7aram a delega\u00e7\u00e3o brasileira o governador do Par\u00e1, Helder Barbalho, e o presidente do Supremo Tribunal Federal (STF), Lu\u00eds Roberto Barroso. O governador paraense pretende promover a 30\u00aa Confer\u00eancia da ONU sobre Mudan\u00e7as Clim\u00e1ticas (COP 30), a ser realizada em Bel\u00e9m em novembro.<\/p>\n<p><em>Mat\u00e9ria alterada \u00e0s 18h49 para corrigir informa\u00e7\u00e3o sobre a presen\u00e7a do ministro Alexandre SIlveira no F\u00f3rum Econ\u00f4mico Mundial.<\/em><\/p>\n<p>      <!-- Relacionada --><\/p>\n<p>            <!-- Relacionada -->\n    <\/div>\n<p><br \/>\n<br \/><a href=\"https:\/\/agenciabrasil.ebc.com.br\/economia\/noticia\/2025-01\/forum-economico-mundial-expoe-divisao-entre-trump-e-multilateralismo\" rel=\"noopener\">Ag\u00eancia Brasil<\/a><\/p>\n","protected":false},"excerpt":{"rendered":"<p>A edi\u00e7\u00e3o deste ano do F\u00f3rum Econ\u00f4mico Mundial exp\u00f5e a divis\u00e3o entre as primeiras medidas protecionistas do governo de Donald Trump e a resist\u00eancia, principalmente da Uni\u00e3o Europeia, em manter o multilateralismo. Com uma delega\u00e7\u00e3o brasileira esvaziada, o evento, que re\u00fane l\u00edderes pol\u00edticos, empres\u00e1rios e acad\u00eamicos de todo o planeta, come\u00e7ou na segunda-feira (20), mesmo [&hellip;]<\/p>\n","protected":false},"author":1,"featured_media":21455,"comment_status":"open","ping_status":"open","sticky":false,"template":"","format":"standard","meta":{"_jetpack_newsletter_access":"","_jetpack_dont_email_post_to_subs":false,"_jetpack_newsletter_tier_id":0,"_jetpack_memberships_contains_paywalled_content":false,"_mbp_banners":[],"_jetpack_feature_clip_id":0,"_jetpack_memberships_contains_paid_content":false,"footnotes":"","jetpack_publicize_message":"","jetpack_publicize_feature_enabled":true,"jetpack_social_post_already_shared":true,"jetpack_social_options":{"image_generator_settings":{"template":"highway","default_image_id":0,"font":"","enabled":false},"version":2},"jetpack_post_was_ever_published":false},"categories":[24],"tags":[],"class_list":["post-21454","post","type-post","status-publish","format-standard","has-post-thumbnail","category-economia"],"jetpack_publicize_connections":[],"jetpack-related-posts":[],"jetpack_shortlink":"https:\/\/wp.me\/p7Eq1F-5A2","jetpack_sharing_enabled":true,"jetpack_featured_media_url":"https:\/\/i0.wp.com\/guialimeira.com.br\/news\/wp-content\/uploads\/2025\/01\/2024-01-10t131500z_1_lynxmpek090gb_rtroptp_4_macro-davos-riscos.jpg?fit=1600%2C800&ssl=1","_links":{"self":[{"href":"https:\/\/guialimeira.com.br\/news\/wp-json\/wp\/v2\/posts\/21454","targetHints":{"allow":["GET"]}}],"collection":[{"href":"https:\/\/guialimeira.com.br\/news\/wp-json\/wp\/v2\/posts"}],"about":[{"href":"https:\/\/guialimeira.com.br\/news\/wp-json\/wp\/v2\/types\/post"}],"author":[{"embeddable":true,"href":"https:\/\/guialimeira.com.br\/news\/wp-json\/wp\/v2\/users\/1"}],"replies":[{"embeddable":true,"href":"https:\/\/guialimeira.com.br\/news\/wp-json\/wp\/v2\/comments?post=21454"}],"version-history":[{"count":0,"href":"https:\/\/guialimeira.com.br\/news\/wp-json\/wp\/v2\/posts\/21454\/revisions"}],"wp:featuredmedia":[{"embeddable":true,"href":"https:\/\/guialimeira.com.br\/news\/wp-json\/wp\/v2\/media\/21455"}],"wp:attachment":[{"href":"https:\/\/guialimeira.com.br\/news\/wp-json\/wp\/v2\/media?parent=21454"}],"wp:term":[{"taxonomy":"category","embeddable":true,"href":"https:\/\/guialimeira.com.br\/news\/wp-json\/wp\/v2\/categories?post=21454"},{"taxonomy":"post_tag","embeddable":true,"href":"https:\/\/guialimeira.com.br\/news\/wp-json\/wp\/v2\/tags?post=21454"}],"curies":[{"name":"wp","href":"https:\/\/api.w.org\/{rel}","templated":true}]}}