{"id":2144,"date":"2024-04-20T02:46:48","date_gmt":"2024-04-20T05:46:48","guid":{"rendered":"https:\/\/guialimeira.com.br\/2024\/04\/20\/saude-confirma-quinta-morte-por-dengue-em-2024-portal-do-municipio-de-piracicaba\/"},"modified":"2024-04-20T02:46:48","modified_gmt":"2024-04-20T05:46:48","slug":"saude-confirma-quinta-morte-por-dengue-em-2024-portal-do-municipio-de-piracicaba","status":"publish","type":"post","link":"https:\/\/guialimeira.com.br\/news\/saude-confirma-quinta-morte-por-dengue-em-2024-portal-do-municipio-de-piracicaba\/","title":{"rendered":"Sa\u00fade confirma quinta morte por dengue em 2024 \u2013 Portal do Munic\u00edpio de Piracicaba"},"content":{"rendered":"<p> <br \/>\n<\/p>\n<div>\n<figure class=\"text-center\">\n          <img data-recalc-dims=\"1\" width=\"696\" height=\"464\" src=\"https:\/\/i0.wp.com\/piracicaba.sp.gov.br\/wp-content\/uploads\/2024\/04\/Mutirao-da-dengue-acontece-neste-sabado-2-04-1024x683.jpg?resize=696%2C464&#038;ssl=1\" class=\"img-fluid img-thumbnail border-1 wp-post-image\" alt=\"Mutir\u00e3o da dengue acontece neste s\u00e1bado, 22\/04\" itemprop=\"image\" decoding=\"async\" fetchpriority=\"high\" srcset=\"https:\/\/piracicaba.sp.gov.br\/wp-content\/uploads\/2024\/04\/Mutirao-da-dengue-acontece-neste-sabado-2-04-1024x683.jpg 1024w, https:\/\/piracicaba.sp.gov.br\/wp-content\/uploads\/2024\/04\/Mutirao-da-dengue-acontece-neste-sabado-2-04-300x200.jpg 300w, https:\/\/piracicaba.sp.gov.br\/wp-content\/uploads\/2024\/04\/Mutirao-da-dengue-acontece-neste-sabado-2-04-768x512.jpg 768w, https:\/\/piracicaba.sp.gov.br\/wp-content\/uploads\/2024\/04\/Mutirao-da-dengue-acontece-neste-sabado-2-04-1536x1024.jpg 1536w, https:\/\/piracicaba.sp.gov.br\/wp-content\/uploads\/2024\/04\/Mutirao-da-dengue-acontece-neste-sabado-2-04-2048x1365.jpg 2048w\" sizes=\"(max-width: 1024px) 100vw, 1024px\"\/><figcaption class=\"text-center small fw-bold fst-italic mt-1\">Mutir\u00e3o da dengue acontece neste s\u00e1bado, 22\/04<\/figcaption><\/figure>\n<p>A Vigil\u00e2ncia Epidemiol\u00f3gica, vinculada \u00e0 Secretaria Municipal de Sa\u00fade, divulgou na manh\u00e3 de hoje, sexta-feira, 19\/04, a quinta morte por dengue em Piracicaba em 2024. O resultado veio ap\u00f3s conclus\u00e3o de investiga\u00e7\u00e3o epidemiol\u00f3gica realizada pela VE Municipal. O registro \u00e9 de uma paciente do sexo feminino, com comorbidades, na faixa et\u00e1ria entre 80 e 89 anos, residente na regi\u00e3o Central. O \u00f3bito ocorreu na semana entre os dias 17 a 23\/03. O caso \u00e9 aut\u00f3ctone (de origem local), sem classifica\u00e7\u00e3o para sorotipo da dengue.<\/p>\n<p>O primeiro \u00f3bito confirmado foi em uma paciente do sexo feminino, com comorbidades, na faixa et\u00e1ria entre 70 e 79 anos, residente na regi\u00e3o central. O segundo foi em paciente do sexo masculino, com comorbidades, na faixa et\u00e1ria entre 60 e 69 anos, residente na regi\u00e3o Leste. O terceiro \u00e9 de um paciente do sexo masculino, com comorbidades, na faixa et\u00e1ria entre 80 e 89 anos, residente na regi\u00e3o Central. A quarta morte \u00e9 de um paciente do sexo masculino, com comorbidades, na faixa et\u00e1ria entre 70 e 79 anos, residente na regi\u00e3o Sul.<\/p>\n<p>De acordo com a VE, de 01\/01 a 19\/04 de 2024 foram registradas 22.186 notifica\u00e7\u00f5es para a dengue com 8.474 casos positivos. Quatro \u00f3bitos suspeitos ainda est\u00e3o em investiga\u00e7\u00e3o.<\/p>\n<p>A Secretaria de Sa\u00fade segue monitorando os casos de dengue no munic\u00edpio e continua com o trabalho intenso de combate ao mosquito Aedes aegypti transmissor da dengue, zika v\u00edrus e chikungunya. Com apoio do PMCA (Programa Municipal de Combate ao Aedes), vinculado ao Centro de Controle de Zoonoses (CCZ), os agentes de sa\u00fade e zoonoses ampliaram suas atividades com a\u00e7\u00f5es orientativas e educativas casa a casa de segunda a sexta-feira. Os arrast\u00f5es e mutir\u00f5es seguem todos os s\u00e1bados e as equipes de nebuliza\u00e7\u00e3o seguem atuando em regi\u00f5es com maior n\u00famero de casos, al\u00e9m das a\u00e7\u00f5es de remo\u00e7\u00e3o de inserv\u00edveis em resid\u00eancia de acumuladores, entrada for\u00e7ada em locais suspeitos para criadouros, entre outras a\u00e7\u00f5es.<\/p>\n<p><strong>A\u00c7\u00d5ES \u2013<\/strong>\u00a0Para amanh\u00e3, s\u00e1bado, 20\/04, das 8h \u00e0s 13h, o Mutir\u00e3o da Dengue vai para o lado Leste da cidade na regi\u00e3o do Morumbi, tendo como ponto de encontro o Cemit\u00e9rio da Saudade. Na mesma data, mas das 8h \u00e0s 14h, o Arrast\u00e3o da Dengue retorna a regi\u00e3o Norte e vai passar pelos bairros Vila S\u00f4nia, Javary I, II e II, Boa Esperan\u00e7a I e II, Campos El\u00edseos, Jardim Maria Cla\u00fadia, Jardim dos Ant\u00farios, e Jardim Irapu\u00e3, com ponto de encontro o Varej\u00e3o da Vila S\u00f4nia, a Rua Peixoto Gomide.<\/p>\n<p><strong>ATENDIMENTO \u2013<\/strong>\u00a0Todo indiv\u00edduo que apresentar febre de in\u00edcio repentino e apresentar pelo menos duas das seguintes manifesta\u00e7\u00f5es \u2013 dor de cabe\u00e7a, prostra\u00e7\u00e3o, dores musculares e\/ou articulares e dor atr\u00e1s dos olhos \u2013 deve procurar imediatamente um servi\u00e7o de sa\u00fade mais pr\u00f3ximo da sua casa para atendimento m\u00e9dico.<\/p>\n<p>At\u00e9 30\/05, todas as unidades de sa\u00fade est\u00e3o com atendimento espont\u00e2neo para sintom\u00e1ticos leves da dengue das 8h \u00e0s 10h e das 13h \u00e0s 14h, de segunda a sexta-feira. Al\u00e9m disso, para minimizar os impactos no atendimento das UPAs (Unidades de Pronto Atendimento), a UBS Piracicamirim (antigo Crab) faz o acolhimento de pacientes \u2013 com idade acima de 12 anos \u2013 com sintomas mais agudos da doen\u00e7a, de segunda a domingo, das 7h \u00e0s 18h. Cabe ressaltar que as UPAs tamb\u00e9m seguem com o atendimento 24h por dia para a dengue e demais urg\u00eancias e emerg\u00eancias.<\/p>\n<p><strong>DEN\u00daNCIA \u2013<\/strong>\u00a0Para denunciar im\u00f3veis abandonados ou locais que tenham poss\u00edveis criadouros da dengue bastar registrar solicita\u00e7\u00e3o no SIP 156 ou diretamente no PMCA pelo telefone (19) 3427-3351.<\/p>\n<\/p><\/div>\n<p><br \/>\n<br \/><a href=\"https:\/\/piracicaba.sp.gov.br\/noticias\/saude-confirma-quinta-morte-por-dengue-em-2024\/\" rel=\"noopener\">Informa\u00e7\u00f5es PMP <\/a><\/p>\n","protected":false},"excerpt":{"rendered":"<p>Mutir\u00e3o da dengue acontece neste s\u00e1bado, 22\/04 A Vigil\u00e2ncia Epidemiol\u00f3gica, vinculada \u00e0 Secretaria Municipal de Sa\u00fade, divulgou na manh\u00e3 de hoje, sexta-feira, 19\/04, a quinta morte por dengue em Piracicaba em 2024. O resultado veio ap\u00f3s conclus\u00e3o de investiga\u00e7\u00e3o epidemiol\u00f3gica realizada pela VE Municipal. O registro \u00e9 de uma paciente do sexo feminino, com comorbidades, [&hellip;]<\/p>\n","protected":false},"author":1,"featured_media":2145,"comment_status":"open","ping_status":"open","sticky":false,"template":"","format":"standard","meta":{"_jetpack_newsletter_access":"","_jetpack_dont_email_post_to_subs":false,"_jetpack_newsletter_tier_id":0,"_jetpack_memberships_contains_paywalled_content":false,"_mbp_banners":[],"_jetpack_feature_clip_id":0,"_jetpack_memberships_contains_paid_content":false,"footnotes":"","jetpack_publicize_message":"","jetpack_publicize_feature_enabled":true,"jetpack_social_post_already_shared":true,"jetpack_social_options":{"image_generator_settings":{"template":"highway","default_image_id":0,"font":"","enabled":false},"version":2},"jetpack_post_was_ever_published":false},"categories":[20],"tags":[],"class_list":["post-2144","post","type-post","status-publish","format-standard","has-post-thumbnail","category-regiao"],"jetpack_publicize_connections":[],"jetpack-related-posts":[],"jetpack_shortlink":"https:\/\/wp.me\/p7Eq1F-yA","jetpack_sharing_enabled":true,"jetpack_featured_media_url":"https:\/\/i0.wp.com\/guialimeira.com.br\/news\/wp-content\/uploads\/2024\/04\/Mutirao-da-dengue-acontece-neste-sabado-2-04-scaled.jpg?fit=2560%2C1706&ssl=1","_links":{"self":[{"href":"https:\/\/guialimeira.com.br\/news\/wp-json\/wp\/v2\/posts\/2144","targetHints":{"allow":["GET"]}}],"collection":[{"href":"https:\/\/guialimeira.com.br\/news\/wp-json\/wp\/v2\/posts"}],"about":[{"href":"https:\/\/guialimeira.com.br\/news\/wp-json\/wp\/v2\/types\/post"}],"author":[{"embeddable":true,"href":"https:\/\/guialimeira.com.br\/news\/wp-json\/wp\/v2\/users\/1"}],"replies":[{"embeddable":true,"href":"https:\/\/guialimeira.com.br\/news\/wp-json\/wp\/v2\/comments?post=2144"}],"version-history":[{"count":0,"href":"https:\/\/guialimeira.com.br\/news\/wp-json\/wp\/v2\/posts\/2144\/revisions"}],"wp:featuredmedia":[{"embeddable":true,"href":"https:\/\/guialimeira.com.br\/news\/wp-json\/wp\/v2\/media\/2145"}],"wp:attachment":[{"href":"https:\/\/guialimeira.com.br\/news\/wp-json\/wp\/v2\/media?parent=2144"}],"wp:term":[{"taxonomy":"category","embeddable":true,"href":"https:\/\/guialimeira.com.br\/news\/wp-json\/wp\/v2\/categories?post=2144"},{"taxonomy":"post_tag","embeddable":true,"href":"https:\/\/guialimeira.com.br\/news\/wp-json\/wp\/v2\/tags?post=2144"}],"curies":[{"name":"wp","href":"https:\/\/api.w.org\/{rel}","templated":true}]}}