{"id":2142,"date":"2024-04-20T02:24:50","date_gmt":"2024-04-20T05:24:50","guid":{"rendered":"https:\/\/guialimeira.com.br\/2024\/04\/20\/do-sertanejo-a-comedia-teatro-positivo-divulga-programacao-de-marco\/"},"modified":"2024-04-20T02:24:50","modified_gmt":"2024-04-20T05:24:50","slug":"do-sertanejo-a-comedia-teatro-positivo-divulga-programacao-de-marco","status":"publish","type":"post","link":"https:\/\/guialimeira.com.br\/news\/do-sertanejo-a-comedia-teatro-positivo-divulga-programacao-de-marco\/","title":{"rendered":"Do sertanejo \u00e0 com\u00e9dia, Teatro Positivo divulga programa\u00e7\u00e3o de mar\u00e7o"},"content":{"rendered":"<p> <br \/>\n<\/p>\n<div>\n<p><em>Al\u00e9m dos shows e pe\u00e7as teatrais, Teatro recebe espet\u00e1culos do tradicional Festival de Curitiba<\/em><\/p>\n<p>espet\u00e1culos especiais do Festival de Curitiba. Em 2024, a festa de abertura do Festival tamb\u00e9m ser\u00e1 realizada no campus Ecoville da Universidade Positivo, no Viasoft Experience. Sandy, Zez\u00e9 di Camargo e Luciano, Regis Danese e o grupo de com\u00e9dia Os Melhores do Mundo s\u00e3o algumas das atra\u00e7\u00f5es confirmadas.<\/p>\n<p>Quem abre a programa\u00e7\u00e3o mensal \u00e9 o show que celebra o encontro de Regis Danese e Ton Carfi, j\u00e1 no dia 1.\u00ba de mar\u00e7o, com o melhor da m\u00fasica gospel. Em seguida, no dia 2, \u00e9 a vez da consagrada dupla sertaneja Di Paullo e Paulino. Formada nos anos de 1970, a dupla segue arrastando multid\u00f5es com sucessos como \u201cEstrelinha\u201d, \u201cPonto Final\u201d e \u201cAmor de Primavera\u201d. No dia 3 de mar\u00e7o, sobe ao palco do maior teatro do Paran\u00e1\u00a0 o humorista Badin, o Colono, fen\u00f4meno das redes sociais com mais de dois milh\u00f5es de seguidores no Instagram.\u00a0<\/p>\n<p>J\u00e1 no dia 8, o Teatro Positivo recebe Zez\u00e9 di Camargo e Luciano com a turn\u00ea \u201cNovos Tempos\u201d. O show que a dupla traz a Curitiba comemora os 30 anos do hit \u201c\u00c9 o Amor\u201d, que at\u00e9 hoje \u00e9 um dos maiores sucessos da m\u00fasica sertaneja. Zez\u00e9 e Luciano prometem emocionar o p\u00fablico no Dia Internacional da Mulher.<\/p>\n<p>No dia seguinte, \u00e9 a vez de um tributo a uma das bandas mais importantes da hist\u00f3ria do rock mundial. Hey Jude &amp; Orquestra homenageiam os Beatles com muitas das m\u00fasicas que fizeram a fama do quarteto de Liverpool. O humor incompar\u00e1vel do paulista Thiago Ventura d\u00e1 sequ\u00eancia \u00e0 programa\u00e7\u00e3o no dia 10 de mar\u00e7o. Depois de uma pausa para eventos particulares, o teatro reabre suas portas ao p\u00fablico no dia 20 para a Confer\u00eancia Mentes Brilhantes, com Tiago Brunet.<\/p>\n<p>Sandy volta a Curitiba com sua nova turn\u00ea, no dia 22 de mar\u00e7o. O Teatro Positivo, que j\u00e1 recebeu apresenta\u00e7\u00f5es da cantora , ser\u00e1 novamente o lugar escolhido para que o p\u00fablico cante junto com ela grandes hits como \u201cAreia\u201d, \u201cMe espera\u201d e \u201cTuru Turu\u201d.<\/p>\n<p>O dia 23, por sua vez, est\u00e1 reservado para o grupo Os Melhores do Mundo, com seu j\u00e1 consagrado sucesso \u201cHermanoteu na Terra de Godah\u201d. A procura pelos ingressos \u00e9 tamanha que foi necess\u00e1rio abrir duas sess\u00f5es: uma \u00e0s 18h e outra, \u00e0s 21h. No dia 24 \u00e9 dia de ouvir o rapper Delacruz, um dos mais badalados do pa\u00eds.<\/p>\n<p>A partir do dia 25, o teatro recebe uma s\u00e9rie de espet\u00e1culos do Festival de Teatro de Curitiba, o maior evento de teatro, m\u00fasica e arte da Am\u00e9rica Latina. A programa\u00e7\u00e3o come\u00e7a com duas apresenta\u00e7\u00f5es do Boi de Parintins \u2013 Caprichoso e Garantido \u2013 o duelo da Amaz\u00f4nia, nos dias 26 e 27. E, para fechar com chave de ouro, no dia 31, \u201cSilvio Santos vem a\u00ed\u201d, o musical, tem duas sess\u00f5es na sala de espet\u00e1culos.<\/p>\n<p>Os ingressos para todos os shows de mar\u00e7o do Teatro Positivo podem ser adquiridos no site do\u00a0<a href=\"http:\/\/www.diskingressos.com.br\/\" rel=\"noopener\">Disk Ingressos,<\/a>\u00a0e para os espet\u00e1culos do Festival de Curitiba, no\u00a0<a href=\"https:\/\/festivaldecuritiba.com.br\/\" rel=\"noopener\">site do festival<\/a>.<\/p>\n<p><strong>Servi\u00e7o<\/strong><\/p>\n<p><strong>Teatro Positivo \u2013<\/strong>\u00a0Rua Prof. Pedro Viriato Parigot de Souza, 5300 \u2013 Campo Comprido<\/p>\n<p><a href=\"https:\/\/genesis.diskingressos.com.br\/evento\/6236\/01-03-2024\/pr\/curitiba\/regis-danese-e-ton-carfi\" rel=\"noopener\">1.\u00ba de mar\u00e7o \u2013 Regis Danes e Ton Carfi<\/a><\/p>\n<p><a href=\"https:\/\/www.diskingressos.com.br\/evento\/5797\/02-03-2024\/pr\/curitiba\/di-paullo-e-paulino\" rel=\"noopener\">2 de mar\u00e7o \u2013 Di Paullo e Paulino<\/a><\/p>\n<p><a href=\"https:\/\/www.diskingressos.com.br\/evento\/6226\/03-03-2024\/pr\/curitiba\/badin-o-colono-novo-show-novas-historias\" rel=\"noopener\">3 de mar\u00e7o \u2013 Badin, o Colono<\/a><\/p>\n<p><a href=\"https:\/\/www.diskingressos.com.br\/evento\/6125\/08-03-2024\/pr\/curitiba\/zeze-di-camargo-luciano\" rel=\"noopener\">8 de mar\u00e7o \u2013 Zez\u00e9 di Camargo e Luciano<\/a><\/p>\n<p><a href=\"https:\/\/www.diskingressos.com.br\/evento\/5637\/09-03-2024\/pr\/curitiba\/hey-jude-orquestra-tributo-beatles\" rel=\"noopener\">9 de mar\u00e7o \u2013 Hey Jude &amp; Orquestra \u2013 Tributo Beatles<\/a><\/p>\n<p><a href=\"https:\/\/www.diskingressos.com.br\/evento\/6044\/10-03-2024\/pr\/curitiba\/thiago-ventura\" rel=\"noopener\">10 de mar\u00e7o \u2013 Thiago Ventura<\/a><\/p>\n<p><a href=\"https:\/\/www.diskingressos.com.br\/evento\/6469\/10-03-2024\/pr\/curitiba\/thiago-ventura-sessao-extra\" rel=\"noopener\">10 de mar\u00e7o \u2013 Thiago Ventura (sess\u00e3o extra)<\/a><\/p>\n<p><a href=\"https:\/\/www.diskingressos.com.br\/evento\/5709\/20-03-2024\/pr\/curitiba\/conferencia-mentes-brilhantes-com-tiago-brunet\" rel=\"noopener\">20 de mar\u00e7o \u2013 Confer\u00eancia Mentes Brilhantes com Tiago Brunet<\/a><\/p>\n<p><a href=\"https:\/\/www.diskingressos.com.br\/evento\/6229\/22-03-2024\/pr\/curitiba\/sandy\" rel=\"noopener\">22 de mar\u00e7o \u2013 Sandy<\/a><\/p>\n<p><a href=\"https:\/\/www.diskingressos.com.br\/evento\/6057\/23-03-2024\/pr\/curitiba\/os-melhores-do-mundo-hermanoteu-na-terra-de-godah\" rel=\"noopener\">23 de mar\u00e7o \u2013 Os Melhores do Mundo com Hermanoteu na Terra de Godah<\/a><\/p>\n<p><a href=\"https:\/\/www.diskingressos.com.br\/evento\/6356\/23-03-2024\/pr\/curitiba\/os-melhores-do-mundo-hermanoteu-na-terra-de-godah-sessao-extra\" rel=\"noopener\">23 de mar\u00e7o \u2013 Os Melhores do Mundo com Hermanoteu na Terra de Godah (sess\u00e3o extra)<\/a><\/p>\n<p><a href=\"https:\/\/www.diskingressos.com.br\/evento\/4964\/24-03-2024\/pr\/curitiba\/delacruz\" rel=\"noopener\">24 de mar\u00e7o \u2013 Delacruz<\/a><\/p>\n<p><a href=\"https:\/\/festivaldecuritiba.com.br\/\" rel=\"noopener\">26 de mar\u00e7o \u2013 Boi de Parintins \u2013 Caprichoso e Garantido: o duelo da Amaz\u00f4nia<\/a><\/p>\n<p><a href=\"https:\/\/festivaldecuritiba.com.br\/\" rel=\"noopener\">27 de mar\u00e7o \u2013 Boi de Parintins \u2013 Caprichoso e Garantido: o duelo da Amaz\u00f4nia<\/a><\/p>\n<p><a href=\"https:\/\/festivaldecuritiba.com.br\/\" rel=\"noopener\">31 de mar\u00e7o \u2013 S\u00edlvio Santos vem a\u00ed<\/a><\/p>\n<p><a href=\"https:\/\/festivaldecuritiba.com.br\/\" rel=\"noopener\">31 de mar\u00e7o \u2013 S\u00edlvio Santos vem a\u00ed (segunda apresenta\u00e7\u00e3o)<\/a><\/p>\n<\/p><\/div>\n<p><br \/>\n<br \/><a href=\"https:\/\/www.centralpress.com.br\/do-sertanejo-a-comedia-teatro-positivo-divulga-programacao-de-marco\/\" rel=\"noopener\">Central Press <\/a><\/p>\n","protected":false},"excerpt":{"rendered":"<p>Al\u00e9m dos shows e pe\u00e7as teatrais, Teatro recebe espet\u00e1culos do tradicional Festival de Curitiba espet\u00e1culos especiais do Festival de Curitiba. Em 2024, a festa de abertura do Festival tamb\u00e9m ser\u00e1 realizada no campus Ecoville da Universidade Positivo, no Viasoft Experience. Sandy, Zez\u00e9 di Camargo e Luciano, Regis Danese e o grupo de com\u00e9dia Os Melhores [&hellip;]<\/p>\n","protected":false},"author":1,"featured_media":0,"comment_status":"open","ping_status":"open","sticky":false,"template":"","format":"standard","meta":{"_jetpack_newsletter_access":"","_jetpack_dont_email_post_to_subs":false,"_jetpack_newsletter_tier_id":0,"_jetpack_memberships_contains_paywalled_content":false,"_mbp_banners":[],"_jetpack_feature_clip_id":0,"_jetpack_memberships_contains_paid_content":false,"footnotes":"","jetpack_publicize_message":"","jetpack_publicize_feature_enabled":true,"jetpack_social_post_already_shared":true,"jetpack_social_options":{"image_generator_settings":{"template":"highway","default_image_id":0,"font":"","enabled":false},"version":2},"jetpack_post_was_ever_published":false},"categories":[22],"tags":[],"class_list":["post-2142","post","type-post","status-publish","format-standard","category-nacional"],"jetpack_publicize_connections":[],"jetpack-related-posts":[],"jetpack_shortlink":"https:\/\/wp.me\/p7Eq1F-yy","jetpack_sharing_enabled":true,"jetpack_featured_media_url":"","_links":{"self":[{"href":"https:\/\/guialimeira.com.br\/news\/wp-json\/wp\/v2\/posts\/2142","targetHints":{"allow":["GET"]}}],"collection":[{"href":"https:\/\/guialimeira.com.br\/news\/wp-json\/wp\/v2\/posts"}],"about":[{"href":"https:\/\/guialimeira.com.br\/news\/wp-json\/wp\/v2\/types\/post"}],"author":[{"embeddable":true,"href":"https:\/\/guialimeira.com.br\/news\/wp-json\/wp\/v2\/users\/1"}],"replies":[{"embeddable":true,"href":"https:\/\/guialimeira.com.br\/news\/wp-json\/wp\/v2\/comments?post=2142"}],"version-history":[{"count":0,"href":"https:\/\/guialimeira.com.br\/news\/wp-json\/wp\/v2\/posts\/2142\/revisions"}],"wp:attachment":[{"href":"https:\/\/guialimeira.com.br\/news\/wp-json\/wp\/v2\/media?parent=2142"}],"wp:term":[{"taxonomy":"category","embeddable":true,"href":"https:\/\/guialimeira.com.br\/news\/wp-json\/wp\/v2\/categories?post=2142"},{"taxonomy":"post_tag","embeddable":true,"href":"https:\/\/guialimeira.com.br\/news\/wp-json\/wp\/v2\/tags?post=2142"}],"curies":[{"name":"wp","href":"https:\/\/api.w.org\/{rel}","templated":true}]}}