{"id":21391,"date":"2025-01-22T12:03:29","date_gmt":"2025-01-22T15:03:29","guid":{"rendered":"https:\/\/guialimeira.com.br\/2025\/01\/22\/saude-intensifica-campanha-e-alerta-sobre-sintomas-de-arboviroses\/"},"modified":"2025-01-22T12:03:29","modified_gmt":"2025-01-22T15:03:29","slug":"saude-intensifica-campanha-e-alerta-sobre-sintomas-de-arboviroses","status":"publish","type":"post","link":"https:\/\/guialimeira.com.br\/news\/saude-intensifica-campanha-e-alerta-sobre-sintomas-de-arboviroses\/","title":{"rendered":"Sa\u00fade intensifica campanha e alerta sobre sintomas de arboviroses"},"content":{"rendered":"<p> <br \/>\n<\/p>\n<div>\n<p>Com mais de 93 mil casos prov\u00e1veis de dengue, al\u00e9m de 11 mortes confirmadas e 104 em investiga\u00e7\u00e3o perla doen\u00e7a apenas nas primeiras semanas de 2025, o Minist\u00e9rio da Sa\u00fade intensificou a campanha de conscientiza\u00e7\u00e3o e combate a arboviroses. O trabalho\u00a0ser\u00e1 intensificado\u00a0sobretudo em estados com tend\u00eancia de aumento de casos n\u00e3o apenas de dengue, mas tamb\u00e9m de Zika e chikungunya.<img data-recalc-dims=\"1\" decoding=\"async\" src=\"https:\/\/i0.wp.com\/agenciabrasil.ebc.com.br\/ebc.png?w=696&#038;ssl=1\" style=\"width:1px; height:1px; display:inline;\"\/><img data-recalc-dims=\"1\" decoding=\"async\" src=\"https:\/\/i0.wp.com\/agenciabrasil.ebc.com.br\/ebc.gif?w=696&#038;ssl=1\" style=\"width:1px; height:1px; display:inline;\"\/><\/p>\n<p>O foco da campanha est\u00e1 nos sintomas das doen\u00e7as, incentivando a busca por unidades b\u00e1sicas de sa\u00fade (UBS) diante de sinais como manchas vermelhas no corpo, febre, dores de cabe\u00e7a e dores atr\u00e1s dos olhos. A iniciativa, segundo a pasta, \u00e9 direcionada aos seguintes estados: Acre, Esp\u00edrito Santo, S\u00e3o Paulo, Rio de Janeiro, Paran\u00e1, Santa Catarina, Minas Gerais, Mato Grosso, Goi\u00e1s, Tocantins e ao Distrito Federal.<\/p>\n<p>A campanha alerta ainda para a elimina\u00e7\u00e3o de criadouros do mosquito <em>Aedes aegypti<\/em> e incentiva a popula\u00e7\u00e3o a dedicar 10 minutos por semana para controlar focos de reprodu\u00e7\u00e3o do vetor. \u201cA campanha \u00e9 parte de um esfor\u00e7o maior do governo federal para refor\u00e7ar a vigil\u00e2ncia e a preven\u00e7\u00e3o das arboviroses, especialmente no per\u00edodo chuvoso\u201d, destacou o minist\u00e9rio em nota.<\/p>\n<p>No comunicado, o minist\u00e9rio refor\u00e7ou ainda a import\u00e2ncia da vacina\u00e7\u00e3o contra a dengue como estrat\u00e9gia preventiva, \u201cembora a disponibilidade de doses ainda dependa do fornecimento pelos fabricantes\u201d. Atualmente, o imunizante Qdenga est\u00e1 dispon\u00edvel no\u00a0Sistema \u00danico de Sa\u00fade (SUS) apenas para crian\u00e7as e adolescentes com idade entre 10 e 14 anos.<\/p>\n<h2>Centro\u00a0de Opera\u00e7\u00f5es de Emerg\u00eancia<\/h2>\n<p>No in\u00edcio do ano, a ministra da Sa\u00fade, N\u00edsia Trindade, instalou o Centro de Opera\u00e7\u00f5es de Emerg\u00eancias em Sa\u00fade P\u00fablica para Dengue e outras Arboviroses (COE Dengue). A ideia \u00e9 coordenar o planejamento e a reposta por meio do di\u00e1logo constante com estados, munic\u00edpios, pesquisadores e institui\u00e7\u00f5es cient\u00edficas, al\u00e9m de outras pastas.<\/p>\n<p>Entre as a\u00e7\u00f5es previstas est\u00e3o se antecipar ao per\u00edodo sazonal da dengue para adequar as redes de sa\u00fade; mitigar riscos para evitar casos e \u00f3bitos; ampliar medidas preventivas para melhor preparar estados e munic\u00edpios, al\u00e9m de\u00a0uma articula\u00e7\u00e3o nacional para resposta a eventuais situa\u00e7\u00f5es classificadas como cr\u00edticas.<\/p>\n<p>Dados da pasta indicam que, para 2025, h\u00e1 previs\u00e3o de aumento na incid\u00eancia de casos de dengue em pelo menos seis estados brasileiros: S\u00e3o Paulo, Rio de Janeiro, Esp\u00edrito Santo, Tocantins, Mato Grosso do Sul e Paran\u00e1. Todos eles, segundo o minist\u00e9rio, est\u00e3o sendo monitorados \u201cainda mais de perto\u201d.<\/p>\n<h2>Reuni\u00e3o<\/h2>\n<p>Nesta quarta-feira (22), N\u00edsia se re\u00fane com representantes de conselhos, sociedade civil, sindicatos, federa\u00e7\u00f5es, institui\u00e7\u00f5es de sa\u00fade, associa\u00e7\u00f5es e especialistas no intuito de alinhar estrat\u00e9gias e a\u00e7\u00f5es de controle da dengue e outras arboviroses.<\/p>\n<p>\u201cA reuni\u00e3o \u00e9 mais uma medida do Minist\u00e9rio da Sa\u00fade \u2013 por meio do COE Dengue \u2013 para articula\u00e7\u00e3o conjunta de a\u00e7\u00f5es estrat\u00e9gicas e monitoramento do cen\u00e1rio epidemiol\u00f3gico em todo o pa\u00eds\u201d, informou o minist\u00e9rio.<\/p>\n<p>Est\u00e3o previstas as seguintes participa\u00e7\u00f5es:<\/p>\n<p>&#8211; Conselho Federal de Medicina;<\/p>\n<p>&#8211; Conselho Federal de Enfermagem;<\/p>\n<p>&#8211; Conselho Federal de Farm\u00e1cia;<\/p>\n<p>&#8211; Conselho Federal de Fisioterapia e Terapia Ocupacional;<\/p>\n<p>&#8211; Conselho Federal de Medicina Veterin\u00e1ria;<\/p>\n<p>&#8211; Conselho Federal de Psicologia;<\/p>\n<p>&#8211; Central \u00danica dos Trabalhadores;<\/p>\n<p>&#8211; Central \u00danica das Favelas;<\/p>\n<p>&#8211; Sindicato Nacional dos Docentes das Institui\u00e7\u00f5es de Ensino Superior;<\/p>\n<p>&#8211; Federa\u00e7\u00e3o de Sindicatos de Trabalhadores T\u00e9cnico-Administrativos em Institui\u00e7\u00f5es de Ensino Superior P\u00fablicas do Brasil;<\/p>\n<p>&#8211; Uni\u00e3o Nacional dos Estudantes;<\/p>\n<p>&#8211; Federa\u00e7\u00e3o Brasileira das Associa\u00e7\u00f5es de Ginecologia e Obstetr\u00edcia;<\/p>\n<p>&#8211; Instituto Todos Pela Sa\u00fade;<\/p>\n<p>&#8211; Associa\u00e7\u00e3o Brasileira de Munic\u00edpios;<\/p>\n<p>&#8211; Associa\u00e7\u00e3o Nacional dos Prefeitos e Vice-Prefeitos;<\/p>\n<p>&#8211; Frente Nacional de Prefeitas e Prefeitos;<\/p>\n<p>&#8211; Servi\u00e7o Social do Com\u00e9rcio;<\/p>\n<p>&#8211; Servi\u00e7o Social da Ind\u00fastria;<\/p>\n<p>&#8211; Servi\u00e7o Nacional de Aprendizagem Industrial;<\/p>\n<p>&#8211; Federa\u00e7\u00e3o Nacional de Jornalistas;<\/p>\n<p>&#8211; Central Nacional Unimed;<\/p>\n<p>&#8211; Central Geral dos Trabalhadores do Brasil;<\/p>\n<p>&#8211; Uni\u00e3o Brasileira dos Estudantes Secundaristas;<\/p>\n<p>&#8211; Sindicato Nacional dos Servidores Federais da Educa\u00e7\u00e3o B\u00e1sica, Profissional e Tecnol\u00f3gica;<\/p>\n<p>&#8211; Conselho Nacional das Institui\u00e7\u00f5es da Rede Federal de Educa\u00e7\u00e3o Profissional, Cient\u00edfica e Tecnol\u00f3gica;<\/p>\n<p>&#8211; \u2060Confedera\u00e7\u00e3o Nacional de Munic\u00edpios(CNM).<\/p>\n<p>      <!-- Relacionada --><\/p>\n<p>            <!-- Relacionada -->\n    <\/div>\n<p><br \/>\n<br \/><a href=\"https:\/\/agenciabrasil.ebc.com.br\/saude\/noticia\/2025-01\/saude-intensifica-campanha-e-alerta-sobre-sintomas-de-arboviroses\" rel=\"noopener\">Ag\u00eancia Brasil <\/a><\/p>\n","protected":false},"excerpt":{"rendered":"<p>Com mais de 93 mil casos prov\u00e1veis de dengue, al\u00e9m de 11 mortes confirmadas e 104 em investiga\u00e7\u00e3o perla doen\u00e7a apenas nas primeiras semanas de 2025, o Minist\u00e9rio da Sa\u00fade intensificou a campanha de conscientiza\u00e7\u00e3o e combate a arboviroses. O trabalho\u00a0ser\u00e1 intensificado\u00a0sobretudo em estados com tend\u00eancia de aumento de casos n\u00e3o apenas de dengue, mas [&hellip;]<\/p>\n","protected":false},"author":1,"featured_media":20515,"comment_status":"open","ping_status":"open","sticky":false,"template":"","format":"standard","meta":{"_jetpack_newsletter_access":"","_jetpack_dont_email_post_to_subs":false,"_jetpack_newsletter_tier_id":0,"_jetpack_memberships_contains_paywalled_content":false,"_mbp_banners":[],"_jetpack_feature_clip_id":0,"_jetpack_memberships_contains_paid_content":false,"footnotes":"","jetpack_publicize_message":"","jetpack_publicize_feature_enabled":true,"jetpack_social_post_already_shared":true,"jetpack_social_options":{"image_generator_settings":{"template":"highway","default_image_id":0,"font":"","enabled":false},"version":2},"jetpack_post_was_ever_published":false},"categories":[15],"tags":[],"class_list":["post-21391","post","type-post","status-publish","format-standard","has-post-thumbnail","category-saude"],"jetpack_publicize_connections":[],"jetpack-related-posts":[],"jetpack_shortlink":"https:\/\/wp.me\/p7Eq1F-5z1","jetpack_sharing_enabled":true,"jetpack_featured_media_url":"https:\/\/i0.wp.com\/guialimeira.com.br\/news\/wp-content\/uploads\/2025\/01\/20230330102022_mg_7182.jpg?fit=1600%2C800&ssl=1","_links":{"self":[{"href":"https:\/\/guialimeira.com.br\/news\/wp-json\/wp\/v2\/posts\/21391","targetHints":{"allow":["GET"]}}],"collection":[{"href":"https:\/\/guialimeira.com.br\/news\/wp-json\/wp\/v2\/posts"}],"about":[{"href":"https:\/\/guialimeira.com.br\/news\/wp-json\/wp\/v2\/types\/post"}],"author":[{"embeddable":true,"href":"https:\/\/guialimeira.com.br\/news\/wp-json\/wp\/v2\/users\/1"}],"replies":[{"embeddable":true,"href":"https:\/\/guialimeira.com.br\/news\/wp-json\/wp\/v2\/comments?post=21391"}],"version-history":[{"count":0,"href":"https:\/\/guialimeira.com.br\/news\/wp-json\/wp\/v2\/posts\/21391\/revisions"}],"wp:featuredmedia":[{"embeddable":true,"href":"https:\/\/guialimeira.com.br\/news\/wp-json\/wp\/v2\/media\/20515"}],"wp:attachment":[{"href":"https:\/\/guialimeira.com.br\/news\/wp-json\/wp\/v2\/media?parent=21391"}],"wp:term":[{"taxonomy":"category","embeddable":true,"href":"https:\/\/guialimeira.com.br\/news\/wp-json\/wp\/v2\/categories?post=21391"},{"taxonomy":"post_tag","embeddable":true,"href":"https:\/\/guialimeira.com.br\/news\/wp-json\/wp\/v2\/tags?post=21391"}],"curies":[{"name":"wp","href":"https:\/\/api.w.org\/{rel}","templated":true}]}}