{"id":2137,"date":"2024-04-20T02:09:54","date_gmt":"2024-04-20T05:09:54","guid":{"rendered":"https:\/\/guialimeira.com.br\/2024\/04\/20\/justica-condena-ex-presidente-de-conselhos-a-26-anos-de-prisao\/"},"modified":"2024-04-20T02:09:54","modified_gmt":"2024-04-20T05:09:54","slug":"justica-condena-ex-presidente-de-conselhos-a-26-anos-de-prisao","status":"publish","type":"post","link":"https:\/\/guialimeira.com.br\/news\/justica-condena-ex-presidente-de-conselhos-a-26-anos-de-prisao\/","title":{"rendered":"Justi\u00e7a condena ex-presidente de conselhos a 26 anos de pris\u00e3o"},"content":{"rendered":"<p> <br \/>\n<\/p>\n<div>\n<p>A Justi\u00e7a condenou o ex-presidente do Conselho Regional de Enfermagem do Rio de Janeiro e do Conselho Federal de Enfermagem (Cofen) Gilberto Linhares Teixeira a 26 anos, 1 m\u00eas e 18 dias de reclus\u00e3o, em regime fechado, por homic\u00eddio duplamente qualificado.<\/p>\n<p>O julgamento foi realizado no II Tribunal do J\u00fari da Capital e terminou nesta quinta-feira (18). O promotor de Justi\u00e7a F\u00e1bio Vieira, respons\u00e1vel pela sustenta\u00e7\u00e3o oral no j\u00fari, recorreu da senten\u00e7a para aumentar a pena imputada ao r\u00e9u.<img data-recalc-dims=\"1\" decoding=\"async\" src=\"https:\/\/i0.wp.com\/agenciabrasil.ebc.com.br\/ebc.png?w=696&#038;ssl=1\" style=\"width:1px; height:1px; display:inline;\"\/><img data-recalc-dims=\"1\" decoding=\"async\" src=\"https:\/\/i0.wp.com\/agenciabrasil.ebc.com.br\/ebc.gif?w=696&#038;ssl=1\" style=\"width:1px; height:1px; display:inline;\"\/><\/p>\n<p>Gilberto Teixeira foi denunciado pelo Minist\u00e9rio P\u00fablico do Rio de Janeiro como mandante do homic\u00eddio do casal de sindicalistas Edma Rodrigues Valad\u00e3o e Marcos Ot\u00e1vio Valad\u00e3o. O casal foi morto a tiros no in\u00edcio da manh\u00e3 de 20 de setembro de 1999, quando sa\u00eda de casa, no Engenho Novo, zona norte do Rio.<\/p>\n<p>Na \u00e9poca do crime, Edma Rodrigues Valad\u00e3o era presidente do Sindicato dos Enfermeiros do Rio de Janeiro e, Marcos Ot\u00e1vio Valad\u00e3o, presidente da Associa\u00e7\u00e3o Brasileira de Enfermagem.<\/p>\n<p>De acordo com a den\u00fancia do Minist\u00e9rio P\u00fablico, Edma e Marcos Ot\u00e1vio \u00a0fizeram acusa\u00e7\u00f5es de desvio de verbas, apropria\u00e7\u00e3o de bens do Cofen, contrata\u00e7\u00f5es irregulares e falsifica\u00e7\u00e3o de documentos durante a gest\u00e3o de Gilberto \u00e0 frente da entidade de classe.<\/p>\n<\/p><\/div>\n<p><br \/>\n<br \/><a href=\"https:\/\/agenciabrasil.ebc.com.br\/justica\/noticia\/2024-04\/justica-condena-ex-presidente-de-conselhos-26-anos-de-prisao\" rel=\"noopener\">Ag\u00eancia Brasil<\/a><\/p>\n","protected":false},"excerpt":{"rendered":"<p>A Justi\u00e7a condenou o ex-presidente do Conselho Regional de Enfermagem do Rio de Janeiro e do Conselho Federal de Enfermagem (Cofen) Gilberto Linhares Teixeira a 26 anos, 1 m\u00eas e 18 dias de reclus\u00e3o, em regime fechado, por homic\u00eddio duplamente qualificado. O julgamento foi realizado no II Tribunal do J\u00fari da Capital e terminou nesta [&hellip;]<\/p>\n","protected":false},"author":1,"featured_media":269,"comment_status":"open","ping_status":"open","sticky":false,"template":"","format":"standard","meta":{"_jetpack_newsletter_access":"","_jetpack_dont_email_post_to_subs":false,"_jetpack_newsletter_tier_id":0,"_jetpack_memberships_contains_paywalled_content":false,"_mbp_banners":[],"_jetpack_feature_clip_id":0,"_jetpack_memberships_contains_paid_content":false,"footnotes":"","jetpack_publicize_message":"","jetpack_publicize_feature_enabled":true,"jetpack_social_post_already_shared":true,"jetpack_social_options":{"image_generator_settings":{"template":"highway","default_image_id":0,"font":"","enabled":false},"version":2},"jetpack_post_was_ever_published":false},"categories":[22],"tags":[],"class_list":["post-2137","post","type-post","status-publish","format-standard","has-post-thumbnail","category-nacional"],"jetpack_publicize_connections":[],"jetpack-related-posts":[],"jetpack_shortlink":"https:\/\/wp.me\/p7Eq1F-yt","jetpack_sharing_enabled":true,"jetpack_featured_media_url":"https:\/\/i0.wp.com\/guialimeira.com.br\/news\/wp-content\/uploads\/2024\/03\/thumb_1200x600_agbrasil.png?fit=1200%2C600&ssl=1","_links":{"self":[{"href":"https:\/\/guialimeira.com.br\/news\/wp-json\/wp\/v2\/posts\/2137","targetHints":{"allow":["GET"]}}],"collection":[{"href":"https:\/\/guialimeira.com.br\/news\/wp-json\/wp\/v2\/posts"}],"about":[{"href":"https:\/\/guialimeira.com.br\/news\/wp-json\/wp\/v2\/types\/post"}],"author":[{"embeddable":true,"href":"https:\/\/guialimeira.com.br\/news\/wp-json\/wp\/v2\/users\/1"}],"replies":[{"embeddable":true,"href":"https:\/\/guialimeira.com.br\/news\/wp-json\/wp\/v2\/comments?post=2137"}],"version-history":[{"count":0,"href":"https:\/\/guialimeira.com.br\/news\/wp-json\/wp\/v2\/posts\/2137\/revisions"}],"wp:featuredmedia":[{"embeddable":true,"href":"https:\/\/guialimeira.com.br\/news\/wp-json\/wp\/v2\/media\/269"}],"wp:attachment":[{"href":"https:\/\/guialimeira.com.br\/news\/wp-json\/wp\/v2\/media?parent=2137"}],"wp:term":[{"taxonomy":"category","embeddable":true,"href":"https:\/\/guialimeira.com.br\/news\/wp-json\/wp\/v2\/categories?post=2137"},{"taxonomy":"post_tag","embeddable":true,"href":"https:\/\/guialimeira.com.br\/news\/wp-json\/wp\/v2\/tags?post=2137"}],"curies":[{"name":"wp","href":"https:\/\/api.w.org\/{rel}","templated":true}]}}