{"id":21342,"date":"2025-01-21T18:46:00","date_gmt":"2025-01-21T21:46:00","guid":{"rendered":"https:\/\/guialimeira.com.br\/2025\/01\/21\/obras-no-hospital-cardoso-fontes-comecam-em-1-de-fevereiro\/"},"modified":"2025-01-21T18:46:00","modified_gmt":"2025-01-21T21:46:00","slug":"obras-no-hospital-cardoso-fontes-comecam-em-1-de-fevereiro","status":"publish","type":"post","link":"https:\/\/guialimeira.com.br\/news\/obras-no-hospital-cardoso-fontes-comecam-em-1-de-fevereiro\/","title":{"rendered":"Obras no Hospital Cardoso Fontes come\u00e7am em 1\u00b0 de fevereiro"},"content":{"rendered":"<p> <br \/>\n<\/p>\n<div>\n<p>As obras no Hospital Cardoso Fontes, em Jacarepagu\u00e1, na zona norte do Rio de Janeiro, come\u00e7am dia 1\u00ba de fevereiro. A Prefeitura do Rio de Janeiro assumiu a gest\u00e3o da unidade federal no dia 17 de dezembro de 2024, com menos de 100 leitos em funcionamento. A reestrutura\u00e7\u00e3o, segundo anunciou a administra\u00e7\u00e3o municipal, permitir\u00e1 que o hospital, al\u00e9m de reabrir leitos fechados, tamb\u00e9m dobre a capacidade de atendimento ambulatorial e volte a ter a emerg\u00eancia com funcionamento pleno.<img data-recalc-dims=\"1\" decoding=\"async\" src=\"https:\/\/i0.wp.com\/agenciabrasil.ebc.com.br\/ebc.png?w=696&#038;ssl=1\" style=\"width:1px; height:1px; display:inline;\"\/><img data-recalc-dims=\"1\" decoding=\"async\" src=\"https:\/\/i0.wp.com\/agenciabrasil.ebc.com.br\/ebc.gif?w=696&#038;ssl=1\" style=\"width:1px; height:1px; display:inline;\"\/><\/p>\n<p>\u201cDentro do nosso planejamento, queremos reabrir a emerg\u00eancia no dia 1\u00ba de mar\u00e7o, para que volte a funcionar plenamente, ainda que sem as condi\u00e7\u00f5es ideais, mas j\u00e1 oferecendo um atendimento melhor \u00e0 popula\u00e7\u00e3o. E, no in\u00edcio do pr\u00f3ximo ano, conforme o plano elaborado pelo nosso secret\u00e1rio de Sa\u00fade, Daniel Soranz, a previs\u00e3o \u00e9 de que o hospital seja reinaugurado totalmente reformado, com os ambulat\u00f3rios e os leitos completamente climatizados\u201d, disse o prefeito em exerc\u00edcio, Eduardo Cavaliere.<\/p>\n<p>Com a reestrutura\u00e7\u00e3o definida pela Secretaria Municipal de Sa\u00fade (SMS), a estimativa \u00e9 abrir 250 leitos e aumentar o n\u00famero de procedimentos de 84 mil para 160 mil por ano. Tamb\u00e9m est\u00e3o previstas, entre as reformas estruturais, a amplia\u00e7\u00e3o dos CTI, melhorias dos acessos e reforma na cozinha da unidade, al\u00e9m da manuten\u00e7\u00e3o de equipamentos como tom\u00f3grafos.\u00a0<\/p>\n<p>\u201cOs hospitais federais correspondem a quase 30% de todos os leitos da cidade do Rio de Janeiro, \u00e9 a maior rede federal do pa\u00eds. J\u00e1 est\u00e3o abertas as contrata\u00e7\u00f5es para os dois hospitais municipalizados, o Cardoso Fontes e o Andara\u00ed. Esperamos ter mais 650 profissionais atuando s\u00f3 aqui no Cardoso Fontes j\u00e1 em mar\u00e7o. Vamos manter todas as especialidades dos hospitais, mas com o compromisso de ampliar e dobrar o n\u00famero de procedimentos\u201d, informou o secret\u00e1rio de Sa\u00fade, Daniel Soranz.<\/p>\n<p>O Hospital Cardoso Fontes oferece especialidades cl\u00ednicas como oncologia, hematologia, pediatria, cl\u00ednica da dor, cardiologia e cl\u00ednica m\u00e9dica; e especialidades cir\u00fargicas, como anestesiologia, cirurgia geral, pedi\u00e1trica, vascular, coloproctologia, ginecologia e mastologia, odontologia, urologia, gastroenterologia.<\/p>\n<p>Tamb\u00e9m conta com servi\u00e7os de endocrinologia, infectologia, reumatologia, nefrologia, pneumologia e neurologia. A unidade oferece ainda servi\u00e7os de diagn\u00f3stico por imagem e servi\u00e7os de apoio como psicologia, terapia ocupacional, fisioterapia, fonoaudiologia, nutri\u00e7\u00e3o, farm\u00e1cia, servi\u00e7o social, servi\u00e7o de apoio \u00e0 desospitaliza\u00e7\u00e3o, hemon\u00facleo e cuidados paliativos.<\/p>\n<p>      <!-- Relacionada --><\/p>\n<p>            <!-- Relacionada -->\n    <\/div>\n<p><br \/>\n<br \/><a href=\"https:\/\/agenciabrasil.ebc.com.br\/saude\/noticia\/2025-01\/obras-no-hospital-cardoso-fontes-comecam-em-1deg-de-fevereiro\" rel=\"noopener\">Ag\u00eancia Brasil <\/a><\/p>\n","protected":false},"excerpt":{"rendered":"<p>As obras no Hospital Cardoso Fontes, em Jacarepagu\u00e1, na zona norte do Rio de Janeiro, come\u00e7am dia 1\u00ba de fevereiro. A Prefeitura do Rio de Janeiro assumiu a gest\u00e3o da unidade federal no dia 17 de dezembro de 2024, com menos de 100 leitos em funcionamento. A reestrutura\u00e7\u00e3o, segundo anunciou a administra\u00e7\u00e3o municipal, permitir\u00e1 que [&hellip;]<\/p>\n","protected":false},"author":1,"featured_media":21343,"comment_status":"open","ping_status":"open","sticky":false,"template":"","format":"standard","meta":{"_jetpack_newsletter_access":"","_jetpack_dont_email_post_to_subs":false,"_jetpack_newsletter_tier_id":0,"_jetpack_memberships_contains_paywalled_content":false,"_mbp_banners":[],"_jetpack_feature_clip_id":0,"_jetpack_memberships_contains_paid_content":false,"footnotes":"","jetpack_publicize_message":"","jetpack_publicize_feature_enabled":true,"jetpack_social_post_already_shared":true,"jetpack_social_options":{"image_generator_settings":{"template":"highway","default_image_id":0,"font":"","enabled":false},"version":2},"jetpack_post_was_ever_published":false},"categories":[15],"tags":[],"class_list":["post-21342","post","type-post","status-publish","format-standard","has-post-thumbnail","category-saude"],"jetpack_publicize_connections":[],"jetpack-related-posts":[],"jetpack_shortlink":"https:\/\/wp.me\/p7Eq1F-5ye","jetpack_sharing_enabled":true,"jetpack_featured_media_url":"https:\/\/i0.wp.com\/guialimeira.com.br\/news\/wp-content\/uploads\/2025\/01\/ffraz_abr_10061916730.jpg?fit=1600%2C800&ssl=1","_links":{"self":[{"href":"https:\/\/guialimeira.com.br\/news\/wp-json\/wp\/v2\/posts\/21342","targetHints":{"allow":["GET"]}}],"collection":[{"href":"https:\/\/guialimeira.com.br\/news\/wp-json\/wp\/v2\/posts"}],"about":[{"href":"https:\/\/guialimeira.com.br\/news\/wp-json\/wp\/v2\/types\/post"}],"author":[{"embeddable":true,"href":"https:\/\/guialimeira.com.br\/news\/wp-json\/wp\/v2\/users\/1"}],"replies":[{"embeddable":true,"href":"https:\/\/guialimeira.com.br\/news\/wp-json\/wp\/v2\/comments?post=21342"}],"version-history":[{"count":0,"href":"https:\/\/guialimeira.com.br\/news\/wp-json\/wp\/v2\/posts\/21342\/revisions"}],"wp:featuredmedia":[{"embeddable":true,"href":"https:\/\/guialimeira.com.br\/news\/wp-json\/wp\/v2\/media\/21343"}],"wp:attachment":[{"href":"https:\/\/guialimeira.com.br\/news\/wp-json\/wp\/v2\/media?parent=21342"}],"wp:term":[{"taxonomy":"category","embeddable":true,"href":"https:\/\/guialimeira.com.br\/news\/wp-json\/wp\/v2\/categories?post=21342"},{"taxonomy":"post_tag","embeddable":true,"href":"https:\/\/guialimeira.com.br\/news\/wp-json\/wp\/v2\/tags?post=21342"}],"curies":[{"name":"wp","href":"https:\/\/api.w.org\/{rel}","templated":true}]}}