{"id":21327,"date":"2025-01-21T16:59:02","date_gmt":"2025-01-21T19:59:02","guid":{"rendered":"https:\/\/guialimeira.com.br\/2025\/01\/21\/segundo-semestre-de-2024-foi-melhor-para-a-industria-aponta-pesquisa\/"},"modified":"2025-01-21T16:59:02","modified_gmt":"2025-01-21T19:59:02","slug":"segundo-semestre-de-2024-foi-melhor-para-a-industria-aponta-pesquisa","status":"publish","type":"post","link":"https:\/\/guialimeira.com.br\/news\/segundo-semestre-de-2024-foi-melhor-para-a-industria-aponta-pesquisa\/","title":{"rendered":"Segundo semestre de 2024 foi melhor para a ind\u00fastria, aponta pesquisa"},"content":{"rendered":"<p> <br \/>\n<\/p>\n<div>\n<p>Um levantamento feito pela Federa\u00e7\u00e3o das Ind\u00fastrias do Estado de S\u00e3o Paulo (Fiesp) indicou que 45,2% das 290 ind\u00fastrias pesquisadas consideraram que o segundo semestre de 2024 foi melhor em compara\u00e7\u00e3o ao mesmo per\u00edodo do ano anterior. Outras 27,9% afirmaram que a situa\u00e7\u00e3o n\u00e3o mudou e 26,9% apontaram uma piora.<img data-recalc-dims=\"1\" decoding=\"async\" src=\"https:\/\/i0.wp.com\/agenciabrasil.ebc.com.br\/ebc.png?w=696&#038;ssl=1\" style=\"width:1px; height:1px; display:inline;\"\/><img data-recalc-dims=\"1\" decoding=\"async\" src=\"https:\/\/i0.wp.com\/agenciabrasil.ebc.com.br\/ebc.gif?w=696&#038;ssl=1\" style=\"width:1px; height:1px; display:inline;\"\/><\/p>\n<p>Segundo os dados, o volume de produ\u00e7\u00e3o no segundo semestre foi considerado melhor por 44,1% das empresas. Para 28,1% foi igual e para 27,8%, pior. Para 44,2% as vendas no mercado interno tiveram eleva\u00e7\u00e3o, enquanto para 26,4% ca\u00edram e para 29,5% foram iguais. Para 53,7% as exporta\u00e7\u00f5es se mantiveram no mesmo patamar. As vendas no mercado externo melhoraram para 24,8% e pioraram para 21,5%.<\/p>\n<p>A pesquisa \u201cRumos da Ind\u00fastria Paulista\u201d, mostra ainda que para o primeiro semestre de 2025, as ind\u00fastrias paulistas esperam estabilidade em rela\u00e7\u00e3o ao volume de produ\u00e7\u00e3o (45,3%), \u00e0s vendas ao mercado interno (44,1%) e \u00e0s exporta\u00e7\u00f5es (53,7%). Quando questionadas se pretendem contratar em 2025, 65,2% dizem que n\u00e3o e 34,8% que sim.<\/p>\n<p>A pesquisa foi realizada entre 02 e 18 de dezembro de 2024 e envolveu 290 ind\u00fastrias de transforma\u00e7\u00e3o de todos os portes, situadas no estado de S\u00e3o Paulo.<\/p>\n<p>      <!-- Relacionada --><\/p>\n<p>            <!-- Relacionada -->\n    <\/div>\n<p><br \/>\n<br \/><a href=\"https:\/\/agenciabrasil.ebc.com.br\/economia\/noticia\/2025-01\/segundo-semestre-de-2024-foi-melhor-para-industria-aponta-pesquisa\" rel=\"noopener\">Ag\u00eancia Brasil<\/a><\/p>\n","protected":false},"excerpt":{"rendered":"<p>Um levantamento feito pela Federa\u00e7\u00e3o das Ind\u00fastrias do Estado de S\u00e3o Paulo (Fiesp) indicou que 45,2% das 290 ind\u00fastrias pesquisadas consideraram que o segundo semestre de 2024 foi melhor em compara\u00e7\u00e3o ao mesmo per\u00edodo do ano anterior. Outras 27,9% afirmaram que a situa\u00e7\u00e3o n\u00e3o mudou e 26,9% apontaram uma piora. Segundo os dados, o volume [&hellip;]<\/p>\n","protected":false},"author":1,"featured_media":14697,"comment_status":"open","ping_status":"open","sticky":false,"template":"","format":"standard","meta":{"_jetpack_newsletter_access":"","_jetpack_dont_email_post_to_subs":false,"_jetpack_newsletter_tier_id":0,"_jetpack_memberships_contains_paywalled_content":false,"_mbp_banners":[],"_jetpack_feature_clip_id":0,"_jetpack_memberships_contains_paid_content":false,"footnotes":"","jetpack_publicize_message":"","jetpack_publicize_feature_enabled":true,"jetpack_social_post_already_shared":true,"jetpack_social_options":{"image_generator_settings":{"template":"highway","default_image_id":0,"font":"","enabled":false},"version":2},"jetpack_post_was_ever_published":false},"categories":[24],"tags":[],"class_list":["post-21327","post","type-post","status-publish","format-standard","has-post-thumbnail","category-economia"],"jetpack_publicize_connections":[],"jetpack-related-posts":[],"jetpack_shortlink":"https:\/\/wp.me\/p7Eq1F-5xZ","jetpack_sharing_enabled":true,"jetpack_featured_media_url":"https:\/\/i0.wp.com\/guialimeira.com.br\/news\/wp-content\/uploads\/2024\/09\/industrias_wd2179.jpg?fit=1600%2C800&ssl=1","_links":{"self":[{"href":"https:\/\/guialimeira.com.br\/news\/wp-json\/wp\/v2\/posts\/21327","targetHints":{"allow":["GET"]}}],"collection":[{"href":"https:\/\/guialimeira.com.br\/news\/wp-json\/wp\/v2\/posts"}],"about":[{"href":"https:\/\/guialimeira.com.br\/news\/wp-json\/wp\/v2\/types\/post"}],"author":[{"embeddable":true,"href":"https:\/\/guialimeira.com.br\/news\/wp-json\/wp\/v2\/users\/1"}],"replies":[{"embeddable":true,"href":"https:\/\/guialimeira.com.br\/news\/wp-json\/wp\/v2\/comments?post=21327"}],"version-history":[{"count":0,"href":"https:\/\/guialimeira.com.br\/news\/wp-json\/wp\/v2\/posts\/21327\/revisions"}],"wp:featuredmedia":[{"embeddable":true,"href":"https:\/\/guialimeira.com.br\/news\/wp-json\/wp\/v2\/media\/14697"}],"wp:attachment":[{"href":"https:\/\/guialimeira.com.br\/news\/wp-json\/wp\/v2\/media?parent=21327"}],"wp:term":[{"taxonomy":"category","embeddable":true,"href":"https:\/\/guialimeira.com.br\/news\/wp-json\/wp\/v2\/categories?post=21327"},{"taxonomy":"post_tag","embeddable":true,"href":"https:\/\/guialimeira.com.br\/news\/wp-json\/wp\/v2\/tags?post=21327"}],"curies":[{"name":"wp","href":"https:\/\/api.w.org\/{rel}","templated":true}]}}