{"id":21293,"date":"2025-01-21T10:44:45","date_gmt":"2025-01-21T13:44:45","guid":{"rendered":"https:\/\/guialimeira.com.br\/2025\/01\/21\/grupo-vita-da-igreja-catolica-divulga-relatorio-sobre-abusos-sexuais\/"},"modified":"2025-01-21T10:44:45","modified_gmt":"2025-01-21T13:44:45","slug":"grupo-vita-da-igreja-catolica-divulga-relatorio-sobre-abusos-sexuais","status":"publish","type":"post","link":"https:\/\/guialimeira.com.br\/news\/grupo-vita-da-igreja-catolica-divulga-relatorio-sobre-abusos-sexuais\/","title":{"rendered":"Grupo Vita da Igreja cat\u00f3lica divulga relat\u00f3rio sobre abusos sexuais"},"content":{"rendered":"<p> <br \/>\n<\/p>\n<div>\n<p>No dia em que vai ser divulgado o terceiro relat\u00f3rio do Grupo Vita, criado pela Igreja Cat\u00f3lica para acompanhar as situa\u00e7\u00f5es de abuso sexual no seio da institui\u00e7\u00e3o, a investiga\u00e7\u00e3o de casos semelhantes se arrasta, na It\u00e1lia.<img data-recalc-dims=\"1\" decoding=\"async\" src=\"https:\/\/i0.wp.com\/agenciabrasil.ebc.com.br\/ebc.png?w=696&#038;ssl=1\" style=\"width:1px; height:1px; display:inline;\"\/><img data-recalc-dims=\"1\" decoding=\"async\" src=\"https:\/\/i0.wp.com\/agenciabrasil.ebc.com.br\/ebc.gif?w=696&#038;ssl=1\" style=\"width:1px; height:1px; display:inline;\"\/><\/p>\n<p>S\u00f3 na diocese de Bolzano Brixen foram levantados 67 casos de abuso sexual. Com base em neste n\u00famero, a investiga\u00e7\u00e3o vai se estender at\u00e9 1964, ano em que foi criada a diocese italiana.<\/p>\n<p>O grupo criado pela Igreja Cat\u00f3lica para acompanhar as situa\u00e7\u00f5es de abuso sexual na institui\u00e7\u00e3o apresenta, nesta ter\u00e7a-feira (21), o terceiro relat\u00f3rio de atividades. O Grupo Vita j\u00e1 recebeu 118 den\u00fancias e 61 pedidos de repara\u00e7\u00e3o financeira.<\/p>\n<p>O grupo ainda est\u00e1 recebendo novas den\u00fancias, sendo que os pedidos devem ser apresentados at\u00e9 31 de mar\u00e7o deste ano. Den\u00fancias tamb\u00e9m pode ser feitas \u00e0s comiss\u00f5es diocesanas de Prote\u00e7\u00e3o de Menores e Adultos Vulner\u00e1veis.<\/p>\n<p>Depois de receber as den\u00fancias, \u201cuma comiss\u00e3o de avalia\u00e7\u00e3o determinar\u00e1 os montantes das compensa\u00e7\u00f5es a serem atribu\u00eddas\u201d.<\/p>\n<p>Os bispos preveem que os processos de indeniza\u00e7\u00f5es estejam conclu\u00eddos at\u00e9 ao final de 2025.<\/p>\n<p>      <!-- Relacionada --><\/p>\n<p>            <!-- Relacionada -->\n    <\/div>\n<p><br \/>\n<br \/><a href=\"https:\/\/agenciabrasil.ebc.com.br\/internacional\/noticia\/2025-01\/na-italia-abusos-sexuais-na-igreja-remontam-os-anos-1960\" rel=\"noopener\">Ag\u00eancia Brasil <\/a><\/p>\n","protected":false},"excerpt":{"rendered":"<p>No dia em que vai ser divulgado o terceiro relat\u00f3rio do Grupo Vita, criado pela Igreja Cat\u00f3lica para acompanhar as situa\u00e7\u00f5es de abuso sexual no seio da institui\u00e7\u00e3o, a investiga\u00e7\u00e3o de casos semelhantes se arrasta, na It\u00e1lia. S\u00f3 na diocese de Bolzano Brixen foram levantados 67 casos de abuso sexual. Com base em neste n\u00famero, [&hellip;]<\/p>\n","protected":false},"author":1,"featured_media":21294,"comment_status":"open","ping_status":"open","sticky":false,"template":"","format":"standard","meta":{"_jetpack_newsletter_access":"","_jetpack_dont_email_post_to_subs":false,"_jetpack_newsletter_tier_id":0,"_jetpack_memberships_contains_paywalled_content":false,"_mbp_banners":[],"_jetpack_feature_clip_id":0,"_jetpack_memberships_contains_paid_content":false,"footnotes":"","jetpack_publicize_message":"","jetpack_publicize_feature_enabled":true,"jetpack_social_post_already_shared":true,"jetpack_social_options":{"image_generator_settings":{"template":"highway","default_image_id":0,"font":"","enabled":false},"version":2},"jetpack_post_was_ever_published":false},"categories":[25],"tags":[],"class_list":["post-21293","post","type-post","status-publish","format-standard","has-post-thumbnail","category-internacional"],"jetpack_publicize_connections":[],"jetpack-related-posts":[],"jetpack_shortlink":"https:\/\/wp.me\/p7Eq1F-5xr","jetpack_sharing_enabled":true,"jetpack_featured_media_url":"https:\/\/i0.wp.com\/guialimeira.com.br\/news\/wp-content\/uploads\/2025\/01\/2023-02-13t123804z_1_lynxmpej1c0jj_rtroptp_4_religiao-portugal-abuso.jpg?fit=1600%2C800&ssl=1","_links":{"self":[{"href":"https:\/\/guialimeira.com.br\/news\/wp-json\/wp\/v2\/posts\/21293","targetHints":{"allow":["GET"]}}],"collection":[{"href":"https:\/\/guialimeira.com.br\/news\/wp-json\/wp\/v2\/posts"}],"about":[{"href":"https:\/\/guialimeira.com.br\/news\/wp-json\/wp\/v2\/types\/post"}],"author":[{"embeddable":true,"href":"https:\/\/guialimeira.com.br\/news\/wp-json\/wp\/v2\/users\/1"}],"replies":[{"embeddable":true,"href":"https:\/\/guialimeira.com.br\/news\/wp-json\/wp\/v2\/comments?post=21293"}],"version-history":[{"count":0,"href":"https:\/\/guialimeira.com.br\/news\/wp-json\/wp\/v2\/posts\/21293\/revisions"}],"wp:featuredmedia":[{"embeddable":true,"href":"https:\/\/guialimeira.com.br\/news\/wp-json\/wp\/v2\/media\/21294"}],"wp:attachment":[{"href":"https:\/\/guialimeira.com.br\/news\/wp-json\/wp\/v2\/media?parent=21293"}],"wp:term":[{"taxonomy":"category","embeddable":true,"href":"https:\/\/guialimeira.com.br\/news\/wp-json\/wp\/v2\/categories?post=21293"},{"taxonomy":"post_tag","embeddable":true,"href":"https:\/\/guialimeira.com.br\/news\/wp-json\/wp\/v2\/tags?post=21293"}],"curies":[{"name":"wp","href":"https:\/\/api.w.org\/{rel}","templated":true}]}}