{"id":21283,"date":"2025-01-21T09:43:51","date_gmt":"2025-01-21T12:43:51","guid":{"rendered":"https:\/\/guialimeira.com.br\/2025\/01\/21\/trump-pode-diminuir-influencia-dos-eua-no-mundo-avaliam-especialistas\/"},"modified":"2025-01-21T09:43:51","modified_gmt":"2025-01-21T12:43:51","slug":"trump-pode-diminuir-influencia-dos-eua-no-mundo-avaliam-especialistas","status":"publish","type":"post","link":"https:\/\/guialimeira.com.br\/news\/trump-pode-diminuir-influencia-dos-eua-no-mundo-avaliam-especialistas\/","title":{"rendered":"Trump pode diminuir influ\u00eancia dos EUA no mundo, avaliam especialistas"},"content":{"rendered":"<p> <br \/>\n<\/p>\n<div>\n<p>O presidente dos Estados Unidos, Donald Trump, encerrou seu discurso de posse no Capit\u00f3lio, em Washington, nesta segunda-feira (20) afirmando que o futuro pertence aos norte-americanos e que uma \u201cera de ouro acaba de come\u00e7ar.\u201d<img data-recalc-dims=\"1\" decoding=\"async\" src=\"https:\/\/i0.wp.com\/agenciabrasil.ebc.com.br\/ebc.png?w=696&#038;ssl=1\" style=\"width:1px; height:1px; display:inline;\"\/><img data-recalc-dims=\"1\" decoding=\"async\" src=\"https:\/\/i0.wp.com\/agenciabrasil.ebc.com.br\/ebc.gif?w=696&#038;ssl=1\" style=\"width:1px; height:1px; display:inline;\"\/><\/p>\n<p>Antes disso, ele disse que \u201ca Am\u00e9rica, mais uma vez, vai tomar o lugar de a na\u00e7\u00e3o mais respeitada e poderosa da Terra.\u201d Confiante, tamb\u00e9m garantiu que \u201cnos Estados Unidos, o imposs\u00edvel \u00e9 o que fazemos de melhor.\u201d<\/p>\n<p>Para o cientista pol\u00edtico e s\u00f3cio da Consultoria Tend\u00eancias Rafael Cortez, a fala do novo presidente pode ser classificada como o velho \u201cestilo verborr\u00e1gico, sempre muito exagerado sobre os seus feitos e sobre o que ele significa na hist\u00f3ria americana.\u201d<\/p>\n<blockquote>\n<p>\u201cO imagin\u00e1rio de lideran\u00e7a que o Trump personifica \u00e9 um imagin\u00e1rio de vencedor. Ele precisa ser percebido como um l\u00edder que vence as disputas\u201d, avalia Cortez.<\/p>\n<\/blockquote>\n<p>A empolga\u00e7\u00e3o da fala de Donald Trump, no entanto, contrasta com an\u00e1lises que percebem a diminui\u00e7\u00e3o da import\u00e2ncia econ\u00f4mica, cultural e militar dos norte-americanos nos \u00faltimos anos.<\/p>\n<p>Para esses analistas, \u201cos Estados Unidos n\u00e3o conseguem mais sozinhos resolver o problema do Oriente M\u00e9dio, por isso que eles querem sair. N\u00e3o est\u00e3o mais na estrat\u00e9gia de derrubar regimes diretamente, porque isso se mostrou fracassado. Por isso que o Trump vai tentar um plano B para sa\u00edda na Ucr\u00e2nia\u201d, descreve Cortez.<\/p>\n<h2>Fim da lideran\u00e7a<\/h2>\n<p>Nesse sentido, a verborragia de Trump poder\u00e1 causar frustra\u00e7\u00f5es. Para o professor Antonio Jorge Rocha, do Instituto de Rela\u00e7\u00f5es Internacionais da Universidade de Bras\u00edlia (UnB), as promessas de apogeu de Trump n\u00e3o ser\u00e3o cumpridas.<\/p>\n<p>Ao contr\u00e1rio, haver\u00e1 uma \u201cacelera\u00e7\u00e3o do fim da lideran\u00e7a americana\u201d. Na vis\u00e3o do acad\u00eamico, \u201cos Estados Unidos sair\u00e3o desses quatro anos menos poderosos do que est\u00e3o hoje.\u201d<\/p>\n<p>\u201cEle tem um pensamento do s\u00e9culo 19\u201d, acrescenta Rocha se referindo \u00e0 pol\u00edtica de impor mais tarifas a mercadorias e bens importados.<\/p>\n<blockquote>\n<p>\u201cAs tarifas incidem sobre produtos, que hoje n\u00e3o s\u00e3o a parte mais valiosa das transa\u00e7\u00f5es internacionais. H\u00e1 muito mais dinheiro sendo transacionado em servi\u00e7os, principalmente em finan\u00e7as. Ent\u00e3o o impacto de tarifas sobre essa rela\u00e7\u00e3o \u00e9 menor do que foi no passado.\u201d<\/p>\n<\/blockquote>\n<p>O professor ainda assinala que \u201co mundo n\u00e3o \u00e9 mais o do mercantilismo, a economia n\u00e3o \u00e9 mais a industrial. N\u00f3s estamos falando da economia da informa\u00e7\u00e3o, onde servi\u00e7os prevalecem. Como \u00e9 que essa vis\u00e3o de mundo anacr\u00f4nica vai produzir resultados nesse novo mundo \u00e9 o grande mist\u00e9rio.\u201d<\/p>\n<p>Outro sinal de anacronismo no discurso de Trump estaria na inten\u00e7\u00e3o de \u201cacabar com a ideia mandat\u00f3ria dos carros el\u00e9tricos\u201d &#8211; tecnologia mais sustent\u00e1vel do que o combust\u00edvel f\u00f3ssil e dominada pela China \u2013 e na promessa de perfurar po\u00e7os de petr\u00f3leo, dentro e fora dos EUA, para \u201ca maior quantidade de petr\u00f3leo e g\u00e1s do que qualquer pa\u00eds na Terra.\u201d<\/p>\n<p>De acordo com Rafael Cortez, o est\u00edmulo \u00e0 ind\u00fastria petroleira, com desregulamenta\u00e7\u00e3o ambiental, \u00e9 aumentar a produ\u00e7\u00e3o de energia que pressiona a infla\u00e7\u00e3o.<\/p>\n<blockquote>\n<p>\u201cMe parece que o que o Trump quer fazer \u00e9 buscar reduzir o componente da energia dentro da infla\u00e7\u00e3o para, de alguma maneira, compensar os efeitos poss\u00edveis inflacion\u00e1rios do protecionismo comercial.\u201d<\/p>\n<\/blockquote>\n<p>Na opini\u00e3o de Antonio Jorge Rocha, a demanda por mais combust\u00edvel poder\u00e1 ter um aspecto positivo. \u201cTalvez favore\u00e7a, por exemplo, a redu\u00e7\u00e3o das tens\u00f5es aqui com a Venezuela. [A multinacional] Chevron [de capital norte-americano] j\u00e1 est\u00e1 de corpo e alma na Guiana e j\u00e1 na Venezuela tamb\u00e9m. Eu aposto que vai prevalecer o interesse econ\u00f4mico nesse caso.\u201d<\/p>\n<p>Rafael Cortez acrescenta que al\u00e9m da atua\u00e7\u00e3o americana na Venezuela, o Brasil poder\u00e1 ser impacto com a pol\u00edtica de deporta\u00e7\u00f5es de imigrantes brasileiros que estejam irregulares e tamb\u00e9m com aumento de juros nos Estados Unidos para conter a infla\u00e7\u00e3o, o que pode resultar no crescimento das taxas de juros cobradas nos pa\u00edses emergentes como o Brasil e consequentemente pressionar o c\u00e2mbio.<\/p>\n<p>\u00a0<\/p>\n<p>      <!-- Relacionada --><\/p>\n<p>            <!-- Relacionada -->\n    <\/div>\n<p><br \/>\n<br \/><a href=\"https:\/\/agenciabrasil.ebc.com.br\/internacional\/noticia\/2025-01\/trump-pode-diminuir-influencia-dos-eua-no-mundo-avaliam-especialistas\" rel=\"noopener\">Ag\u00eancia Brasil <\/a><\/p>\n","protected":false},"excerpt":{"rendered":"<p>O presidente dos Estados Unidos, Donald Trump, encerrou seu discurso de posse no Capit\u00f3lio, em Washington, nesta segunda-feira (20) afirmando que o futuro pertence aos norte-americanos e que uma \u201cera de ouro acaba de come\u00e7ar.\u201d Antes disso, ele disse que \u201ca Am\u00e9rica, mais uma vez, vai tomar o lugar de a na\u00e7\u00e3o mais respeitada e [&hellip;]<\/p>\n","protected":false},"author":1,"featured_media":21284,"comment_status":"open","ping_status":"open","sticky":false,"template":"","format":"standard","meta":{"_jetpack_newsletter_access":"","_jetpack_dont_email_post_to_subs":false,"_jetpack_newsletter_tier_id":0,"_jetpack_memberships_contains_paywalled_content":false,"_mbp_banners":[],"_jetpack_feature_clip_id":0,"_jetpack_memberships_contains_paid_content":false,"footnotes":"","jetpack_publicize_message":"","jetpack_publicize_feature_enabled":true,"jetpack_social_post_already_shared":true,"jetpack_social_options":{"image_generator_settings":{"template":"highway","default_image_id":0,"font":"","enabled":false},"version":2},"jetpack_post_was_ever_published":false},"categories":[25],"tags":[],"class_list":["post-21283","post","type-post","status-publish","format-standard","has-post-thumbnail","category-internacional"],"jetpack_publicize_connections":[],"jetpack-related-posts":[],"jetpack_shortlink":"https:\/\/wp.me\/p7Eq1F-5xh","jetpack_sharing_enabled":true,"jetpack_featured_media_url":"https:\/\/i0.wp.com\/guialimeira.com.br\/news\/wp-content\/uploads\/2025\/01\/2025-01-20t172208z_1593577357_rc2tdcarzldh_rtrmadp_3_usa-trump-inauguration.jpg?fit=1600%2C800&ssl=1","_links":{"self":[{"href":"https:\/\/guialimeira.com.br\/news\/wp-json\/wp\/v2\/posts\/21283","targetHints":{"allow":["GET"]}}],"collection":[{"href":"https:\/\/guialimeira.com.br\/news\/wp-json\/wp\/v2\/posts"}],"about":[{"href":"https:\/\/guialimeira.com.br\/news\/wp-json\/wp\/v2\/types\/post"}],"author":[{"embeddable":true,"href":"https:\/\/guialimeira.com.br\/news\/wp-json\/wp\/v2\/users\/1"}],"replies":[{"embeddable":true,"href":"https:\/\/guialimeira.com.br\/news\/wp-json\/wp\/v2\/comments?post=21283"}],"version-history":[{"count":0,"href":"https:\/\/guialimeira.com.br\/news\/wp-json\/wp\/v2\/posts\/21283\/revisions"}],"wp:featuredmedia":[{"embeddable":true,"href":"https:\/\/guialimeira.com.br\/news\/wp-json\/wp\/v2\/media\/21284"}],"wp:attachment":[{"href":"https:\/\/guialimeira.com.br\/news\/wp-json\/wp\/v2\/media?parent=21283"}],"wp:term":[{"taxonomy":"category","embeddable":true,"href":"https:\/\/guialimeira.com.br\/news\/wp-json\/wp\/v2\/categories?post=21283"},{"taxonomy":"post_tag","embeddable":true,"href":"https:\/\/guialimeira.com.br\/news\/wp-json\/wp\/v2\/tags?post=21283"}],"curies":[{"name":"wp","href":"https:\/\/api.w.org\/{rel}","templated":true}]}}