{"id":2125,"date":"2024-04-20T00:45:22","date_gmt":"2024-04-20T03:45:22","guid":{"rendered":"https:\/\/guialimeira.com.br\/2024\/04\/20\/avenida-euclides-de-figueiredo-em-santa-teresinha-comeca-a-receber-os-servicos-portal-do-municipio-de-piracicaba\/"},"modified":"2024-04-20T00:45:22","modified_gmt":"2024-04-20T03:45:22","slug":"avenida-euclides-de-figueiredo-em-santa-teresinha-comeca-a-receber-os-servicos-portal-do-municipio-de-piracicaba","status":"publish","type":"post","link":"https:\/\/guialimeira.com.br\/news\/avenida-euclides-de-figueiredo-em-santa-teresinha-comeca-a-receber-os-servicos-portal-do-municipio-de-piracicaba\/","title":{"rendered":"avenida Euclides de Figueiredo, em Santa Teresinha, come\u00e7a a receber os servi\u00e7os \u2013 Portal do Munic\u00edpio de Piracicaba"},"content":{"rendered":"<p> <br \/>\n<\/p>\n<div itemprop=\"articleBody\">\n<div class=\"m-auto col-lg-8\">\n<figure class=\"wp-block-image size-large\"><img data-recalc-dims=\"1\" fetchpriority=\"high\" decoding=\"async\" width=\"696\" height=\"464\" src=\"https:\/\/i0.wp.com\/piracicaba.sp.gov.br\/wp-content\/uploads\/2024\/04\/avenida-Euclides-de-Figueiredo-em-Santa-Teresinha-comeca-a-receber-os-servicos-de-recape-1024x682.jpg?resize=696%2C464&#038;ssl=1\" alt=\"\" class=\"wp-image-77421\" srcset=\"https:\/\/piracicaba.sp.gov.br\/wp-content\/uploads\/2024\/04\/avenida-Euclides-de-Figueiredo-em-Santa-Teresinha-comeca-a-receber-os-servicos-de-recape-1024x682.jpg 1024w, https:\/\/piracicaba.sp.gov.br\/wp-content\/uploads\/2024\/04\/avenida-Euclides-de-Figueiredo-em-Santa-Teresinha-comeca-a-receber-os-servicos-de-recape-300x200.jpg 300w, https:\/\/piracicaba.sp.gov.br\/wp-content\/uploads\/2024\/04\/avenida-Euclides-de-Figueiredo-em-Santa-Teresinha-comeca-a-receber-os-servicos-de-recape-768x512.jpg 768w, https:\/\/piracicaba.sp.gov.br\/wp-content\/uploads\/2024\/04\/avenida-Euclides-de-Figueiredo-em-Santa-Teresinha-comeca-a-receber-os-servicos-de-recape-1536x1024.jpg 1536w, https:\/\/piracicaba.sp.gov.br\/wp-content\/uploads\/2024\/04\/avenida-Euclides-de-Figueiredo-em-Santa-Teresinha-comeca-a-receber-os-servicos-de-recape.jpg 2000w\" sizes=\"(max-width: 1024px) 100vw, 1024px\"\/><figcaption class=\"wp-element-caption\"><strong><em><sub>Avenida Euclides de Figueiredo, em Santa Teresinha, come\u00e7a a receber os servi\u00e7os de recape<\/sub><\/em><\/strong><\/figcaption><\/figure>\n<p>Seguindo com as obras de recapeamento asf\u00e1ltico na cidade, a Prefeitura de Piracicaba, por meio da Secretaria de Obras e Zeladoria (Semozel), iniciou os servi\u00e7os na avenida Euclides de Figueiredo, em Santa Teresinha. No momento, as equipes atuam com tratamento de pavimento da via, o que pode ocasionar em pequenas interdi\u00e7\u00f5es em uma das faixas da avenida.<\/p>\n<p>O recape ser\u00e1 feito no trecho da avenida Roma at\u00e9 a rua Ipe\u00fana, mas, para n\u00e3o prejudicar o fluxo de ve\u00edculos, a obra ser\u00e1 executada por etapas.<\/p>\n<figure class=\"wp-block-image size-large\"><img data-recalc-dims=\"1\" loading=\"lazy\" decoding=\"async\" width=\"696\" height=\"464\" src=\"https:\/\/i0.wp.com\/piracicaba.sp.gov.br\/wp-content\/uploads\/2024\/04\/No-momento-as-equipes-atuam-com-tratamento-de-pavimento-ao-longo-da-via-1024x682.jpg?resize=696%2C464&#038;ssl=1\" alt=\"\" class=\"wp-image-77422\" srcset=\"https:\/\/piracicaba.sp.gov.br\/wp-content\/uploads\/2024\/04\/No-momento-as-equipes-atuam-com-tratamento-de-pavimento-ao-longo-da-via-1024x682.jpg 1024w, https:\/\/piracicaba.sp.gov.br\/wp-content\/uploads\/2024\/04\/No-momento-as-equipes-atuam-com-tratamento-de-pavimento-ao-longo-da-via-300x200.jpg 300w, https:\/\/piracicaba.sp.gov.br\/wp-content\/uploads\/2024\/04\/No-momento-as-equipes-atuam-com-tratamento-de-pavimento-ao-longo-da-via-768x512.jpg 768w, https:\/\/piracicaba.sp.gov.br\/wp-content\/uploads\/2024\/04\/No-momento-as-equipes-atuam-com-tratamento-de-pavimento-ao-longo-da-via-1536x1024.jpg 1536w, https:\/\/piracicaba.sp.gov.br\/wp-content\/uploads\/2024\/04\/No-momento-as-equipes-atuam-com-tratamento-de-pavimento-ao-longo-da-via.jpg 2000w\" sizes=\"auto, (max-width: 1024px) 100vw, 1024px\"\/><figcaption class=\"wp-element-caption\"><strong><em><sub>No momento, as equipes atuam com tratamento de pavimento ao longo da via<\/sub><\/em><\/strong><\/figcaption><\/figure>\n<p>Os servi\u00e7os consistem, al\u00e9m do tratamento de pavimento (retirada de borrachudos), na aplica\u00e7\u00e3o de nova massa asf\u00e1ltica e integram o segundo lote de um total de quatro, do pacote de recape que vai beneficiar 258 km de vias do munic\u00edpio.<\/p>\n<p><strong>MAIS \u2013\u00a0<\/strong>Ainda em Santa Teresinha, outra equipe executa servi\u00e7os de prepara\u00e7\u00e3o do solo e adequa\u00e7\u00f5es no sistema de drenagem, para posterior recapeamento asf\u00e1ltico, na rua Virgilio da Silva Fagundes. O trecho que est\u00e1 sendo atendido fica entre as ruas Antonio da Silva Leite e Luis Cl\u00e1udio.<\/p>\n<\/div>\n<\/div>\n<p><br \/>\n<br \/><a href=\"https:\/\/piracicaba.sp.gov.br\/noticias\/recape-avenida-euclides-de-figueiredo-em-santa-teresinha-comeca-a-receber-os-servicos\/\" rel=\"noopener\">Informa\u00e7\u00f5es PMP <\/a><\/p>\n","protected":false},"excerpt":{"rendered":"<p>Avenida Euclides de Figueiredo, em Santa Teresinha, come\u00e7a a receber os servi\u00e7os de recape Seguindo com as obras de recapeamento asf\u00e1ltico na cidade, a Prefeitura de Piracicaba, por meio da Secretaria de Obras e Zeladoria (Semozel), iniciou os servi\u00e7os na avenida Euclides de Figueiredo, em Santa Teresinha. No momento, as equipes atuam com tratamento de [&hellip;]<\/p>\n","protected":false},"author":1,"featured_media":2126,"comment_status":"open","ping_status":"open","sticky":false,"template":"","format":"standard","meta":{"_jetpack_newsletter_access":"","_jetpack_dont_email_post_to_subs":false,"_jetpack_newsletter_tier_id":0,"_jetpack_memberships_contains_paywalled_content":false,"_mbp_banners":[],"_jetpack_feature_clip_id":0,"_jetpack_memberships_contains_paid_content":false,"footnotes":"","jetpack_publicize_message":"","jetpack_publicize_feature_enabled":true,"jetpack_social_post_already_shared":true,"jetpack_social_options":{"image_generator_settings":{"template":"highway","default_image_id":0,"font":"","enabled":false},"version":2},"jetpack_post_was_ever_published":false},"categories":[20],"tags":[],"class_list":["post-2125","post","type-post","status-publish","format-standard","has-post-thumbnail","category-regiao"],"jetpack_publicize_connections":[],"jetpack-related-posts":[],"jetpack_shortlink":"https:\/\/wp.me\/p7Eq1F-yh","jetpack_sharing_enabled":true,"jetpack_featured_media_url":"https:\/\/i0.wp.com\/guialimeira.com.br\/news\/wp-content\/uploads\/2024\/04\/avenida-Euclides-de-Figueiredo-em-Santa-Teresinha-comeca-a-receber-os-servicos-de-recape-1024x682.jpg?fit=1024%2C682&ssl=1","_links":{"self":[{"href":"https:\/\/guialimeira.com.br\/news\/wp-json\/wp\/v2\/posts\/2125","targetHints":{"allow":["GET"]}}],"collection":[{"href":"https:\/\/guialimeira.com.br\/news\/wp-json\/wp\/v2\/posts"}],"about":[{"href":"https:\/\/guialimeira.com.br\/news\/wp-json\/wp\/v2\/types\/post"}],"author":[{"embeddable":true,"href":"https:\/\/guialimeira.com.br\/news\/wp-json\/wp\/v2\/users\/1"}],"replies":[{"embeddable":true,"href":"https:\/\/guialimeira.com.br\/news\/wp-json\/wp\/v2\/comments?post=2125"}],"version-history":[{"count":0,"href":"https:\/\/guialimeira.com.br\/news\/wp-json\/wp\/v2\/posts\/2125\/revisions"}],"wp:featuredmedia":[{"embeddable":true,"href":"https:\/\/guialimeira.com.br\/news\/wp-json\/wp\/v2\/media\/2126"}],"wp:attachment":[{"href":"https:\/\/guialimeira.com.br\/news\/wp-json\/wp\/v2\/media?parent=2125"}],"wp:term":[{"taxonomy":"category","embeddable":true,"href":"https:\/\/guialimeira.com.br\/news\/wp-json\/wp\/v2\/categories?post=2125"},{"taxonomy":"post_tag","embeddable":true,"href":"https:\/\/guialimeira.com.br\/news\/wp-json\/wp\/v2\/tags?post=2125"}],"curies":[{"name":"wp","href":"https:\/\/api.w.org\/{rel}","templated":true}]}}