{"id":21245,"date":"2025-01-20T19:37:25","date_gmt":"2025-01-20T22:37:25","guid":{"rendered":"https:\/\/guialimeira.com.br\/2025\/01\/20\/dolar-cai-para-r-604-em-dia-de-posse-de-trump\/"},"modified":"2025-01-20T19:37:25","modified_gmt":"2025-01-20T22:37:25","slug":"dolar-cai-para-r-604-em-dia-de-posse-de-trump","status":"publish","type":"post","link":"https:\/\/guialimeira.com.br\/news\/dolar-cai-para-r-604-em-dia-de-posse-de-trump\/","title":{"rendered":"D\u00f3lar cai para R$ 6,04 em dia de posse de Trump"},"content":{"rendered":"<p> <br \/>\n<\/p>\n<div>\n<p>No dia da posse do presidente norte-americano, Donald Trump, o d\u00f3lar fechou em queda ap\u00f3s abrir em alta. A bolsa de valores iniciou o dia em baixa, mas subiu e aproximou-se dos 123 mil pontos.<img data-recalc-dims=\"1\" decoding=\"async\" src=\"https:\/\/i0.wp.com\/agenciabrasil.ebc.com.br\/ebc.png?w=696&#038;ssl=1\" style=\"width:1px; height:1px; display:inline;\"\/><img data-recalc-dims=\"1\" decoding=\"async\" src=\"https:\/\/i0.wp.com\/agenciabrasil.ebc.com.br\/ebc.gif?w=696&#038;ssl=1\" style=\"width:1px; height:1px; display:inline;\"\/><\/p>\n<p>O d\u00f3lar comercial encerrou esta segunda-feira (20) vendido a R$ 6,041, com queda de R$ 0,024 (-0,4%). A cota\u00e7\u00e3o iniciou o dia em alta, chegando a R$ 6,09 pouco antes das 10h, mas inverteu o movimento ap\u00f3s a abertura do mercado norte-americano.<\/p>\n<p>Essa foi a primeira queda ap\u00f3s duas altas consecutivas. Em janeiro, a moeda dos Estados Unidos cai 2,25%.<\/p>\n<p>O mercado de a\u00e7\u00f5es teve um dia de oscila\u00e7\u00f5es. O \u00edndice Ibovespa, da B3, fechou aos 122.855 pontos, com alta de 0,41%. O indicador subiu pela segunda sess\u00e3o seguida, impulsionado por a\u00e7\u00f5es de petroleiras e de bancos.<\/p>\n<p>O d\u00f3lar recuou em todo o planeta, sem surpresas no <a href=\"https:\/\/agenciabrasil.ebc.com.br\/internacional\/noticia\/2025-01\/trump-reitera-combate-a-imigracao-ilegal-e-fala-em-era-de-ouro\" target=\"_blank\" rel=\"noopener\">discurso de posse de Trump<\/a>. A falta de detalhamento nas men\u00e7\u00f5es de eleva\u00e7\u00e3o de tarifas comerciais por parte do novo governo norte-americano beneficiou os pa\u00edses emergentes nesta segunda-feira.<\/p>\n<p>No Brasil, a venda de US$ 2 bilh\u00f5es das reservas internacionais pelo Banco Central (BC) com compromisso de recompra tamb\u00e9m contribuiu para a queda da moeda norte-americana. Essa foi a <a href=\"https:\/\/agenciabrasil.ebc.com.br\/economia\/noticia\/2025-01\/banco-central-anuncia-primeira-intervencao-no-cambio-em-2025\" target=\"_blank\" rel=\"noopener\">primeira interven\u00e7\u00e3o do BC no c\u00e2mbio<\/a> desde a posse do presidente do \u00f3rg\u00e3o, Gabriel Gal\u00edpolo.<\/p>\n<p>Para esta ter\u00e7a-feira (21), o BC n\u00e3o anunciou interven\u00e7\u00e3o no c\u00e2mbio. Em dezembro, a autoridade monet\u00e1ria tinha vendido US$ 32,59 bilh\u00f5es, em meio a uma forte desvaloriza\u00e7\u00e3o do real.<\/p>\n<p><em>*Com informa\u00e7\u00f5es da Reuters<\/em><\/p>\n<p>      <!-- Relacionada --><\/p>\n<p>            <!-- Relacionada -->\n    <\/div>\n<p><br \/>\n<br \/><a href=\"https:\/\/agenciabrasil.ebc.com.br\/economia\/noticia\/2025-01\/dolar-cai-para-r-604-em-dia-de-posse-de-trump\" rel=\"noopener\">Ag\u00eancia Brasil<\/a><\/p>\n","protected":false},"excerpt":{"rendered":"<p>No dia da posse do presidente norte-americano, Donald Trump, o d\u00f3lar fechou em queda ap\u00f3s abrir em alta. A bolsa de valores iniciou o dia em baixa, mas subiu e aproximou-se dos 123 mil pontos. O d\u00f3lar comercial encerrou esta segunda-feira (20) vendido a R$ 6,041, com queda de R$ 0,024 (-0,4%). A cota\u00e7\u00e3o iniciou [&hellip;]<\/p>\n","protected":false},"author":1,"featured_media":2073,"comment_status":"open","ping_status":"open","sticky":false,"template":"","format":"standard","meta":{"_jetpack_newsletter_access":"","_jetpack_dont_email_post_to_subs":false,"_jetpack_newsletter_tier_id":0,"_jetpack_memberships_contains_paywalled_content":false,"_mbp_banners":[],"_jetpack_feature_clip_id":0,"_jetpack_memberships_contains_paid_content":false,"footnotes":"","jetpack_publicize_message":"","jetpack_publicize_feature_enabled":true,"jetpack_social_post_already_shared":true,"jetpack_social_options":{"image_generator_settings":{"template":"highway","default_image_id":0,"font":"","enabled":false},"version":2},"jetpack_post_was_ever_published":false},"categories":[24],"tags":[],"class_list":["post-21245","post","type-post","status-publish","format-standard","has-post-thumbnail","category-economia"],"jetpack_publicize_connections":[],"jetpack-related-posts":[],"jetpack_shortlink":"https:\/\/wp.me\/p7Eq1F-5wF","jetpack_sharing_enabled":true,"jetpack_featured_media_url":"https:\/\/i0.wp.com\/guialimeira.com.br\/news\/wp-content\/uploads\/2024\/04\/dolar_moeda_0803221210.jpg?fit=1600%2C800&ssl=1","_links":{"self":[{"href":"https:\/\/guialimeira.com.br\/news\/wp-json\/wp\/v2\/posts\/21245","targetHints":{"allow":["GET"]}}],"collection":[{"href":"https:\/\/guialimeira.com.br\/news\/wp-json\/wp\/v2\/posts"}],"about":[{"href":"https:\/\/guialimeira.com.br\/news\/wp-json\/wp\/v2\/types\/post"}],"author":[{"embeddable":true,"href":"https:\/\/guialimeira.com.br\/news\/wp-json\/wp\/v2\/users\/1"}],"replies":[{"embeddable":true,"href":"https:\/\/guialimeira.com.br\/news\/wp-json\/wp\/v2\/comments?post=21245"}],"version-history":[{"count":0,"href":"https:\/\/guialimeira.com.br\/news\/wp-json\/wp\/v2\/posts\/21245\/revisions"}],"wp:featuredmedia":[{"embeddable":true,"href":"https:\/\/guialimeira.com.br\/news\/wp-json\/wp\/v2\/media\/2073"}],"wp:attachment":[{"href":"https:\/\/guialimeira.com.br\/news\/wp-json\/wp\/v2\/media?parent=21245"}],"wp:term":[{"taxonomy":"category","embeddable":true,"href":"https:\/\/guialimeira.com.br\/news\/wp-json\/wp\/v2\/categories?post=21245"},{"taxonomy":"post_tag","embeddable":true,"href":"https:\/\/guialimeira.com.br\/news\/wp-json\/wp\/v2\/tags?post=21245"}],"curies":[{"name":"wp","href":"https:\/\/api.w.org\/{rel}","templated":true}]}}