{"id":21200,"date":"2025-01-20T12:29:34","date_gmt":"2025-01-20T15:29:34","guid":{"rendered":"https:\/\/guialimeira.com.br\/2025\/01\/20\/mercado-financeiro-projeta-inflacao-de-508-este-ano\/"},"modified":"2025-01-20T12:29:34","modified_gmt":"2025-01-20T15:29:34","slug":"mercado-financeiro-projeta-inflacao-de-508-este-ano","status":"publish","type":"post","link":"https:\/\/guialimeira.com.br\/news\/mercado-financeiro-projeta-inflacao-de-508-este-ano\/","title":{"rendered":"Mercado financeiro projeta infla\u00e7\u00e3o de 5,08% este ano"},"content":{"rendered":"<p> <br \/>\n<\/p>\n<div>\n<p>O mercado financeiro aumentou a proje\u00e7\u00e3o da infla\u00e7\u00e3o e do crescimento da economia para este ano. \u00a0Segundo o Boletim\u00a0Focus, divulgado nesta segunda-feira (20) pelo Banco Central, a infla\u00e7\u00e3o, medida pelo \u00cdndice Nacional de Pre\u00e7os ao Consumidor Amplo (IPCA), em 5,08%, ante os 5% da semana passada. J\u00e1 o Produto Interno Bruto (PIB) &#8211; a soma dos bens e servi\u00e7os produzidos no pa\u00eds, deve fechar 2025 em 2,04%, ante os 2.02 da semana anterior.<img data-recalc-dims=\"1\" decoding=\"async\" src=\"https:\/\/i0.wp.com\/agenciabrasil.ebc.com.br\/ebc.png?w=696&#038;ssl=1\" style=\"width:1px; height:1px; display:inline;\"\/><img data-recalc-dims=\"1\" decoding=\"async\" src=\"https:\/\/i0.wp.com\/agenciabrasil.ebc.com.br\/ebc.gif?w=696&#038;ssl=1\" style=\"width:1px; height:1px; display:inline;\"\/><\/p>\n<p>A pesquisa\u00a0Focus\u00a0\u00e9 realizada com economistas do mercado financeiro e divulgada semanalmente pelo BC. Para 2026, o boletim mostra uma proje\u00e7\u00e3o de crescimento do PIB de 1,77%. J\u00e1 para 2027 e 2028, a\u00a0proje\u00e7\u00e3o de expans\u00e3o da economia \u00e9 de 2%, para os dois anos.<\/p>\n<p>Em rela\u00e7\u00e3o \u00e0 infla\u00e7\u00e3o, o boletim projeta \u00edndice de 4,10% para 2026, ante os 4,05, da semana passada. Para 2027, o mercado financeiro tem a proje\u00e7\u00e3o de IPCA de 3,9% e, de 3,58% em 2028.<\/p>\n<p>No ano passado, o IPCA, que leva em conta a varia\u00e7\u00e3o do custo de vida de fam\u00edlias com rendimento de at\u00e9 40 sal\u00e1rios m\u00ednimos, fechou o ano passado em 4,83%, acima do teto da meta, que era de 4,5%.<\/p>\n<h2>Taxa de juros<\/h2>\n<p>Em rela\u00e7\u00e3o \u00e0 taxa b\u00e1sica de juros, a Selic, o\u00a0Focus\u00a0manteve a proje\u00e7\u00e3o da semana passada de 15%, para 2025. H\u00e1 quatro semanas a proje\u00e7\u00e3o era de 14,75%. Para 2026, a proje\u00e7\u00e3o do mercado financeiro \u00e9 que a Selic fique em 12,25%, uma ligeira alta em rela\u00e7\u00e3o aos 12% projetados na semana passada. Para 2027 e 2028, as proje\u00e7\u00f5es s\u00e3o de que a taxa fique em 10,25% e 10%, respectivamente.<\/p>\n<p>Para alcan\u00e7ar a meta de infla\u00e7\u00e3o, o Banco Central usa como principal instrumento a <a href=\"https:\/\/agenciabrasil.ebc.com.br\/economia\/noticia\/2024-12\/copom-eleva-juros-basicos-da-economia-para-1225-ao-ano\" target=\"_blank\" rel=\"noopener\">taxa b\u00e1sica de juros<\/a>, a Selic, definida em 12,25% ao ano pelo Comit\u00ea de Pol\u00edtica Monet\u00e1ria (Copom).<\/p>\n<p>No final do ano passado, o colegiado aumentou a Selic em 1 ponto percentual (p.p), com a justificativa de a rea\u00e7\u00e3o do mercado financeiro ao pacote fiscal do governo federal tornou o cen\u00e1rio inflacion\u00e1rio mais adverso, demandando uma pol\u00edtica &#8220;ainda mais contracionista\u201d.<\/p>\n<p>Ainda de acordo com o Copom, o cen\u00e1rio mais adverso para a converg\u00eancia da infla\u00e7\u00e3o \u00e0 meta para 2025, de 3%, com intervalo de toler\u00e2ncia de 1,5% a 4,5% pode demandar <a href=\"https:\/\/agenciabrasil.ebc.com.br\/geral\/noticia\/2024-12\/ata-do-copom-indica-mais-duas-altas-de-1-ponto-percentual-na-selic\" target=\"_blank\" rel=\"noopener\">novos aumentos de 1 ponto percentual<\/a> na Selic nas pr\u00f3ximas duas reuni\u00f5es do comit\u00ea: em janeiro, nos dias 28 e 29, e em mar\u00e7o, nos dias 18 e 19.<\/p>\n<h2>C\u00e2mbio<\/h2>\n<p>Em rela\u00e7\u00e3o ao c\u00e2mbio, a previs\u00e3o de cota\u00e7\u00e3o do d\u00f3lar ficou em R$ 6,00 para 2025. No fim de 2026, a previs\u00e3o \u00e9 que a moeda norte-americana tamb\u00e9m fique em R$ 6,00. Para 2027, o c\u00e2mbio tamb\u00e9m deve ficar, de acordo com o\u00a0Focus, em R$ 5,92 e para 2028, a proje\u00e7\u00e3o \u00e9 R$ 5,99.<\/p>\n<p>\u00a0<\/p>\n<p>      <!-- Relacionada --><\/p>\n<p>            <!-- Relacionada -->\n    <\/div>\n<p><br \/>\n<br \/><a href=\"https:\/\/agenciabrasil.ebc.com.br\/economia\/noticia\/2025-01\/mercado-financeiro-projeta-inflacao-de-508-este-ano\" rel=\"noopener\">Ag\u00eancia Brasil<\/a><\/p>\n","protected":false},"excerpt":{"rendered":"<p>O mercado financeiro aumentou a proje\u00e7\u00e3o da infla\u00e7\u00e3o e do crescimento da economia para este ano. \u00a0Segundo o Boletim\u00a0Focus, divulgado nesta segunda-feira (20) pelo Banco Central, a infla\u00e7\u00e3o, medida pelo \u00cdndice Nacional de Pre\u00e7os ao Consumidor Amplo (IPCA), em 5,08%, ante os 5% da semana passada. J\u00e1 o Produto Interno Bruto (PIB) &#8211; a soma [&hellip;]<\/p>\n","protected":false},"author":1,"featured_media":19338,"comment_status":"open","ping_status":"open","sticky":false,"template":"","format":"standard","meta":{"_jetpack_newsletter_access":"","_jetpack_dont_email_post_to_subs":false,"_jetpack_newsletter_tier_id":0,"_jetpack_memberships_contains_paywalled_content":false,"_mbp_banners":[],"_jetpack_feature_clip_id":0,"_jetpack_memberships_contains_paid_content":false,"footnotes":"","jetpack_publicize_message":"","jetpack_publicize_feature_enabled":true,"jetpack_social_post_already_shared":true,"jetpack_social_options":{"image_generator_settings":{"template":"highway","default_image_id":0,"font":"","enabled":false},"version":2},"jetpack_post_was_ever_published":false},"categories":[24],"tags":[],"class_list":["post-21200","post","type-post","status-publish","format-standard","has-post-thumbnail","category-economia"],"jetpack_publicize_connections":[],"jetpack-related-posts":[],"jetpack_shortlink":"https:\/\/wp.me\/p7Eq1F-5vW","jetpack_sharing_enabled":true,"jetpack_featured_media_url":"https:\/\/i0.wp.com\/guialimeira.com.br\/news\/wp-content\/uploads\/2024\/12\/real_moeda_dinheiro_mcajr_2904223671.jpg?fit=1600%2C800&ssl=1","_links":{"self":[{"href":"https:\/\/guialimeira.com.br\/news\/wp-json\/wp\/v2\/posts\/21200","targetHints":{"allow":["GET"]}}],"collection":[{"href":"https:\/\/guialimeira.com.br\/news\/wp-json\/wp\/v2\/posts"}],"about":[{"href":"https:\/\/guialimeira.com.br\/news\/wp-json\/wp\/v2\/types\/post"}],"author":[{"embeddable":true,"href":"https:\/\/guialimeira.com.br\/news\/wp-json\/wp\/v2\/users\/1"}],"replies":[{"embeddable":true,"href":"https:\/\/guialimeira.com.br\/news\/wp-json\/wp\/v2\/comments?post=21200"}],"version-history":[{"count":0,"href":"https:\/\/guialimeira.com.br\/news\/wp-json\/wp\/v2\/posts\/21200\/revisions"}],"wp:featuredmedia":[{"embeddable":true,"href":"https:\/\/guialimeira.com.br\/news\/wp-json\/wp\/v2\/media\/19338"}],"wp:attachment":[{"href":"https:\/\/guialimeira.com.br\/news\/wp-json\/wp\/v2\/media?parent=21200"}],"wp:term":[{"taxonomy":"category","embeddable":true,"href":"https:\/\/guialimeira.com.br\/news\/wp-json\/wp\/v2\/categories?post=21200"},{"taxonomy":"post_tag","embeddable":true,"href":"https:\/\/guialimeira.com.br\/news\/wp-json\/wp\/v2\/tags?post=21200"}],"curies":[{"name":"wp","href":"https:\/\/api.w.org\/{rel}","templated":true}]}}