{"id":21181,"date":"2025-01-20T09:19:44","date_gmt":"2025-01-20T12:19:44","guid":{"rendered":"https:\/\/guialimeira.com.br\/2025\/01\/20\/israel-solta-90-palestinos-apos-libertacao-de-tres-refens-do-hamas\/"},"modified":"2025-01-20T09:19:44","modified_gmt":"2025-01-20T12:19:44","slug":"israel-solta-90-palestinos-apos-libertacao-de-tres-refens-do-hamas","status":"publish","type":"post","link":"https:\/\/guialimeira.com.br\/news\/israel-solta-90-palestinos-apos-libertacao-de-tres-refens-do-hamas\/","title":{"rendered":"Israel solta 90 palestinos ap\u00f3s liberta\u00e7\u00e3o de tr\u00eas ref\u00e9ns do Hamas"},"content":{"rendered":"<p> <br \/>\n<\/p>\n<div>\n<p>Poucas horas depois de tr\u00eas ref\u00e9ns israelenses\u00a0terem sido libertados pelo Hamas, Israel liberou\u00a0nesta segunda-feira 90 detidos palestinos, majoritariamente mulheres e crian\u00e7as. A troca ocorreu\u00a0no \u00e2mbito do cessar-fogo na Faixa de Gaza, regi\u00e3o devastada por mais de 15 meses de guerra.<img data-recalc-dims=\"1\" decoding=\"async\" src=\"https:\/\/i0.wp.com\/agenciabrasil.ebc.com.br\/ebc.png?w=696&#038;ssl=1\" style=\"width:1px; height:1px; display:inline;\"\/><img data-recalc-dims=\"1\" decoding=\"async\" src=\"https:\/\/i0.wp.com\/agenciabrasil.ebc.com.br\/ebc.gif?w=696&#038;ssl=1\" style=\"width:1px; height:1px; display:inline;\"\/><\/p>\n<p>&#8220;Noventa terroristas&#8221; foram &#8220;libertados&#8221;\u00a0da pris\u00e3o militar de Ofer, na Cisjord\u00e2nia ocupada, e de um centro de deten\u00e7\u00e3o em Jerusal\u00e9m, declarou a Autoridade Prisional de Israel pouco depois da meia-noite de hoje.<\/p>\n<p>Centenas de pessoas seguiram os carros\u00a0que transportavam os prisioneiros ao longo de uma estrada em Beitunia que conduz a Ramallah, sede da Autoridade Palestina, agitando bandeiras palestinas e de v\u00e1rios movimentos, incluindo o Hamas.<\/p>\n<p>A maior parte dessas 90 pessoas \u00e9 formada por mulheres e crian\u00e7as.\u00a0&#8220;A espera foi extremamente dif\u00edcil. Mas, gra\u00e7as a Deus, t\u00ednhamos a certeza de que um dia ser\u00edamos libertados&#8221;, contou \u00e0 ag\u00eancia France Press a jornalista Bouchra al-Tawil, detida em mar\u00e7o do ano\u00a0passado.<\/p>\n<p>Horas antes, um dirigente do Hamas informou\u00a0\u00e0 AFP que tr\u00eas ref\u00e9ns israelenses\u00a0tinham sido &#8220;entregues ao Comit\u00ea\u00a0Internacional da Cruz Vermelha&#8221; na cidade de Gaza. O Ex\u00e9rcito israelense\u00a0confirmou, entretanto, a chegada dos ref\u00e9ns a Israel.<\/p>\n<p>Trata-se da\u00a0brit\u00e2nica-israelense\u00a0Emily Damari, de 28 anos, da romena-israelense\u00a0Doron Steinbrecher, 31 anos, e da israelnse\u00a0Romi Gonen, 24 anos, todas capturadas pelo Hamas no ataque de 7 de outubro de 2023.<\/p>\n<p>O primeiro-ministro israelense, Benjamin Netanyahu, declarou, \u00e0 chegada das tr\u00eas mulheres, que elas &#8220;passaram por um inferno&#8221; durante os 471 dias de cativeiro.<\/p>\n<p>As jovens foram transferidas para o hospital de Sheba, perto de Tel Aviv, que declarou que elasse encontravam &#8220;em estado est\u00e1vel&#8221;.\u00a0Uma perdeu dois dedos de uma m\u00e3o. Daniel Hagari, porta-voz do Ex\u00e9rcito, avan\u00e7ou que &#8220;entre tr\u00eas e quatro mulheres raptadas&#8221; seriam &#8220;libertadas todas as semanas&#8221;. Um alto funcion\u00e1rio do Hamas disse por sua vez \u00e0 AFP que a pr\u00f3xima liberta\u00e7\u00e3o teria lugar no pr\u00f3ximo s\u00e1bado.<\/p>\n<h2>Ser\u00e3o libertados mais de 30 ref\u00e9ns<\/h2>\n<p>A tr\u00e9gua entrou em vigor \u00e0s 9h15 desse domingo, com quase tr\u00eas horas de atraso, depois de o Hamas ter adiado a apresenta\u00e7\u00e3o da lista das tr\u00eas ref\u00e9ns israelenses\u00a0que seriam libertadas no mesmo dia. O movimento justificou a demora com &#8220;complica\u00e7\u00f5es no terreno&#8221; e &#8220;a continua\u00e7\u00e3o dos bombardeios&#8221;.<\/p>\n<p>O cessar-fogo em Gaza permitiu tamb\u00e9m a milhares de palestinos\u00a0deslocados tentarem regressar \u00e0 sua\u00a0casa, nem sempre com sucesso.\u00a0&#8220;Nem sequer conseguimos encontrar a localiza\u00e7\u00e3o exata das nossas casas&#8221; devido \u00e0 &#8220;escala de\u00a0destrui\u00e7\u00e3o&#8221;, lamentou \u00e0 AFP uma deslocada de guerra.<\/p>\n<p>O acordo, que entrou em vigor na v\u00e9spera do regresso de Donald Trump \u00e0 Casa Branca, tem alimentado esperan\u00e7as de uma paz duradoura no territ\u00f3rio palestino, mas Benjamin Netanyahu j\u00e1 avisou que Israel se reserva &#8220;o direito de retomar a guerra, se necess\u00e1rio&#8221;.<\/p>\n<p>O bra\u00e7o armado do Hamas afirmou que a tr\u00e9gua depende de Israel &#8220;honrar os seus compromissos&#8221;. Entre o in\u00edcio previsto da tr\u00e9gua e a entrada efetiva em vigor,\u00a0Israel promoveu\u00a0ataques em Gaza que mataram oito palestinos, de acordo com a Defesa Civil local.<\/p>\n<p>Anunciado na quarta-feira (15) pelos mediadores Catar, Estados Unidos e Egito, o acordo de cessar-fogo pretende, segundo Doha, conduzir ao\u00a0&#8220;fim definitivo&#8221; da guerra.<\/p>\n<p>A negocia\u00e7\u00e3o prev\u00ea que as hostilidades cessem completamente e que\u00a033 ref\u00e9ns israelenses\u00a0sejam libertados numa primeira fase de seis semanas. Em troca, as autoridades israelenses\u00a0concordaram em libertar cerca de\u00a01.900 palestinos\u00a0no mesmo prazo.<\/p>\n<p><em><strong>*\u00c9 proibida a reprodu\u00e7\u00e3o deste conte\u00fado.<\/strong><\/em><\/p>\n<p>      <!-- Relacionada --><\/p>\n<p>            <!-- Relacionada -->\n    <\/div>\n<p><br \/>\n<br \/><a href=\"https:\/\/agenciabrasil.ebc.com.br\/internacional\/noticia\/2025-01\/israel-solta-90-palestinos-apos-libertacao-de-tres-refens-do-hamas\" rel=\"noopener\">Ag\u00eancia Brasil <\/a><\/p>\n","protected":false},"excerpt":{"rendered":"<p>Poucas horas depois de tr\u00eas ref\u00e9ns israelenses\u00a0terem sido libertados pelo Hamas, Israel liberou\u00a0nesta segunda-feira 90 detidos palestinos, majoritariamente mulheres e crian\u00e7as. A troca ocorreu\u00a0no \u00e2mbito do cessar-fogo na Faixa de Gaza, regi\u00e3o devastada por mais de 15 meses de guerra. &#8220;Noventa terroristas&#8221; foram &#8220;libertados&#8221;\u00a0da pris\u00e3o militar de Ofer, na Cisjord\u00e2nia ocupada, e de um centro [&hellip;]<\/p>\n","protected":false},"author":1,"featured_media":21182,"comment_status":"open","ping_status":"open","sticky":false,"template":"","format":"standard","meta":{"_jetpack_newsletter_access":"","_jetpack_dont_email_post_to_subs":false,"_jetpack_newsletter_tier_id":0,"_jetpack_memberships_contains_paywalled_content":false,"_mbp_banners":[],"_jetpack_feature_clip_id":0,"_jetpack_memberships_contains_paid_content":false,"footnotes":"","jetpack_publicize_message":"","jetpack_publicize_feature_enabled":true,"jetpack_social_post_already_shared":true,"jetpack_social_options":{"image_generator_settings":{"template":"highway","default_image_id":0,"font":"","enabled":false},"version":2},"jetpack_post_was_ever_published":false},"categories":[25],"tags":[],"class_list":["post-21181","post","type-post","status-publish","format-standard","has-post-thumbnail","category-internacional"],"jetpack_publicize_connections":[],"jetpack-related-posts":[],"jetpack_shortlink":"https:\/\/wp.me\/p7Eq1F-5vD","jetpack_sharing_enabled":true,"jetpack_featured_media_url":"https:\/\/i0.wp.com\/guialimeira.com.br\/news\/wp-content\/uploads\/2025\/01\/2025-01-19t122010z_636845731_rc20dcafyo5f_rtrmadp_3_israel-palestinians-gaza-ceasefire.jpg?fit=1600%2C800&ssl=1","_links":{"self":[{"href":"https:\/\/guialimeira.com.br\/news\/wp-json\/wp\/v2\/posts\/21181","targetHints":{"allow":["GET"]}}],"collection":[{"href":"https:\/\/guialimeira.com.br\/news\/wp-json\/wp\/v2\/posts"}],"about":[{"href":"https:\/\/guialimeira.com.br\/news\/wp-json\/wp\/v2\/types\/post"}],"author":[{"embeddable":true,"href":"https:\/\/guialimeira.com.br\/news\/wp-json\/wp\/v2\/users\/1"}],"replies":[{"embeddable":true,"href":"https:\/\/guialimeira.com.br\/news\/wp-json\/wp\/v2\/comments?post=21181"}],"version-history":[{"count":0,"href":"https:\/\/guialimeira.com.br\/news\/wp-json\/wp\/v2\/posts\/21181\/revisions"}],"wp:featuredmedia":[{"embeddable":true,"href":"https:\/\/guialimeira.com.br\/news\/wp-json\/wp\/v2\/media\/21182"}],"wp:attachment":[{"href":"https:\/\/guialimeira.com.br\/news\/wp-json\/wp\/v2\/media?parent=21181"}],"wp:term":[{"taxonomy":"category","embeddable":true,"href":"https:\/\/guialimeira.com.br\/news\/wp-json\/wp\/v2\/categories?post=21181"},{"taxonomy":"post_tag","embeddable":true,"href":"https:\/\/guialimeira.com.br\/news\/wp-json\/wp\/v2\/tags?post=21181"}],"curies":[{"name":"wp","href":"https:\/\/api.w.org\/{rel}","templated":true}]}}