{"id":2118,"date":"2024-04-20T00:07:53","date_gmt":"2024-04-20T03:07:53","guid":{"rendered":"https:\/\/guialimeira.com.br\/2024\/04\/20\/dpu-quer-indenizacao-de-r-1-bilhao-da-x-por-danos-a-democracia\/"},"modified":"2024-04-20T00:07:53","modified_gmt":"2024-04-20T03:07:53","slug":"dpu-quer-indenizacao-de-r-1-bilhao-da-x-por-danos-a-democracia","status":"publish","type":"post","link":"https:\/\/guialimeira.com.br\/news\/dpu-quer-indenizacao-de-r-1-bilhao-da-x-por-danos-a-democracia\/","title":{"rendered":"DPU quer indeniza\u00e7\u00e3o de R$ 1 bilh\u00e3o da X por danos \u00e0 democracia"},"content":{"rendered":"<p> <br \/>\n<\/p>\n<div>\n<p>A Defensoria P\u00fablica da Uni\u00e3o (DPU) entrou nesta sexta-feira (19) com uma a\u00e7\u00e3o na Justi\u00e7a Federal em Bras\u00edlia para obrigar a rede social X, antigo Twitter, a pagar R$ 1 bilh\u00e3o de indeniza\u00e7\u00e3o por danos morais e sociais contra a democracia brasileira.<img data-recalc-dims=\"1\" decoding=\"async\" src=\"https:\/\/i0.wp.com\/agenciabrasil.ebc.com.br\/ebc.png?w=696&#038;ssl=1\" style=\"width:1px; height:1px; display:inline;\"\/><img data-recalc-dims=\"1\" decoding=\"async\" src=\"https:\/\/i0.wp.com\/agenciabrasil.ebc.com.br\/ebc.gif?w=696&#038;ssl=1\" style=\"width:1px; height:1px; display:inline;\"\/><\/p>\n<p>De acordo com \u00f3rg\u00e3o, a empresa comandada pelo empres\u00e1rio norte-americano Elon Musk deve responder a uma a\u00e7\u00e3o coletiva ap\u00f3s o bilion\u00e1rio incitar o descumprimento de decis\u00f5es judiciais.<\/p>\n<p>A defensoria tamb\u00e9m defendeu que a rede social deve adotar pr\u00e1ticas de modera\u00e7\u00e3o e remo\u00e7\u00e3o de conte\u00fados ilegais, al\u00e9m de cooperar com a Justi\u00e7a.<\/p>\n<p>Para o \u00f3rg\u00e3o, a a\u00e7\u00e3o pretende garantir que a empresa cumpra as exig\u00eancias legais e fa\u00e7a o combate ao discurso de \u00f3dio.<\/p>\n<p>&#8220;A a\u00e7\u00e3o busca n\u00e3o apenas responsabilizar a empresa X pelas falhas em sua opera\u00e7\u00e3o e pela viola\u00e7\u00e3o das normas jur\u00eddicas brasileiras, mas tamb\u00e9m compelir a plataforma a adotar medidas eficazes de modera\u00e7\u00e3o que assegurem a prote\u00e7\u00e3o dos direitos fundamentais e a estabilidade democr\u00e1tica do Brasil&#8221;, afirmaram os defensores.<\/p>\n<p>A a\u00e7\u00e3o foi proposta em parceria com a Educafro e o Instituto Fiscaliza\u00e7\u00e3o e Controle.<\/p>\n<p>Na semana passada, Elon Musk foi inclu\u00eddo pelo ministro Alexandre de Moraes no inqu\u00e9rito que investiga a atua\u00e7\u00e3o de mil\u00edcias digitais para disseminar not\u00edcias falsas no pa\u00eds.<\/p>\n<p>A medida foi tomada ap\u00f3s Musk insinuar que n\u00e3o vai cumprir determina\u00e7\u00f5es do Supremo para retirada de postagens que forem considerados ilegais.<\/p>\n<p>Nas postagens publicadas no in\u00edcio deste m\u00eas, Musk prometeu \u201clevantar\u201d [desobedecer] todas as restri\u00e7\u00f5es judiciais, alegando que Moraes amea\u00e7ou prender funcion\u00e1rios do X no Brasil ao determinar a remo\u00e7\u00e3o de conte\u00fados ilegais. O empres\u00e1rio tamb\u00e9m acusou Moraes de trair \u201cdescarada e repetidamente a Constitui\u00e7\u00e3o e o povo brasileiro\u201d.<\/p>\n<\/p><\/div>\n<p><br \/>\n<br \/><a href=\"https:\/\/agenciabrasil.ebc.com.br\/justica\/noticia\/2024-04\/dpu-quer-indenizacao-de-r-1-bilhao-da-x-por-danos-democracia\" rel=\"noopener\">Ag\u00eancia Brasil<\/a><\/p>\n","protected":false},"excerpt":{"rendered":"<p>A Defensoria P\u00fablica da Uni\u00e3o (DPU) entrou nesta sexta-feira (19) com uma a\u00e7\u00e3o na Justi\u00e7a Federal em Bras\u00edlia para obrigar a rede social X, antigo Twitter, a pagar R$ 1 bilh\u00e3o de indeniza\u00e7\u00e3o por danos morais e sociais contra a democracia brasileira. De acordo com \u00f3rg\u00e3o, a empresa comandada pelo empres\u00e1rio norte-americano Elon Musk deve [&hellip;]<\/p>\n","protected":false},"author":1,"featured_media":2119,"comment_status":"open","ping_status":"open","sticky":false,"template":"","format":"standard","meta":{"_jetpack_newsletter_access":"","_jetpack_dont_email_post_to_subs":false,"_jetpack_newsletter_tier_id":0,"_jetpack_memberships_contains_paywalled_content":false,"_mbp_banners":[],"_jetpack_feature_clip_id":0,"_jetpack_memberships_contains_paid_content":false,"footnotes":"","jetpack_publicize_message":"","jetpack_publicize_feature_enabled":true,"jetpack_social_post_already_shared":true,"jetpack_social_options":{"image_generator_settings":{"template":"highway","default_image_id":0,"font":"","enabled":false},"version":2},"jetpack_post_was_ever_published":false},"categories":[22],"tags":[],"class_list":["post-2118","post","type-post","status-publish","format-standard","has-post-thumbnail","category-nacional"],"jetpack_publicize_connections":[],"jetpack-related-posts":[],"jetpack_shortlink":"https:\/\/wp.me\/p7Eq1F-ya","jetpack_sharing_enabled":true,"jetpack_featured_media_url":"https:\/\/i0.wp.com\/guialimeira.com.br\/news\/wp-content\/uploads\/2024\/04\/2023-07-24t175958z_1_lynxmpej6n0pc_rtroptp_4_twitter-musk-logo.jpg?fit=1600%2C800&ssl=1","_links":{"self":[{"href":"https:\/\/guialimeira.com.br\/news\/wp-json\/wp\/v2\/posts\/2118","targetHints":{"allow":["GET"]}}],"collection":[{"href":"https:\/\/guialimeira.com.br\/news\/wp-json\/wp\/v2\/posts"}],"about":[{"href":"https:\/\/guialimeira.com.br\/news\/wp-json\/wp\/v2\/types\/post"}],"author":[{"embeddable":true,"href":"https:\/\/guialimeira.com.br\/news\/wp-json\/wp\/v2\/users\/1"}],"replies":[{"embeddable":true,"href":"https:\/\/guialimeira.com.br\/news\/wp-json\/wp\/v2\/comments?post=2118"}],"version-history":[{"count":0,"href":"https:\/\/guialimeira.com.br\/news\/wp-json\/wp\/v2\/posts\/2118\/revisions"}],"wp:featuredmedia":[{"embeddable":true,"href":"https:\/\/guialimeira.com.br\/news\/wp-json\/wp\/v2\/media\/2119"}],"wp:attachment":[{"href":"https:\/\/guialimeira.com.br\/news\/wp-json\/wp\/v2\/media?parent=2118"}],"wp:term":[{"taxonomy":"category","embeddable":true,"href":"https:\/\/guialimeira.com.br\/news\/wp-json\/wp\/v2\/categories?post=2118"},{"taxonomy":"post_tag","embeddable":true,"href":"https:\/\/guialimeira.com.br\/news\/wp-json\/wp\/v2\/tags?post=2118"}],"curies":[{"name":"wp","href":"https:\/\/api.w.org\/{rel}","templated":true}]}}