{"id":21162,"date":"2025-01-19T16:02:17","date_gmt":"2025-01-19T19:02:17","guid":{"rendered":"https:\/\/guialimeira.com.br\/2025\/01\/19\/papa-pede-que-acordo-de-cessar-fogo-em-gaza-seja-respeitado\/"},"modified":"2025-01-19T16:02:17","modified_gmt":"2025-01-19T19:02:17","slug":"papa-pede-que-acordo-de-cessar-fogo-em-gaza-seja-respeitado","status":"publish","type":"post","link":"https:\/\/guialimeira.com.br\/news\/papa-pede-que-acordo-de-cessar-fogo-em-gaza-seja-respeitado\/","title":{"rendered":"Papa pede que acordo de cessar-fogo em Gaza seja respeitado"},"content":{"rendered":"<p> <br \/>\n<\/p>\n<div>\n<p>O papa Francisco comemorou a interrup\u00e7\u00e3o dos combates na Faixa de Gaza, neste domingo (19), ap\u00f3s o acordo de cessar-fogo entre\u00a0Israel e o grupo Hamas entrar em vigor, interrompendo uma guerra de 15 meses que levou devasta\u00e7\u00e3o e mudan\u00e7as pol\u00edticas profundas ao Oriente M\u00e9dio.<img data-recalc-dims=\"1\" decoding=\"async\" src=\"https:\/\/i0.wp.com\/agenciabrasil.ebc.com.br\/ebc.png?w=696&#038;ssl=1\" style=\"width:1px; height:1px; display:inline;\"\/><img data-recalc-dims=\"1\" decoding=\"async\" src=\"https:\/\/i0.wp.com\/agenciabrasil.ebc.com.br\/ebc.gif?w=696&#038;ssl=1\" style=\"width:1px; height:1px; display:inline;\"\/><\/p>\n<p>Ap\u00f3s a ora\u00e7\u00e3o semanal do <em>Angelus<\/em>, Francisco tamb\u00e9m pediu \u00e0s pessoas reunidas na Pra\u00e7a de S\u00e3o Pedro que rezassem pela reconcilia\u00e7\u00e3o e esperava pela liberta\u00e7\u00e3o de todos os ref\u00e9ns que o Hamas ainda mant\u00e9m em Gaza em troca da liberta\u00e7\u00e3o de centenas de palestinos detidos em pris\u00f5es israelenses.<\/p>\n<p>\u201cFoi anunciado recentemente que o cessar-fogo em Gaza entrar\u00e1 em vigor hoje. Expresso minha gratid\u00e3o a todos os mediadores. \u00c9 um bom trabalho mediar, para que a paz seja alcan\u00e7ada\u201d, expressou o pont\u00edfice.<\/p>\n<p>O pont\u00edfice continuou: \u201cAgrade\u00e7o aos mediadores e a todas as partes envolvidas neste importante resultado. Espero que, quando for acordado, seja respeitado imediatamente pelas partes e que todos os ref\u00e9ns [israelenses]\u00a0finalmente possam retornar para casa para abra\u00e7ar seus entes queridos. Rezo muito por eles, por suas fam\u00edlias.\u201d<\/p>\n<p>\u201cEspero que a autoridade pol\u00edtica de ambos os lados, com a ajuda da comunidade internacional, possa chegar \u00e0 solu\u00e7\u00e3o certa para os dois Estados. Espero que todos possam dizer sim ao di\u00e1logo, sim \u00e0 reconcilia\u00e7\u00e3o, sim \u00e0 paz. E oramos por isso, pelo di\u00e1logo, reconcilia\u00e7\u00e3o e paz\u201d, completou Francisco.<\/p>\n<p>O Hamas, que controla o territ\u00f3rio costeiro de Gaza, deu in\u00edcio \u00e0 guerra atacando cidades no sul de Israel em 7 de outubro de 2023, matando cerca de 1,2 mil pessoas e fazendo cerca de 250 ref\u00e9ns.<\/p>\n<p>O bombardeio de Gaza por Israel em retalia\u00e7\u00e3o ao Hamas matou quase 47 mil palestinos, conforme autoridades de sa\u00fade de Gaza. Isso inclui milhares de combatentes do Hamas e os principais l\u00edderes militares do grupo, mas o escrit\u00f3rio de direitos humanos da Organiza\u00e7\u00e3o das Na\u00e7\u00f5es Unidas (ONU) diz que a maioria das mortes que verificou s\u00e3o de mulheres e crian\u00e7as.<\/p>\n<p><em>*Com informa\u00e7\u00f5es da Reuters e Vatican News<\/em><\/p>\n<p>      <!-- Relacionada --><\/p>\n<p>            <!-- Relacionada -->\n    <\/div>\n<p><br \/>\n<br \/><a href=\"https:\/\/agenciabrasil.ebc.com.br\/internacional\/noticia\/2025-01\/papa-comemora-cessar-fogo-em-gaza\" rel=\"noopener\">Ag\u00eancia Brasil <\/a><\/p>\n","protected":false},"excerpt":{"rendered":"<p>O papa Francisco comemorou a interrup\u00e7\u00e3o dos combates na Faixa de Gaza, neste domingo (19), ap\u00f3s o acordo de cessar-fogo entre\u00a0Israel e o grupo Hamas entrar em vigor, interrompendo uma guerra de 15 meses que levou devasta\u00e7\u00e3o e mudan\u00e7as pol\u00edticas profundas ao Oriente M\u00e9dio. Ap\u00f3s a ora\u00e7\u00e3o semanal do Angelus, Francisco tamb\u00e9m pediu \u00e0s pessoas [&hellip;]<\/p>\n","protected":false},"author":1,"featured_media":21163,"comment_status":"open","ping_status":"open","sticky":false,"template":"","format":"standard","meta":{"_jetpack_newsletter_access":"","_jetpack_dont_email_post_to_subs":false,"_jetpack_newsletter_tier_id":0,"_jetpack_memberships_contains_paywalled_content":false,"_mbp_banners":[],"_jetpack_feature_clip_id":0,"_jetpack_memberships_contains_paid_content":false,"footnotes":"","jetpack_publicize_message":"","jetpack_publicize_feature_enabled":true,"jetpack_social_post_already_shared":true,"jetpack_social_options":{"image_generator_settings":{"template":"highway","default_image_id":0,"font":"","enabled":false},"version":2},"jetpack_post_was_ever_published":false},"categories":[25],"tags":[],"class_list":["post-21162","post","type-post","status-publish","format-standard","has-post-thumbnail","category-internacional"],"jetpack_publicize_connections":[],"jetpack-related-posts":[],"jetpack_shortlink":"https:\/\/wp.me\/p7Eq1F-5vk","jetpack_sharing_enabled":true,"jetpack_featured_media_url":"https:\/\/i0.wp.com\/guialimeira.com.br\/news\/wp-content\/uploads\/2025\/01\/2022-11-22t183458z_1_lynxmpeial0x8_rtroptp_4_pope-visit.jpg?fit=1600%2C800&ssl=1","_links":{"self":[{"href":"https:\/\/guialimeira.com.br\/news\/wp-json\/wp\/v2\/posts\/21162","targetHints":{"allow":["GET"]}}],"collection":[{"href":"https:\/\/guialimeira.com.br\/news\/wp-json\/wp\/v2\/posts"}],"about":[{"href":"https:\/\/guialimeira.com.br\/news\/wp-json\/wp\/v2\/types\/post"}],"author":[{"embeddable":true,"href":"https:\/\/guialimeira.com.br\/news\/wp-json\/wp\/v2\/users\/1"}],"replies":[{"embeddable":true,"href":"https:\/\/guialimeira.com.br\/news\/wp-json\/wp\/v2\/comments?post=21162"}],"version-history":[{"count":0,"href":"https:\/\/guialimeira.com.br\/news\/wp-json\/wp\/v2\/posts\/21162\/revisions"}],"wp:featuredmedia":[{"embeddable":true,"href":"https:\/\/guialimeira.com.br\/news\/wp-json\/wp\/v2\/media\/21163"}],"wp:attachment":[{"href":"https:\/\/guialimeira.com.br\/news\/wp-json\/wp\/v2\/media?parent=21162"}],"wp:term":[{"taxonomy":"category","embeddable":true,"href":"https:\/\/guialimeira.com.br\/news\/wp-json\/wp\/v2\/categories?post=21162"},{"taxonomy":"post_tag","embeddable":true,"href":"https:\/\/guialimeira.com.br\/news\/wp-json\/wp\/v2\/tags?post=21162"}],"curies":[{"name":"wp","href":"https:\/\/api.w.org\/{rel}","templated":true}]}}