{"id":2116,"date":"2024-04-19T23:44:51","date_gmt":"2024-04-20T02:44:51","guid":{"rendered":"https:\/\/guialimeira.com.br\/2024\/04\/19\/prefeitura-inicia-cirurgias-de-catarata-e-entrega-unidade-de-saude-no-parque-piracicaba-portal-do-municipio-de-piracicaba\/"},"modified":"2024-04-19T23:44:51","modified_gmt":"2024-04-20T02:44:51","slug":"prefeitura-inicia-cirurgias-de-catarata-e-entrega-unidade-de-saude-no-parque-piracicaba-portal-do-municipio-de-piracicaba","status":"publish","type":"post","link":"https:\/\/guialimeira.com.br\/news\/prefeitura-inicia-cirurgias-de-catarata-e-entrega-unidade-de-saude-no-parque-piracicaba-portal-do-municipio-de-piracicaba\/","title":{"rendered":"Prefeitura inicia cirurgias de catarata e entrega unidade de sa\u00fade no Parque Piracicaba \u2013 Portal do Munic\u00edpio de Piracicaba"},"content":{"rendered":"<p> <br \/>\n<\/p>\n<div>\n<figure class=\"text-center\">\n          <img data-recalc-dims=\"1\" width=\"696\" height=\"464\" src=\"https:\/\/i0.wp.com\/piracicaba.sp.gov.br\/wp-content\/uploads\/2024\/04\/Pacientes-que-realizaram-exames-e-consultas-pre-operatorias-nesta-semana-ja-estao-com-cirurgias-marcadas-para-a-proxima-segunda-feira-22-04-na-Unidade-de-Saude-Parque-Piracicaba-1024x683.jpg?resize=696%2C464&#038;ssl=1\" class=\"img-fluid img-thumbnail border-1 wp-post-image\" alt=\"Pacientes que realizaram exames e consultas pr\u00e9-operat\u00f3rias nesta semana j\u00e1 est\u00e3o com cirurgias marcadas para a pr\u00f3xima segunda-feira, 22-04, na Unidade de Sa\u00fade Parque Piracicaba\" itemprop=\"image\" decoding=\"async\" fetchpriority=\"high\" srcset=\"https:\/\/piracicaba.sp.gov.br\/wp-content\/uploads\/2024\/04\/Pacientes-que-realizaram-exames-e-consultas-pre-operatorias-nesta-semana-ja-estao-com-cirurgias-marcadas-para-a-proxima-segunda-feira-22-04-na-Unidade-de-Saude-Parque-Piracicaba-1024x683.jpg 1024w, https:\/\/piracicaba.sp.gov.br\/wp-content\/uploads\/2024\/04\/Pacientes-que-realizaram-exames-e-consultas-pre-operatorias-nesta-semana-ja-estao-com-cirurgias-marcadas-para-a-proxima-segunda-feira-22-04-na-Unidade-de-Saude-Parque-Piracicaba-300x200.jpg 300w, https:\/\/piracicaba.sp.gov.br\/wp-content\/uploads\/2024\/04\/Pacientes-que-realizaram-exames-e-consultas-pre-operatorias-nesta-semana-ja-estao-com-cirurgias-marcadas-para-a-proxima-segunda-feira-22-04-na-Unidade-de-Saude-Parque-Piracicaba-768x512.jpg 768w, https:\/\/piracicaba.sp.gov.br\/wp-content\/uploads\/2024\/04\/Pacientes-que-realizaram-exames-e-consultas-pre-operatorias-nesta-semana-ja-estao-com-cirurgias-marcadas-para-a-proxima-segunda-feira-22-04-na-Unidade-de-Saude-Parque-Piracicaba-1536x1024.jpg 1536w, https:\/\/piracicaba.sp.gov.br\/wp-content\/uploads\/2024\/04\/Pacientes-que-realizaram-exames-e-consultas-pre-operatorias-nesta-semana-ja-estao-com-cirurgias-marcadas-para-a-proxima-segunda-feira-22-04-na-Unidade-de-Saude-Parque-Piracicaba-2048x1365.jpg 2048w\" sizes=\"(max-width: 1024px) 100vw, 1024px\"\/><figcaption class=\"text-center small fw-bold fst-italic mt-1\">Pacientes que realizaram exames e consultas pr\u00e9-operat\u00f3rias nesta semana j\u00e1 est\u00e3o com cirurgias marcadas para a pr\u00f3xima segunda-feira, 22-04, na Unidade de Sa\u00fade Parque Piracicaba<\/figcaption><\/figure>\n<p>A partir da pr\u00f3xima segunda-feira, 22\/04, os primeiros pacientes do projeto Pira+Vis\u00e3o Mutir\u00e3o de Catarata \u2013 que teve in\u00edcio na segunda-feira, 15\/04, realizam suas cirurgias de corre\u00e7\u00e3o da vis\u00e3o em consult\u00f3rios instalados na nova unidade de Sa\u00fade Parque Piracicaba (Balbo). At\u00e9 julho, cerca de 1.500 pessoas devem ser contempladas com a a\u00e7\u00e3o. O mutir\u00e3o faz parte do programa Zera Fila na Sa\u00fade \u2013 em parceria com o Cismetro (Cons\u00f3rcio Intermunicipal de Sa\u00fade) \u2013 que consiste na contrata\u00e7\u00e3o de servi\u00e7os em diversas especialidades para encerrar com a lista de espera para consultas, exames e demais procedimentos represados durante os \u00faltimos anos, principalmente em decorr\u00eancia da pandemia da Covid-19.<\/p>\n<p>Na oportunidade, com solenidade oficial marcada para \u00e0s 9h30, ser\u00e1 feita a entrega da nova unidade de Sa\u00fade Parque Piracicaba (Balbo) Ivete Cipulla de Souza Madeira \u00e0 popula\u00e7\u00e3o. A unidade atende a uma popula\u00e7\u00e3o estimada de 20 mil pessoas nos bairros: Parque Piracicaba, Altos do S\u00e3o Francisco, Jardim Pacaembu, Jardim Maria, Parque S\u00e3o Matheus, Parque das \u00c1guas, Parque S\u00e3o Matheus 2, Vale do Sol, residencial Alto da Boa Vista, residencial Ra\u00edzes e residencial Conviva, localizados na regi\u00e3o Norte da cidade. A unidade est\u00e1 localizada \u00e0 rua Palmital, s\/n\u00b0.<\/p>\n<p>Este novo equipamento de sa\u00fade tem instala\u00e7\u00f5es modernas e o dobro do tamanho da antiga UBS (Unidade B\u00e1sica de Sa\u00fade), com 883,34 m\u00b2 de \u00e1rea constru\u00edda em terreno de 2.276 m\u00b2 (metros quadrados). O espa\u00e7o contempla ampla sala de espera, sanit\u00e1rios masculinos e femininos para pessoas com defici\u00eancia, frald\u00e1rio, quatro consult\u00f3rios de cl\u00ednica m\u00e9dica, dois consult\u00f3rios para ginecologia, um consult\u00f3rio de pediatria, uma sala de curativo, uma ampla sala de reuni\u00e3o, sala de procedimentos e coletas, sala de vacina, sala de descanso para funcion\u00e1rios, entre outros espa\u00e7os.<\/p>\n<p>Conforme explica o secret\u00e1rio de Sa\u00fade, Augusto Muzilli J\u00fanior, as a\u00e7\u00f5es programadas para a pr\u00f3xima segunda-feira, 22\/04, vem ao encontro dos pedidos da popula\u00e7\u00e3o. \u201cA inaugura\u00e7\u00e3o da unidade foi cobrada desde quando assumimos a gest\u00e3o e vamos entreg\u00e1-la. Junto disso, estamos proporcionando mutir\u00e3o de cirurgias de catarata para zerar a fila de espera na cidade por esses procedimentos. Juntos e com trabalho s\u00e9rio \u00e9 poss\u00edvel atender aos anseios da popula\u00e7\u00e3o\u201d, enfatizou.<\/p>\n<\/p><\/div>\n<p><br \/>\n<br \/><a href=\"https:\/\/piracicaba.sp.gov.br\/noticias\/prefeitura-inicia-cirurgias-de-catarata-e-entrega-unidade-de-saude-no-parque-piracicaba\/\" rel=\"noopener\">Informa\u00e7\u00f5es PMP <\/a><\/p>\n","protected":false},"excerpt":{"rendered":"<p>Pacientes que realizaram exames e consultas pr\u00e9-operat\u00f3rias nesta semana j\u00e1 est\u00e3o com cirurgias marcadas para a pr\u00f3xima segunda-feira, 22-04, na Unidade de Sa\u00fade Parque Piracicaba A partir da pr\u00f3xima segunda-feira, 22\/04, os primeiros pacientes do projeto Pira+Vis\u00e3o Mutir\u00e3o de Catarata \u2013 que teve in\u00edcio na segunda-feira, 15\/04, realizam suas cirurgias de corre\u00e7\u00e3o da vis\u00e3o em [&hellip;]<\/p>\n","protected":false},"author":1,"featured_media":2117,"comment_status":"open","ping_status":"open","sticky":false,"template":"","format":"standard","meta":{"_jetpack_newsletter_access":"","_jetpack_dont_email_post_to_subs":false,"_jetpack_newsletter_tier_id":0,"_jetpack_memberships_contains_paywalled_content":false,"_mbp_banners":[],"_jetpack_feature_clip_id":0,"_jetpack_memberships_contains_paid_content":false,"footnotes":"","jetpack_publicize_message":"","jetpack_publicize_feature_enabled":true,"jetpack_social_post_already_shared":true,"jetpack_social_options":{"image_generator_settings":{"template":"highway","default_image_id":0,"font":"","enabled":false},"version":2},"jetpack_post_was_ever_published":false},"categories":[20],"tags":[],"class_list":["post-2116","post","type-post","status-publish","format-standard","has-post-thumbnail","category-regiao"],"jetpack_publicize_connections":[],"jetpack-related-posts":[],"jetpack_shortlink":"https:\/\/wp.me\/p7Eq1F-y8","jetpack_sharing_enabled":true,"jetpack_featured_media_url":"https:\/\/i0.wp.com\/guialimeira.com.br\/news\/wp-content\/uploads\/2024\/04\/Pacientes-que-realizaram-exames-e-consultas-pre-operatorias-nesta-semana-ja-estao-com-cirurgias-marcadas-para-a-proxima-segunda-feira-22-04-na-Unidade-de-Saude-Parque-Piracicaba-scaled.jpg?fit=2560%2C1706&ssl=1","_links":{"self":[{"href":"https:\/\/guialimeira.com.br\/news\/wp-json\/wp\/v2\/posts\/2116","targetHints":{"allow":["GET"]}}],"collection":[{"href":"https:\/\/guialimeira.com.br\/news\/wp-json\/wp\/v2\/posts"}],"about":[{"href":"https:\/\/guialimeira.com.br\/news\/wp-json\/wp\/v2\/types\/post"}],"author":[{"embeddable":true,"href":"https:\/\/guialimeira.com.br\/news\/wp-json\/wp\/v2\/users\/1"}],"replies":[{"embeddable":true,"href":"https:\/\/guialimeira.com.br\/news\/wp-json\/wp\/v2\/comments?post=2116"}],"version-history":[{"count":0,"href":"https:\/\/guialimeira.com.br\/news\/wp-json\/wp\/v2\/posts\/2116\/revisions"}],"wp:featuredmedia":[{"embeddable":true,"href":"https:\/\/guialimeira.com.br\/news\/wp-json\/wp\/v2\/media\/2117"}],"wp:attachment":[{"href":"https:\/\/guialimeira.com.br\/news\/wp-json\/wp\/v2\/media?parent=2116"}],"wp:term":[{"taxonomy":"category","embeddable":true,"href":"https:\/\/guialimeira.com.br\/news\/wp-json\/wp\/v2\/categories?post=2116"},{"taxonomy":"post_tag","embeddable":true,"href":"https:\/\/guialimeira.com.br\/news\/wp-json\/wp\/v2\/tags?post=2116"}],"curies":[{"name":"wp","href":"https:\/\/api.w.org\/{rel}","templated":true}]}}