{"id":2108,"date":"2024-04-19T23:06:51","date_gmt":"2024-04-20T02:06:51","guid":{"rendered":"https:\/\/guialimeira.com.br\/2024\/04\/19\/municipio-do-rio-e-tse-lancam-pedra-fundamental-do-museu-da-democracia\/"},"modified":"2024-04-19T23:06:51","modified_gmt":"2024-04-20T02:06:51","slug":"municipio-do-rio-e-tse-lancam-pedra-fundamental-do-museu-da-democracia","status":"publish","type":"post","link":"https:\/\/guialimeira.com.br\/news\/municipio-do-rio-e-tse-lancam-pedra-fundamental-do-museu-da-democracia\/","title":{"rendered":"Munic\u00edpio do Rio e TSE lan\u00e7am pedra fundamental do Museu da Democracia"},"content":{"rendered":"<p> <br \/>\n<\/p>\n<div>\n<p>Em cerim\u00f4nia realizada na tarde desta sexta-feira (19), o munic\u00edpio do Rio de Janeiro e o Tribunal Superior Eleitoral (TSE) lan\u00e7aram a pedra fundamental do Museu da Democracia. Ele ficar\u00e1 sediado no pr\u00e9dio do Centro Cultural da Justi\u00e7a Eleitoral (CCJE), no centro da capital fluminense. O espa\u00e7o passar\u00e1 por interven\u00e7\u00f5es e ainda n\u00e3o h\u00e1 data para inaugura\u00e7\u00e3o.<img data-recalc-dims=\"1\" decoding=\"async\" src=\"https:\/\/i0.wp.com\/agenciabrasil.ebc.com.br\/ebc.png?w=696&#038;ssl=1\" style=\"width:1px; height:1px; display:inline;\"\/><img data-recalc-dims=\"1\" decoding=\"async\" src=\"https:\/\/i0.wp.com\/agenciabrasil.ebc.com.br\/ebc.gif?w=696&#038;ssl=1\" style=\"width:1px; height:1px; display:inline;\"\/><\/p>\n<p>O evento foi conduzido pelo ministro do Supremo Tribunal Federal (STF) e atual presidente do TSE, Alexandre de Moraes. Ele explicou que a ideia \u00e9 contar e perpetuar a hist\u00f3ria da Justi\u00e7a Eleitoral,\u00a0que existe h\u00e1 92 anos, destacando seu papel na constru\u00e7\u00e3o da democracia brasileira. &#8220;Isso precisa ser documentado e explicado, para ficar na mem\u00f3ria das brasileiras e dos brasileiros das pr\u00f3ximas gera\u00e7\u00f5es. \u00c9 essa a ideia b\u00e1sica do Museu da Democracia&#8221;, disse.<\/p>\n<p>Moraes destacou avan\u00e7os hist\u00f3ricos da democracia, como a universaliza\u00e7\u00e3o do voto. Lembrou tamb\u00e9m o crescimento da elei\u00e7\u00e3o de mulheres, embora tenha reconhecido ser necess\u00e1rio avan\u00e7ar mais. E mencionou diferentes crises da Rep\u00fablica brasileira.<\/p>\n<p>&#8220;Ela j\u00e1 se inicia no estado de s\u00edtio com Marechal Deodoro e Marechal Floriano Peixoto. Houve a ditadura Vargas que durou 15 anos e houve a ditadura militar. E, entre uma e outra, n\u00e3o houve calmaria. Cada um dos presidentes precisava ter apoio de alguma ala militar para conseguir tomar posse e governar. Todo sabemos que a nossa Rep\u00fablica infelizmente sofreu in\u00fameros per\u00edodos de exce\u00e7\u00e3o&#8221;, observou.<\/p>\n<p>O ministro avaliou que, desde a Constitui\u00e7\u00e3o de 1988, o Brasil vive um per\u00edodo de estabilidade democr\u00e1tica. &#8220;\u00c9 algo que devemos comemorar. Estabilidade democr\u00e1tica n\u00e3o significa tranquilidade e paz total. Significa a resili\u00eancia das institui\u00e7\u00f5es, entre elas a Justi\u00e7a Eleitoral e o Poder Judici\u00e1rio, contra eventuais ataques \u00e0 democracia&#8221;, disse ele. Segundo ele, houve\u00a0dois<em> impeachements<\/em> seguindo regras constitucionais e uma firme atua\u00e7\u00e3o das institui\u00e7\u00f5es para frear uma tentativa de golpe no in\u00edcio do ano passado, quando apoiadores de Jair Bolsonaro invadiram edif\u00edcios e causaram depreda\u00e7\u00e3o na Pra\u00e7a dos Tr\u00eas Poderes, em Bras\u00edlia.<\/p>\n<p>A cria\u00e7\u00e3o do Museu da Democracia foi definida em um termo de coopera\u00e7\u00e3o assinado em dezembro do ano passado entre o TSE e o munic\u00edpio do Rio. Conforme o acordo, o novo espa\u00e7o ser\u00e1 voltado para promover o conhecimento pol\u00edtico, hist\u00f3rico, cultural e econ\u00f4mico do Brasil. A concep\u00e7\u00e3o ser\u00e1 feita pela Funda\u00e7\u00e3o Getulio Vargas (FGV).<\/p>\n<h2>Acervo<\/h2>\n<p>O p\u00fablico dever\u00e1 ter acesso a um acervo composto com trabalhos relacionados a manifesta\u00e7\u00f5es populares, constitui\u00e7\u00f5es, imprensa e resist\u00eancia do processo democr\u00e1tico. Uma das atra\u00e7\u00f5es ser\u00e1 a Sala do Voto, onde ser\u00e3o reunidos objetos hist\u00f3ricos que remetem \u00e0 evolu\u00e7\u00e3o do sistema eleitoral, tais como c\u00e9dulas, urnas e fotos.<\/p>\n<p>Al\u00e9m disso, ser\u00e3o planejadas exposi\u00e7\u00f5es com obras que fazem refer\u00eancia a valores fundamentais para a conviv\u00eancia democr\u00e1tica, como justi\u00e7a, educa\u00e7\u00e3o e toler\u00e2ncia, entre outros. Durante a cerim\u00f4nia de lan\u00e7amento da pedra fundamental, foi apresentada a primeira pe\u00e7a que vai compor a cole\u00e7\u00e3o: uma quadro intitulado <em>8 de Janeiro de 2023<\/em>, criado e doado pelo artista pl\u00e1stico Vik Muniz.<\/p>\n<div class=\"dnd-widget-wrapper context-cheio_8colunas type-image\">\n<div class=\"dnd-atom-rendered\"><!-- scald=381470:cheio_8colunas --><\/p>\n<div class=\"shadow overflow-hidden rounded-lg d-block w-100\">\n            <img data-recalc-dims=\"1\" decoding=\"async\" src=\"https:\/\/i0.wp.com\/agenciabrasil.ebc.com.br\/sites\/default\/files\/thumbnails\/image\/loading_v2.gif?w=696&#038;ssl=1\" data-echo=\"https:\/\/imagens.ebc.com.br\/5HVdx2fV_e6VW1WFDXZRnKlUr4w=\/754x0\/smart\/https:\/\/agenciabrasil.ebc.com.br\/sites\/default\/files\/thumbnails\/image\/2024\/04\/19\/53665244819_88ed463506_k.jpg?itok=Iat4nTWl\" alt=\"Lan\u00e7amento da pedra fundamental do Museu da Democracia no RJ pelo presidente do TSE, Alexandre de Moraes e o prefeito do RJ, Eduardo Paes.  Foto: Luiz Roberto\/Secom\/TSE\" title=\"Luiz Roberto\/Secom\/TSE\" class=\"flex-fill img-cover\"\/><br \/>\n        <img data-recalc-dims=\"1\" decoding=\"async\" src=\"https:\/\/i0.wp.com\/imagens.ebc.com.br\/5HVdx2fV_e6VW1WFDXZRnKlUr4w%3D\/754x0\/smart\/https%3A\/\/agenciabrasil.ebc.com.br\/sites\/default\/files\/thumbnails\/image\/2024\/04\/19\/53665244819_88ed463506_k.jpg?w=696&#038;ssl=1\" alt=\"Lan\u00e7amento da pedra fundamental do Museu da Democracia no RJ pelo presidente do TSE, Alexandre de Moraes e o prefeito do RJ, Eduardo Paes.  Foto: Luiz Roberto\/Secom\/TSE\" title=\"Luiz Roberto\/Secom\/TSE\" class=\"flex-fill img-cover\"\/>\n    <\/div>\n<p><!-- END scald=381470 --><\/div>\n<p><h6 class=\"meta\">Primeira pe\u00e7a que vai compor a cole\u00e7\u00e3o do museu \u00e9 o quadro intitulado <em>8 de Janeiro de 2023<\/em>, criado e doado pelo artista pl\u00e1stico Vik Muniz\u00a0&#8211; <strong>Luiz Roberto\/Secom\/TSE<\/strong><!--END copyright=381470--><\/h6>\n<\/p>\n<\/div>\n<p>&#8220;A fotografia retrata o Pal\u00e1cio do Congresso a partir dos peda\u00e7os de vidro, cartuchos de balas e restos de carpete azul coletados ap\u00f3s a invas\u00e3o ao Senado Federal. S\u00e3o, nas palavras do artista, o eterno lembrete da constante necessidade de prote\u00e7\u00e3o que todo o projeto democr\u00e1tico necessita&#8221;, descreveu o prefeito Eduardo Paes.<\/p>\n<p>De acordo com o prefeito, a tentativa de golpe de 2023 ser\u00e1 apresentada aos visitantes assim como outros momentos hist\u00f3ricos de ruptura institucional. &#8220;Todos n\u00f3s vimos o que se tentou no in\u00edcio do ano passado no Brasil. E isso \u00e9 aceit\u00e1vel. Ent\u00e3o acho que a gente tem o dever e a obriga\u00e7\u00e3o de estar lembrando isso, gerando mem\u00f3rias sobre isso e educando sobre a import\u00e2ncia de defender os valores da democracia.&#8221;<\/p>\n<p>Paes avaliou ainda que talvez o atual momento seja o mais prop\u00edcio da hist\u00f3ria recente do Brasil para se inaugurar um museu que trate de maneira enf\u00e1tica do tema da democracia. &#8220;Essas ruas que hoje nos cercam foram testemunhas das vozes do povo clamando por justi\u00e7a, liberdade e igualdade. Se antes o desafio era recuperar a democracia, hoje enfrentamos a miss\u00e3o cont\u00ednua de preserv\u00e1-la e fortalec\u00ea-la&#8221;, acrescentou em refer\u00eancia a manifesta\u00e7\u00f5es hist\u00f3ricas como a Passeata dos Cem Mil\u00a0e as mobiliza\u00e7\u00f5es das Diretas J\u00e1.<\/p>\n<p>Apesar de n\u00e3o haver data oficial para a inaugura\u00e7\u00e3o, Paes faz uma estimativa. Segundo ele, est\u00e1 sendo feito o detalhamento das restaura\u00e7\u00f5es e das obras necess\u00e1rias. &#8220;Em paralelo, est\u00e1 se desenvolvendo junto com a Funda\u00e7\u00e3o Getulio Vargas o trabalho de museografia. Vamos colocar a\u00ed um ano ou um ano e meio para inaugurar.&#8221;<\/p>\n<\/p><\/div>\n<p><br \/>\n<br \/><a href=\"https:\/\/agenciabrasil.ebc.com.br\/justica\/noticia\/2024-04\/municipio-do-rio-e-tse-lancam-pedra-fundamental-do-museu-da-democracia\" rel=\"noopener\">Ag\u00eancia Brasil<\/a><\/p>\n","protected":false},"excerpt":{"rendered":"<p>Em cerim\u00f4nia realizada na tarde desta sexta-feira (19), o munic\u00edpio do Rio de Janeiro e o Tribunal Superior Eleitoral (TSE) lan\u00e7aram a pedra fundamental do Museu da Democracia. Ele ficar\u00e1 sediado no pr\u00e9dio do Centro Cultural da Justi\u00e7a Eleitoral (CCJE), no centro da capital fluminense. O espa\u00e7o passar\u00e1 por interven\u00e7\u00f5es e ainda n\u00e3o h\u00e1 data [&hellip;]<\/p>\n","protected":false},"author":1,"featured_media":2109,"comment_status":"open","ping_status":"open","sticky":false,"template":"","format":"standard","meta":{"_jetpack_newsletter_access":"","_jetpack_dont_email_post_to_subs":false,"_jetpack_newsletter_tier_id":0,"_jetpack_memberships_contains_paywalled_content":false,"_mbp_banners":[],"_jetpack_feature_clip_id":0,"_jetpack_memberships_contains_paid_content":false,"footnotes":"","jetpack_publicize_message":"","jetpack_publicize_feature_enabled":true,"jetpack_social_post_already_shared":true,"jetpack_social_options":{"image_generator_settings":{"template":"highway","default_image_id":0,"font":"","enabled":false},"version":2},"jetpack_post_was_ever_published":false},"categories":[22],"tags":[],"class_list":["post-2108","post","type-post","status-publish","format-standard","has-post-thumbnail","category-nacional"],"jetpack_publicize_connections":[],"jetpack-related-posts":[],"jetpack_shortlink":"https:\/\/wp.me\/p7Eq1F-y0","jetpack_sharing_enabled":true,"jetpack_featured_media_url":"https:\/\/i0.wp.com\/guialimeira.com.br\/news\/wp-content\/uploads\/2024\/04\/4.jpg?fit=1600%2C800&ssl=1","_links":{"self":[{"href":"https:\/\/guialimeira.com.br\/news\/wp-json\/wp\/v2\/posts\/2108","targetHints":{"allow":["GET"]}}],"collection":[{"href":"https:\/\/guialimeira.com.br\/news\/wp-json\/wp\/v2\/posts"}],"about":[{"href":"https:\/\/guialimeira.com.br\/news\/wp-json\/wp\/v2\/types\/post"}],"author":[{"embeddable":true,"href":"https:\/\/guialimeira.com.br\/news\/wp-json\/wp\/v2\/users\/1"}],"replies":[{"embeddable":true,"href":"https:\/\/guialimeira.com.br\/news\/wp-json\/wp\/v2\/comments?post=2108"}],"version-history":[{"count":0,"href":"https:\/\/guialimeira.com.br\/news\/wp-json\/wp\/v2\/posts\/2108\/revisions"}],"wp:featuredmedia":[{"embeddable":true,"href":"https:\/\/guialimeira.com.br\/news\/wp-json\/wp\/v2\/media\/2109"}],"wp:attachment":[{"href":"https:\/\/guialimeira.com.br\/news\/wp-json\/wp\/v2\/media?parent=2108"}],"wp:term":[{"taxonomy":"category","embeddable":true,"href":"https:\/\/guialimeira.com.br\/news\/wp-json\/wp\/v2\/categories?post=2108"},{"taxonomy":"post_tag","embeddable":true,"href":"https:\/\/guialimeira.com.br\/news\/wp-json\/wp\/v2\/tags?post=2108"}],"curies":[{"name":"wp","href":"https:\/\/api.w.org\/{rel}","templated":true}]}}