{"id":2106,"date":"2024-04-19T22:43:48","date_gmt":"2024-04-20T01:43:48","guid":{"rendered":"https:\/\/guialimeira.com.br\/2024\/04\/19\/prefeitura-inicia-implantacao-do-plano-de-contratacao-anual-portal-do-municipio-de-piracicaba\/"},"modified":"2024-04-19T22:43:48","modified_gmt":"2024-04-20T01:43:48","slug":"prefeitura-inicia-implantacao-do-plano-de-contratacao-anual-portal-do-municipio-de-piracicaba","status":"publish","type":"post","link":"https:\/\/guialimeira.com.br\/news\/prefeitura-inicia-implantacao-do-plano-de-contratacao-anual-portal-do-municipio-de-piracicaba\/","title":{"rendered":"Prefeitura inicia implanta\u00e7\u00e3o do Plano de Contrata\u00e7\u00e3o Anual \u2013 Portal do Munic\u00edpio de Piracicaba"},"content":{"rendered":"<p> <br \/>\n<\/p>\n<div>\n<figure class=\"wp-block-image size-large\"><img data-recalc-dims=\"1\" fetchpriority=\"high\" decoding=\"async\" width=\"696\" height=\"464\" src=\"https:\/\/i0.wp.com\/piracicaba.sp.gov.br\/wp-content\/uploads\/2024\/04\/Servidores-das-areas-administrativa-e-financeiro-acompanharam-o-passo-a-passo-para-utilizacao-da-plataforma-1024x682.jpg?resize=696%2C464&#038;ssl=1\" alt=\"\" class=\"wp-image-77430\" srcset=\"https:\/\/piracicaba.sp.gov.br\/wp-content\/uploads\/2024\/04\/Servidores-das-areas-administrativa-e-financeiro-acompanharam-o-passo-a-passo-para-utilizacao-da-plataforma-1024x682.jpg 1024w, https:\/\/piracicaba.sp.gov.br\/wp-content\/uploads\/2024\/04\/Servidores-das-areas-administrativa-e-financeiro-acompanharam-o-passo-a-passo-para-utilizacao-da-plataforma-300x200.jpg 300w, https:\/\/piracicaba.sp.gov.br\/wp-content\/uploads\/2024\/04\/Servidores-das-areas-administrativa-e-financeiro-acompanharam-o-passo-a-passo-para-utilizacao-da-plataforma-768x512.jpg 768w, https:\/\/piracicaba.sp.gov.br\/wp-content\/uploads\/2024\/04\/Servidores-das-areas-administrativa-e-financeiro-acompanharam-o-passo-a-passo-para-utilizacao-da-plataforma-1536x1024.jpg 1536w, https:\/\/piracicaba.sp.gov.br\/wp-content\/uploads\/2024\/04\/Servidores-das-areas-administrativa-e-financeiro-acompanharam-o-passo-a-passo-para-utilizacao-da-plataforma.jpg 2000w\" sizes=\"(max-width: 1024px) 100vw, 1024px\"\/><figcaption class=\"wp-element-caption\">Servidores das \u00e1reas administrativa e financeiro acompanharam o passo a passo para utiliza\u00e7\u00e3o da plataforma<\/figcaption><\/figure>\n<p>A Prefeitura de Piracicaba, por meio da Secretaria Municipal de Administra\u00e7\u00e3o (Semad), deu in\u00edcio ontem, 18\/04, \u00e0 implanta\u00e7\u00e3o do Plano de Contrata\u00e7\u00e3o Anual (PCA), por meio de um treinamento aos servidores respons\u00e1veis pelas \u00e1reas financeira, administrativa e de planejamento do munic\u00edpio. As equipes puderam acompanhar o passo a passo para utiliza\u00e7\u00e3o do sistema que centraliza demandas relacionadas a compras e licita\u00e7\u00f5es municipais para elabora\u00e7\u00e3o do documento.<\/p>\n<p>O PCA tem o objetivo de prever o or\u00e7amento futuro do munic\u00edpio de maneira unificada. O documento est\u00e1 previsto no decreto federal de n\u00ba 19.664\/2023 (e suas altera\u00e7\u00f5es) e visa racionalizar e padronizar as contrata\u00e7\u00f5es dos \u00f3rg\u00e3os e entidades, por meio de contrata\u00e7\u00f5es compartilhadas, a fim de obter economia aos cofres p\u00fablicos e agilidade dos processos licitat\u00f3rios.<\/p>\n<p>A utiliza\u00e7\u00e3o do novo sistema, criado pela equipe de Centro de Inform\u00e1tica (CI), j\u00e1 est\u00e1 em funcionamento e possibilitar\u00e1 um registro e gerenciamento de todas as aquisi\u00e7\u00f5es que a Prefeitura deseja realizar em 2025.<\/p>\n<p>O evento aconteceu no audit\u00f3rio do Instituto de Previd\u00eancia e Assist\u00eancia Social dos Funcion\u00e1rios Municipais de Piracicaba (IPASP). A capacita\u00e7\u00e3o contou com cerca de 60 servidores de diversos setores, representando suas Secretarias, para implanta\u00e7\u00e3o da Nova Lei de Licita\u00e7\u00f5es (14.133\/21).<\/p>\n<p>De acordo com Luis Cassinelli, secret\u00e1rio da pasta, essa iniciativa garante a previsibilidade com sistema tecnol\u00f3gico atrelado ao Portal de Transpar\u00eancia. \u201cTanto a gest\u00e3o municipal quanto o cidad\u00e3o ter\u00e3o acesso a tudo que o Executivo necessita adquirir, seja uma caneta para uso dos servidores ou itens necess\u00e1rios para a constru\u00e7\u00e3o de uma nova escola, por exemplo. Isso resulta em compras feitas com organiza\u00e7\u00e3o, intelig\u00eancia e planejamento\u201d, ressaltou.<\/p>\n<p>Para Val\u00e9ria Dias, diretora do Departamento de Material e Patrim\u00f4nio, o planejamento evita remanejamento de verbas e melhora a qualidade dos materiais adquiridos, garantindo transpar\u00eancia na utiliza\u00e7\u00e3o dos recursos p\u00fablicos. \u201cCom o levantamento de todas as demandas, ser\u00e1 poss\u00edvel unificar compras e garantir o cumprimento dos prazos\u201d, explicou.<\/p>\n<p>Al\u00e9m das adequa\u00e7\u00f5es legais, a diretora ressalta que a Prefeitura est\u00e1 buscando novas formas de prever a receita or\u00e7ament\u00e1ria. \u201cEstamos buscando inova\u00e7\u00e3o, especialmente em rela\u00e7\u00e3o \u00e0 transpar\u00eancia e zelo com o dinheiro p\u00fablico\u201d, disse.<\/p>\n<p>A elabora\u00e7\u00e3o do PCA tamb\u00e9m contempla a an\u00e1lise das futuras compras por uma comiss\u00e3o regulamentada. \u201cServidores com mais entendimento em determinados itens buscar\u00e3o por produtos de maior qualidade, evitando altera\u00e7\u00f5es nos processos licitat\u00f3rios\u201d, explica Ang\u00e9lica Oliveira, representante da Falconi, empresa de consultoria contratada pela Prefeitura para assessorar o planejamento.<\/p>\n<p>O treinamento contou com um passo a passo da utiliza\u00e7\u00e3o do novo sistema, ministrado por Raquel Lauer Verdade, analista de neg\u00f3cios da consultoria. \u201cExplicamos hoje aos servidores como ser\u00e1 feita a elabora\u00e7\u00e3o dos Documentos de Formaliza\u00e7\u00e3o de Demanda (DFDs), e como as equipes devem utilizar o sistema. Ao final, \u00e9 poss\u00edvel extrair um relat\u00f3rio para apresenta\u00e7\u00e3o ao secret\u00e1rio. Os servidores ser\u00e3o auxiliados durante o cadastro dos DFDs nas pr\u00f3ximas semanas e, posteriormente, faremos a publica\u00e7\u00e3o do PCA 2025 no Portal Nacional de Contrata\u00e7\u00f5es P\u00fablicas (PNCP)\u201d, disse.<\/p>\n<figure class=\"wp-block-image size-large\"><img data-recalc-dims=\"1\" loading=\"lazy\" decoding=\"async\" width=\"696\" height=\"464\" src=\"https:\/\/i0.wp.com\/piracicaba.sp.gov.br\/wp-content\/uploads\/2024\/04\/Raquel-Lauer-Verdade-analista-de-negocios-explicando-passo-a-passo-para-uso-do-novo-sistema-para-PCA-1024x682.jpg?resize=696%2C464&#038;ssl=1\" alt=\"\" class=\"wp-image-77429\" srcset=\"https:\/\/piracicaba.sp.gov.br\/wp-content\/uploads\/2024\/04\/Raquel-Lauer-Verdade-analista-de-negocios-explicando-passo-a-passo-para-uso-do-novo-sistema-para-PCA-1024x682.jpg 1024w, https:\/\/piracicaba.sp.gov.br\/wp-content\/uploads\/2024\/04\/Raquel-Lauer-Verdade-analista-de-negocios-explicando-passo-a-passo-para-uso-do-novo-sistema-para-PCA-300x200.jpg 300w, https:\/\/piracicaba.sp.gov.br\/wp-content\/uploads\/2024\/04\/Raquel-Lauer-Verdade-analista-de-negocios-explicando-passo-a-passo-para-uso-do-novo-sistema-para-PCA-768x512.jpg 768w, https:\/\/piracicaba.sp.gov.br\/wp-content\/uploads\/2024\/04\/Raquel-Lauer-Verdade-analista-de-negocios-explicando-passo-a-passo-para-uso-do-novo-sistema-para-PCA-1536x1024.jpg 1536w, https:\/\/piracicaba.sp.gov.br\/wp-content\/uploads\/2024\/04\/Raquel-Lauer-Verdade-analista-de-negocios-explicando-passo-a-passo-para-uso-do-novo-sistema-para-PCA.jpg 2000w\" sizes=\"auto, (max-width: 1024px) 100vw, 1024px\"\/><figcaption class=\"wp-element-caption\">Raquel Lauer Verdade, analista de neg\u00f3cios, explicando passo a passo para uso do novo sistema para PCA<\/figcaption><\/figure>\n<p>\u201cDo ponto de vista dos desenvolvedores do sistema, nosso maior desafio \u00e9 entender a real necessidade de cada secretaria para conseguirmos unificar os processos de compra, padronizados, em uma \u00fanica plataforma. Cada setor tem sua peculiaridade e, por isso, \u00e9 muito importante realizarmos esse tipo de reuni\u00e3o para aprimorar a experi\u00eancia do nosso usu\u00e1rio\u201d, explica Rog\u00e9rio de Lima Occhiuzzi, analista desenvolvedor do CI da Prefeitura.<\/p>\n<p><strong>PR\u00d3XIMOS PASSOS<\/strong>\u00a0\u2014 Na pr\u00f3xima semana, a partir do dia 22\/04, a equipe de implementa\u00e7\u00e3o do sistema realizar\u00e1 um plant\u00e3o de d\u00favidas para cada secretaria, a fim de coletar demandas dos servidores e aprimorar o sistema em uma nova vers\u00e3o. As demandas devem ser formalizadas na plataforma at\u00e9 dia 15 de maio. O PCA est\u00e1 previsto para ser publicado no Portal Nacional de Contrata\u00e7\u00f5es P\u00fablicas (PNCP) no m\u00eas de julho.<\/p>\n<figure class=\"wp-block-image size-large\"><img data-recalc-dims=\"1\" loading=\"lazy\" decoding=\"async\" width=\"696\" height=\"464\" src=\"https:\/\/i0.wp.com\/piracicaba.sp.gov.br\/wp-content\/uploads\/2024\/04\/Semad-promove-treinamento-aos-servidores-para-criacao-do-PCA-2025-1024x682.jpg?resize=696%2C464&#038;ssl=1\" alt=\"\" class=\"wp-image-77431\" srcset=\"https:\/\/piracicaba.sp.gov.br\/wp-content\/uploads\/2024\/04\/Semad-promove-treinamento-aos-servidores-para-criacao-do-PCA-2025-1024x682.jpg 1024w, https:\/\/piracicaba.sp.gov.br\/wp-content\/uploads\/2024\/04\/Semad-promove-treinamento-aos-servidores-para-criacao-do-PCA-2025-300x200.jpg 300w, https:\/\/piracicaba.sp.gov.br\/wp-content\/uploads\/2024\/04\/Semad-promove-treinamento-aos-servidores-para-criacao-do-PCA-2025-768x512.jpg 768w, https:\/\/piracicaba.sp.gov.br\/wp-content\/uploads\/2024\/04\/Semad-promove-treinamento-aos-servidores-para-criacao-do-PCA-2025-1536x1024.jpg 1536w, https:\/\/piracicaba.sp.gov.br\/wp-content\/uploads\/2024\/04\/Semad-promove-treinamento-aos-servidores-para-criacao-do-PCA-2025.jpg 2000w\" sizes=\"auto, (max-width: 1024px) 100vw, 1024px\"\/><figcaption class=\"wp-element-caption\">Semad promove treinamento aos servidores para cria\u00e7\u00e3o do PCA 2025<\/figcaption><\/figure>\n<\/p><\/div>\n<p><br \/>\n<br \/><a href=\"https:\/\/piracicaba.sp.gov.br\/noticias\/prefeitura-inicia-implantacao-do-plano-de-contratacao-anual\/\" rel=\"noopener\">Informa\u00e7\u00f5es PMP <\/a><\/p>\n","protected":false},"excerpt":{"rendered":"<p>Servidores das \u00e1reas administrativa e financeiro acompanharam o passo a passo para utiliza\u00e7\u00e3o da plataforma A Prefeitura de Piracicaba, por meio da Secretaria Municipal de Administra\u00e7\u00e3o (Semad), deu in\u00edcio ontem, 18\/04, \u00e0 implanta\u00e7\u00e3o do Plano de Contrata\u00e7\u00e3o Anual (PCA), por meio de um treinamento aos servidores respons\u00e1veis pelas \u00e1reas financeira, administrativa e de planejamento do [&hellip;]<\/p>\n","protected":false},"author":1,"featured_media":2107,"comment_status":"open","ping_status":"open","sticky":false,"template":"","format":"standard","meta":{"_jetpack_newsletter_access":"","_jetpack_dont_email_post_to_subs":false,"_jetpack_newsletter_tier_id":0,"_jetpack_memberships_contains_paywalled_content":false,"_mbp_banners":[],"_jetpack_feature_clip_id":0,"_jetpack_memberships_contains_paid_content":false,"footnotes":"","jetpack_publicize_message":"","jetpack_publicize_feature_enabled":true,"jetpack_social_post_already_shared":true,"jetpack_social_options":{"image_generator_settings":{"template":"highway","default_image_id":0,"font":"","enabled":false},"version":2},"jetpack_post_was_ever_published":false},"categories":[20],"tags":[],"class_list":["post-2106","post","type-post","status-publish","format-standard","has-post-thumbnail","category-regiao"],"jetpack_publicize_connections":[],"jetpack-related-posts":[],"jetpack_shortlink":"https:\/\/wp.me\/p7Eq1F-xY","jetpack_sharing_enabled":true,"jetpack_featured_media_url":"https:\/\/i0.wp.com\/guialimeira.com.br\/news\/wp-content\/uploads\/2024\/04\/Servidores-das-areas-administrativa-e-financeiro-acompanharam-o-passo-a-passo-para-utilizacao-da-plataforma-1024x682.jpg?fit=1024%2C682&ssl=1","_links":{"self":[{"href":"https:\/\/guialimeira.com.br\/news\/wp-json\/wp\/v2\/posts\/2106","targetHints":{"allow":["GET"]}}],"collection":[{"href":"https:\/\/guialimeira.com.br\/news\/wp-json\/wp\/v2\/posts"}],"about":[{"href":"https:\/\/guialimeira.com.br\/news\/wp-json\/wp\/v2\/types\/post"}],"author":[{"embeddable":true,"href":"https:\/\/guialimeira.com.br\/news\/wp-json\/wp\/v2\/users\/1"}],"replies":[{"embeddable":true,"href":"https:\/\/guialimeira.com.br\/news\/wp-json\/wp\/v2\/comments?post=2106"}],"version-history":[{"count":0,"href":"https:\/\/guialimeira.com.br\/news\/wp-json\/wp\/v2\/posts\/2106\/revisions"}],"wp:featuredmedia":[{"embeddable":true,"href":"https:\/\/guialimeira.com.br\/news\/wp-json\/wp\/v2\/media\/2107"}],"wp:attachment":[{"href":"https:\/\/guialimeira.com.br\/news\/wp-json\/wp\/v2\/media?parent=2106"}],"wp:term":[{"taxonomy":"category","embeddable":true,"href":"https:\/\/guialimeira.com.br\/news\/wp-json\/wp\/v2\/categories?post=2106"},{"taxonomy":"post_tag","embeddable":true,"href":"https:\/\/guialimeira.com.br\/news\/wp-json\/wp\/v2\/tags?post=2106"}],"curies":[{"name":"wp","href":"https:\/\/api.w.org\/{rel}","templated":true}]}}