{"id":21022,"date":"2025-01-17T10:08:30","date_gmt":"2025-01-17T13:08:30","guid":{"rendered":"https:\/\/guialimeira.com.br\/2025\/01\/17\/israel-vota-acordo-de-cessar-fogo-na-faixa-de-gaza-nesta-sexta-feira\/"},"modified":"2025-01-17T10:08:30","modified_gmt":"2025-01-17T13:08:30","slug":"israel-vota-acordo-de-cessar-fogo-na-faixa-de-gaza-nesta-sexta-feira","status":"publish","type":"post","link":"https:\/\/guialimeira.com.br\/news\/israel-vota-acordo-de-cessar-fogo-na-faixa-de-gaza-nesta-sexta-feira\/","title":{"rendered":"Israel vota acordo de cessar-fogo na Faixa de Gaza nesta sexta-feira"},"content":{"rendered":"<p> <br \/>\n<\/p>\n<div>\n<p>Enquanto segue bombardeando a Faixa de Gaza, o gabinete do primeiro-ministro de Israel, Benjamin Netanyahu, informou que ir\u00e1 analisar o acordo de cessar-fogo nesta sexta-feira (17).<img data-recalc-dims=\"1\" decoding=\"async\" src=\"https:\/\/i0.wp.com\/agenciabrasil.ebc.com.br\/ebc.png?w=696&#038;ssl=1\" style=\"width:1px; height:1px; display:inline;\"\/><img data-recalc-dims=\"1\" decoding=\"async\" src=\"https:\/\/i0.wp.com\/agenciabrasil.ebc.com.br\/ebc.gif?w=696&#038;ssl=1\" style=\"width:1px; height:1px; display:inline;\"\/><\/p>\n<p>Em comunicado, o governo de Tel Aviv detalhou que o acordo deve ser submetido a duas vota\u00e7\u00f5es: uma no gabinete de seguran\u00e7a, mais restrito; e outra do conselho de ministros, que engloba todo governo.<\/p>\n<p>\u201cO primeiro-ministro ordenou que o Gabinete de Seguran\u00e7a seja convocado mais tarde hoje [sexta-feira]. O Governo ser\u00e1 convocado depois para aprovar o acordo\u201d, diz o informe, acrescentando que Netanyahu \u201cexpressou seu apre\u00e7o pela equipe de negocia\u00e7\u00e3o e por todos aqueles que ajudaram\u201d.<\/p>\n<p>O governo israelense disse ainda que as fam\u00edlias dos ref\u00e9ns foram informadas para coordenar os preparativos para receber as pessoas que hoje est\u00e3o sob o poder do Hamas.<\/p>\n<p>\u201cO Estado de Israel est\u00e1 comprometido em atingir todos os objetivos da guerra, incluindo o retorno de todos os nossos ref\u00e9ns, os vivos e os mortos\u201d, completou o comunicado do gabinete do governo.<\/p>\n<p>Em um segundo comunicado, tamb\u00e9m publicado nesta sexta-feira (17), o governo informa que, enquanto aguarda a aprova\u00e7\u00e3o do acordo de cessar-fogo, \u201ca liberta\u00e7\u00e3o dos ref\u00e9ns ser\u00e1 implementada de acordo com o cen\u00e1rio planejado, no qual se espera que os ref\u00e9ns sejam libertados no domingo [19]\u201d.<\/p>\n<p>O ministro da Seguran\u00e7a P\u00fablica, Itamar Bem-Gvir, informou que votar\u00e1 contra o acordo e deixar\u00e1 o governo se ele for aprovado.<\/p>\n<p>\u201cAdoro o primeiro-ministro Benjamin Netanyahu e garantirei que ele continue a ser primeiro-ministro, mas irei embora porque o acordo que foi assinado foi desastroso; liberta centenas de terroristas com sangue nas m\u00e3os\u201d, informou em uma rede social.<\/p>\n<h2>O acordo<\/h2>\n<p>O acordo determina uma fase inicial de seis semanas de tr\u00e9gua com a retirada gradual das for\u00e7as israelenses de Gaza e a liberta\u00e7\u00e3o de 33 ref\u00e9ns mantidos pelo Hamas em troca de palestinos presos por Israel.<\/p>\n<p>A \u00faltima fase do acordo prev\u00ea a discuss\u00e3o de um governo alternativo em Gaza e planos para reconstruir a regi\u00e3o.<\/p>\n<p>Ap\u00f3s o an\u00fancio do cessar-fogo por autoridades do Catar e dos Estados Unidos (EUA), que mediaram as negocia\u00e7\u00f5es, Israel manteve os bombardeios contra Gaza e as autoridades locais estimam que mais de 100 pessoas morreram desde o an\u00fancio da tr\u00e9gua.<\/p>\n<p>As For\u00e7as de Defesa de Israel (FDI) informaram que, em 24 horas, realizaram ataques a 50 alvos na Faixa de Gaza ligados ao Hamas e \u00e0 Jihad Isl\u00e2micas.<\/p>\n<p>\u00a0<\/p>\n<p>      <!-- Relacionada --><\/p>\n<p>            <!-- Relacionada -->\n    <\/div>\n<p><br \/>\n<br \/><a href=\"https:\/\/agenciabrasil.ebc.com.br\/internacional\/noticia\/2025-01\/israel-vota-acordo-de-cessar-fogo-na-faixa-de-gaza-nesta-sexta-feira\" rel=\"noopener\">Ag\u00eancia Brasil <\/a><\/p>\n","protected":false},"excerpt":{"rendered":"<p>Enquanto segue bombardeando a Faixa de Gaza, o gabinete do primeiro-ministro de Israel, Benjamin Netanyahu, informou que ir\u00e1 analisar o acordo de cessar-fogo nesta sexta-feira (17). Em comunicado, o governo de Tel Aviv detalhou que o acordo deve ser submetido a duas vota\u00e7\u00f5es: uma no gabinete de seguran\u00e7a, mais restrito; e outra do conselho de [&hellip;]<\/p>\n","protected":false},"author":1,"featured_media":21023,"comment_status":"open","ping_status":"open","sticky":false,"template":"","format":"standard","meta":{"_jetpack_newsletter_access":"","_jetpack_dont_email_post_to_subs":false,"_jetpack_newsletter_tier_id":0,"_jetpack_memberships_contains_paywalled_content":false,"_mbp_banners":[],"_jetpack_feature_clip_id":0,"_jetpack_memberships_contains_paid_content":false,"footnotes":"","jetpack_publicize_message":"","jetpack_publicize_feature_enabled":true,"jetpack_social_post_already_shared":true,"jetpack_social_options":{"image_generator_settings":{"template":"highway","default_image_id":0,"font":"","enabled":false},"version":2},"jetpack_post_was_ever_published":false},"categories":[25],"tags":[],"class_list":["post-21022","post","type-post","status-publish","format-standard","has-post-thumbnail","category-internacional"],"jetpack_publicize_connections":[],"jetpack-related-posts":[],"jetpack_shortlink":"https:\/\/wp.me\/p7Eq1F-5t4","jetpack_sharing_enabled":true,"jetpack_featured_media_url":"https:\/\/i0.wp.com\/guialimeira.com.br\/news\/wp-content\/uploads\/2025\/01\/2023-11-22t032142z_1_lynxmpejal03l_rtroptp_4_israel-palestinians-hostages.jpg?fit=1600%2C800&ssl=1","_links":{"self":[{"href":"https:\/\/guialimeira.com.br\/news\/wp-json\/wp\/v2\/posts\/21022","targetHints":{"allow":["GET"]}}],"collection":[{"href":"https:\/\/guialimeira.com.br\/news\/wp-json\/wp\/v2\/posts"}],"about":[{"href":"https:\/\/guialimeira.com.br\/news\/wp-json\/wp\/v2\/types\/post"}],"author":[{"embeddable":true,"href":"https:\/\/guialimeira.com.br\/news\/wp-json\/wp\/v2\/users\/1"}],"replies":[{"embeddable":true,"href":"https:\/\/guialimeira.com.br\/news\/wp-json\/wp\/v2\/comments?post=21022"}],"version-history":[{"count":0,"href":"https:\/\/guialimeira.com.br\/news\/wp-json\/wp\/v2\/posts\/21022\/revisions"}],"wp:featuredmedia":[{"embeddable":true,"href":"https:\/\/guialimeira.com.br\/news\/wp-json\/wp\/v2\/media\/21023"}],"wp:attachment":[{"href":"https:\/\/guialimeira.com.br\/news\/wp-json\/wp\/v2\/media?parent=21022"}],"wp:term":[{"taxonomy":"category","embeddable":true,"href":"https:\/\/guialimeira.com.br\/news\/wp-json\/wp\/v2\/categories?post=21022"},{"taxonomy":"post_tag","embeddable":true,"href":"https:\/\/guialimeira.com.br\/news\/wp-json\/wp\/v2\/tags?post=21022"}],"curies":[{"name":"wp","href":"https:\/\/api.w.org\/{rel}","templated":true}]}}