{"id":21002,"date":"2025-01-16T22:02:08","date_gmt":"2025-01-17T01:02:08","guid":{"rendered":"https:\/\/guialimeira.com.br\/2025\/01\/16\/publicada-mp-que-proibe-cobranca-diferenciada-por-transacoes-com-pix\/"},"modified":"2025-01-16T22:02:08","modified_gmt":"2025-01-17T01:02:08","slug":"publicada-mp-que-proibe-cobranca-diferenciada-por-transacoes-com-pix","status":"publish","type":"post","link":"https:\/\/guialimeira.com.br\/news\/publicada-mp-que-proibe-cobranca-diferenciada-por-transacoes-com-pix\/","title":{"rendered":"Publicada MP que pro\u00edbe cobran\u00e7a diferenciada por transa\u00e7\u00f5es com Pix"},"content":{"rendered":"<p> <br \/>\n<\/p>\n<div>\n<p>O governo federal publicou, na edi\u00e7\u00e3o desta quinta-feira (16), no <em>Di\u00e1rio Oficial da Uni\u00e3o<\/em>, <a href=\"https:\/\/pesquisa.in.gov.br\/imprensa\/jsp\/visualiza\/index.jsp?jornal=600&amp;pagina=1&amp;data=16\/01\/2025&amp;totalArquivos=1\" target=\"_blank\" rel=\"noopener\">medida provis\u00f3ria (MP)<\/a> que pro\u00edbe a cobran\u00e7a de tributos e valores adicionais em pagamentos e transa\u00e7\u00f5es via Pix.<img data-recalc-dims=\"1\" decoding=\"async\" src=\"https:\/\/i0.wp.com\/agenciabrasil.ebc.com.br\/ebc.png?w=696&#038;ssl=1\" style=\"width:1px; height:1px; display:inline;\"\/><img data-recalc-dims=\"1\" decoding=\"async\" src=\"https:\/\/i0.wp.com\/agenciabrasil.ebc.com.br\/ebc.gif?w=696&#038;ssl=1\" style=\"width:1px; height:1px; display:inline;\"\/><\/p>\n<p>O texto classifica como pr\u00e1tica abusiva a exig\u00eancia, pelo fornecedor de produtos ou servi\u00e7os, em estabelecimentos f\u00edsicos ou virtuais, de pre\u00e7o superior, valor ou encargo adicional em raz\u00e3o da realiza\u00e7\u00e3o de pagamentos por meio de Pix \u00e0 vista.<\/p>\n<p>A pr\u00e1tica, de acordo com a publica\u00e7\u00e3o, sujeita o infrator \u00e0s penalidades previstas na legisla\u00e7\u00e3o do direito do consumidor. \u201cFornecedores de produtos ou servi\u00e7os, em estabelecimentos f\u00edsicos ou virtuais, dever\u00e3o informar os consumidores, de forma clara e inequ\u00edvoca, sobre a veda\u00e7\u00e3o de cobran\u00e7a de pre\u00e7o superior, valor ou encargo adicional para pagamentos por meio de Pix \u00e0 vista.\u201d<\/p>\n<p>Ainda segundo o texto, o Minist\u00e9rio da Justi\u00e7a e Seguran\u00e7a P\u00fablica vai disponibilizar um canal digital de orienta\u00e7\u00e3o e recebimento de den\u00fancias de il\u00edcitos e crimes contra a rela\u00e7\u00e3o de consumo.<\/p>\n<p>\u201cO pagamento realizado por meio de Pix \u00e0 vista equipara-se ao pagamento em esp\u00e9cie. N\u00e3o incide tributo, seja imposto, taxa ou contribui\u00e7\u00e3o, no uso do Pix\u201d. A medida provis\u00f3ria entra em vigor na data da publica\u00e7\u00e3o.<\/p>\n<h2>Revoga\u00e7\u00e3o<\/h2>\n<p>Diante da onda de <em>fake news<\/em> (not\u00edcias falsas) em torno da moderniza\u00e7\u00e3o da fiscaliza\u00e7\u00e3o do Pix, a Receita Federal <a href=\"https:\/\/agenciabrasil.ebc.com.br\/economia\/noticia\/2025-01\/receita-revoga-ato-normativo-que-previa-fiscalizacao-do-pix\" target=\"_blank\" rel=\"noopener\">revogou<\/a> nesta quarta-feira (16) o ato normativo que estendia o monitoramento das transa\u00e7\u00f5es aos bancos digitais, fintechs e institui\u00e7\u00f5es de pagamento.<\/p>\n<p>O ministro da Fazenda, Fernando Haddad, e o secret\u00e1rio especial da Receita Federal, Robinson Barreirinhas, anunciaram a revoga\u00e7\u00e3o da instru\u00e7\u00e3o normativa e a edi\u00e7\u00e3o da medida provis\u00f3ria.<\/p>\n<p>Segundo o governo, a MP refor\u00e7a princ\u00edpios garantidos pela Constitui\u00e7\u00e3o nas transa\u00e7\u00f5es por Pix, como o sigilo banc\u00e1rio e a n\u00e3o cobran\u00e7a de impostos nas transfer\u00eancias pela modalidade, al\u00e9m de garantir a gratuidade desse meio de pagamento para pessoas f\u00edsicas.<\/p>\n<p>\u201cEssa revoga\u00e7\u00e3o se d\u00e1 por dois motivos: tirar isso que tristemente virou uma arma nas m\u00e3os desses criminosos e inescrupulosos. A segunda raz\u00e3o \u00e9 n\u00e3o prejudicar a tramita\u00e7\u00e3o do ato que ser\u00e1 anunciado [a medida provis\u00f3ria]\u201d, explicou Barreirinhas.<\/p>\n<p>Com a edi\u00e7\u00e3o da MP, nenhum comerciante pode cobrar pre\u00e7os diferentes entre pagamentos via Pix e em dinheiro, pr\u00e1tica que come\u00e7ou a ser detectada nos \u00faltimos dias. Para Haddad, a medida provis\u00f3ria deve extinguir a onda de <em>fake news<\/em> em rela\u00e7\u00e3o \u00e0 taxa\u00e7\u00e3o do Pix, que tomou conta das redes sociais desde o in\u00edcio do ano.<\/p>\n<p>      <!-- Relacionada --><\/p>\n<p>            <!-- Relacionada -->\n    <\/div>\n<p><br \/>\n<br \/><a href=\"https:\/\/agenciabrasil.ebc.com.br\/economia\/noticia\/2025-01\/publicada-mp-que-proibe-cobranca-diferenciada-por-transacoes-com-pix\" rel=\"noopener\">Ag\u00eancia Brasil<\/a><\/p>\n","protected":false},"excerpt":{"rendered":"<p>O governo federal publicou, na edi\u00e7\u00e3o desta quinta-feira (16), no Di\u00e1rio Oficial da Uni\u00e3o, medida provis\u00f3ria (MP) que pro\u00edbe a cobran\u00e7a de tributos e valores adicionais em pagamentos e transa\u00e7\u00f5es via Pix. O texto classifica como pr\u00e1tica abusiva a exig\u00eancia, pelo fornecedor de produtos ou servi\u00e7os, em estabelecimentos f\u00edsicos ou virtuais, de pre\u00e7o superior, valor [&hellip;]<\/p>\n","protected":false},"author":1,"featured_media":20948,"comment_status":"open","ping_status":"open","sticky":false,"template":"","format":"standard","meta":{"_jetpack_newsletter_access":"","_jetpack_dont_email_post_to_subs":false,"_jetpack_newsletter_tier_id":0,"_jetpack_memberships_contains_paywalled_content":false,"_mbp_banners":[],"_jetpack_feature_clip_id":0,"_jetpack_memberships_contains_paid_content":false,"footnotes":"","jetpack_publicize_message":"","jetpack_publicize_feature_enabled":true,"jetpack_social_post_already_shared":true,"jetpack_social_options":{"image_generator_settings":{"template":"highway","default_image_id":0,"font":"","enabled":false},"version":2},"jetpack_post_was_ever_published":false},"categories":[24],"tags":[],"class_list":["post-21002","post","type-post","status-publish","format-standard","has-post-thumbnail","category-economia"],"jetpack_publicize_connections":[],"jetpack-related-posts":[],"jetpack_shortlink":"https:\/\/wp.me\/p7Eq1F-5sK","jetpack_sharing_enabled":true,"jetpack_featured_media_url":"https:\/\/i0.wp.com\/guialimeira.com.br\/news\/wp-content\/uploads\/2025\/01\/f17f8a51-606a-4881-99b8-5dca04446953.jpeg?fit=1600%2C800&ssl=1","_links":{"self":[{"href":"https:\/\/guialimeira.com.br\/news\/wp-json\/wp\/v2\/posts\/21002","targetHints":{"allow":["GET"]}}],"collection":[{"href":"https:\/\/guialimeira.com.br\/news\/wp-json\/wp\/v2\/posts"}],"about":[{"href":"https:\/\/guialimeira.com.br\/news\/wp-json\/wp\/v2\/types\/post"}],"author":[{"embeddable":true,"href":"https:\/\/guialimeira.com.br\/news\/wp-json\/wp\/v2\/users\/1"}],"replies":[{"embeddable":true,"href":"https:\/\/guialimeira.com.br\/news\/wp-json\/wp\/v2\/comments?post=21002"}],"version-history":[{"count":0,"href":"https:\/\/guialimeira.com.br\/news\/wp-json\/wp\/v2\/posts\/21002\/revisions"}],"wp:featuredmedia":[{"embeddable":true,"href":"https:\/\/guialimeira.com.br\/news\/wp-json\/wp\/v2\/media\/20948"}],"wp:attachment":[{"href":"https:\/\/guialimeira.com.br\/news\/wp-json\/wp\/v2\/media?parent=21002"}],"wp:term":[{"taxonomy":"category","embeddable":true,"href":"https:\/\/guialimeira.com.br\/news\/wp-json\/wp\/v2\/categories?post=21002"},{"taxonomy":"post_tag","embeddable":true,"href":"https:\/\/guialimeira.com.br\/news\/wp-json\/wp\/v2\/tags?post=21002"}],"curies":[{"name":"wp","href":"https:\/\/api.w.org\/{rel}","templated":true}]}}