{"id":2099,"date":"2024-04-19T22:06:05","date_gmt":"2024-04-20T01:06:05","guid":{"rendered":"https:\/\/guialimeira.com.br\/2024\/04\/19\/alexandre-de-moraes-diz-que-soberania-brasileira-esta-sob-ataque\/"},"modified":"2024-04-19T22:06:05","modified_gmt":"2024-04-20T01:06:05","slug":"alexandre-de-moraes-diz-que-soberania-brasileira-esta-sob-ataque","status":"publish","type":"post","link":"https:\/\/guialimeira.com.br\/news\/alexandre-de-moraes-diz-que-soberania-brasileira-esta-sob-ataque\/","title":{"rendered":"Alexandre de Moraes diz que soberania brasileira est\u00e1 sob ataque"},"content":{"rendered":"<p> <br \/>\n<\/p>\n<div>\n<p>O ministro do Supremo Tribunal Federal (STF) e presidente do Tribunal Superior Eleitoral (TSE), Alexandre de Moraes, afirmou nesta sexta-feira (19) que a soberania brasileira est\u00e1 sob um ataque promovido de forma articulada entre mercantilistas estrangeiros ligados \u00e0s redes sociais e pol\u00edticos brasileiros extremistas. Alvo de uma s\u00e9rie de acusa\u00e7\u00f5es do empres\u00e1rio norte-americano Elon Musk, propriet\u00e1rio da rede social X, o ministro disse que a Justi\u00e7a brasileira n\u00e3o ir\u00e1 se abalar.<img data-recalc-dims=\"1\" decoding=\"async\" src=\"https:\/\/i0.wp.com\/agenciabrasil.ebc.com.br\/ebc.png?w=696&#038;ssl=1\" style=\"width:1px; height:1px; display:inline;\"\/><img data-recalc-dims=\"1\" decoding=\"async\" src=\"https:\/\/i0.wp.com\/agenciabrasil.ebc.com.br\/ebc.gif?w=696&#038;ssl=1\" style=\"width:1px; height:1px; display:inline;\"\/><\/p>\n<p>&#8220;A Justi\u00e7a Eleitoral continuar\u00e1 a defender a vontade do eleitor contra a manipula\u00e7\u00e3o no poder econ\u00f4mico nas redes sociais, algumas das quais s\u00f3 pretendem o lucro e a explora\u00e7\u00e3o sem qualquer responsabilidade. O Poder Judici\u00e1rio est\u00e1 acostumado a combater mercantilistas estrangeiros que tratam o Brasil como col\u00f4nia e pol\u00edticos extremistas e antidemocr\u00e1ticos, que preferem se subjugar a interesses internacionais do que defender o desenvolvimento do Brasil&#8221;, afirmou Moraes, sem citar nomes.<\/p>\n<p>As declara\u00e7\u00f5es foram dadas durante a <a href=\"https:\/\/agenciabrasil.ebc.com.br\/justica\/noticia\/2024-04\/municipio-do-rio-e-tse-lancam-pedra-fundamental-do-museu-da-democracia\" target=\"_blank\" rel=\"noopener\">cerim\u00f4nia de lan\u00e7amento da pedra fundamental<\/a> do Museu da Democracia. Resultado de um acordo entre o TSE e a Prefeitura do Rio de Janeiro, a sede do espa\u00e7o ser\u00e1 no pr\u00e9dio do Centro Cultural da Justi\u00e7a Eleitoral (CCJE), no centro da cidade. O edif\u00edcio ainda passar\u00e1 por interven\u00e7\u00f5es e n\u00e3o h\u00e1 data estipulada para a inaugura\u00e7\u00e3o.<\/p>\n<p>&#8220;Democracia n\u00e3o combina com abuso de poder pol\u00edtico e de poder econ\u00f4mico. E n\u00f3s tamb\u00e9m vamos contar aqui no Museu da Democracia o combate hist\u00f3rico da Justi\u00e7a Eleitoral contra o abuso do poder pol\u00edtico e do poder econ\u00f4mico que reiteradas vezes vieram amea\u00e7ar a democracia brasileira&#8221;, disse Moraes.<\/p>\n<p>Elon Musk, que nos \u00faltimos meses tem realizado encontros com lideran\u00e7as da extrema-direita internacional e se alinhado no Brasil a teses propagadas por apoiadores do ex-presidente Jair Bolsonaro, vem afirmando que o ministro age de forma autorit\u00e1ria ao ordenar a censura de diversos perfis. Ele chegou a amea\u00e7ar uma desobedi\u00eancia de decis\u00f5es judiciais.<\/p>\n<p>Al\u00e9m das acusa\u00e7\u00f5es de Musk, Moraes tamb\u00e9m se tornou alvo nos \u00faltimos dias de um <a href=\"https:\/\/agenciabrasil.ebc.com.br\/justica\/noticia\/2024-04\/stf-reafirma-que-todas-decisoes-da-corte-sao-fundamentadas\" target=\"_blank\" rel=\"noopener\">relat\u00f3rio do Comit\u00ea de Assuntos Judici\u00e1rios da C\u00e2mara dos Deputados dos Estados Unidos<\/a>, produzido por influ\u00eancia de congressistas do Partido Republicano pr\u00f3ximos do ex-presidente americano Donald Trump. O documento, intitulado O ataque \u00e0 liberdade de express\u00e3o no exterior e o sil\u00eancio da administra\u00e7\u00e3o Biden: o caso do Brasil, sugere que houve censura com a suspens\u00e3o de quase 150 contas na rede social X. A circula\u00e7\u00e3o do relat\u00f3rio pela internet foi impulsionada por perfis de apoiadores do ex-presidente Jair Bolsonaro.<\/p>\n<p>Em seu discurso, Moraes n\u00e3o fez coment\u00e1rios espec\u00edficos sobre essas alega\u00e7\u00f5es. Ele elogiou a defini\u00e7\u00e3o de democracia citada em v\u00eddeo institucional produzido pela Prefeitura do Rio de Janeiro e veiculado na cerim\u00f4nia. &#8220;Democracia \u00e9 liberdade com responsabilidade. Todo mundo tem que conhecer e respeitar as regras. Pode discordar, pode divergir, mas n\u00e3o pode descumprir, n\u00e3o pode afrontar&#8221;, diz um trecho do v\u00eddeo.<\/p>\n<\/p><\/div>\n<p><br \/>\n<br \/><a href=\"https:\/\/agenciabrasil.ebc.com.br\/justica\/noticia\/2024-04\/alexandre-de-moraes-diz-que-soberania-brasileira-esta-sob-ataque\" rel=\"noopener\">Ag\u00eancia Brasil<\/a><\/p>\n","protected":false},"excerpt":{"rendered":"<p>O ministro do Supremo Tribunal Federal (STF) e presidente do Tribunal Superior Eleitoral (TSE), Alexandre de Moraes, afirmou nesta sexta-feira (19) que a soberania brasileira est\u00e1 sob um ataque promovido de forma articulada entre mercantilistas estrangeiros ligados \u00e0s redes sociais e pol\u00edticos brasileiros extremistas. Alvo de uma s\u00e9rie de acusa\u00e7\u00f5es do empres\u00e1rio norte-americano Elon Musk, [&hellip;]<\/p>\n","protected":false},"author":1,"featured_media":2100,"comment_status":"open","ping_status":"open","sticky":false,"template":"","format":"standard","meta":{"_jetpack_newsletter_access":"","_jetpack_dont_email_post_to_subs":false,"_jetpack_newsletter_tier_id":0,"_jetpack_memberships_contains_paywalled_content":false,"_mbp_banners":[],"_jetpack_feature_clip_id":0,"_jetpack_memberships_contains_paid_content":false,"footnotes":"","jetpack_publicize_message":"","jetpack_publicize_feature_enabled":true,"jetpack_social_post_already_shared":true,"jetpack_social_options":{"image_generator_settings":{"template":"highway","default_image_id":0,"font":"","enabled":false},"version":2},"jetpack_post_was_ever_published":false},"categories":[22],"tags":[],"class_list":["post-2099","post","type-post","status-publish","format-standard","has-post-thumbnail","category-nacional"],"jetpack_publicize_connections":[],"jetpack-related-posts":[],"jetpack_shortlink":"https:\/\/wp.me\/p7Eq1F-xR","jetpack_sharing_enabled":true,"jetpack_featured_media_url":"https:\/\/i0.wp.com\/guialimeira.com.br\/news\/wp-content\/uploads\/2024\/04\/53664888091_0066bc6f15_o.jpg?fit=1600%2C800&ssl=1","_links":{"self":[{"href":"https:\/\/guialimeira.com.br\/news\/wp-json\/wp\/v2\/posts\/2099","targetHints":{"allow":["GET"]}}],"collection":[{"href":"https:\/\/guialimeira.com.br\/news\/wp-json\/wp\/v2\/posts"}],"about":[{"href":"https:\/\/guialimeira.com.br\/news\/wp-json\/wp\/v2\/types\/post"}],"author":[{"embeddable":true,"href":"https:\/\/guialimeira.com.br\/news\/wp-json\/wp\/v2\/users\/1"}],"replies":[{"embeddable":true,"href":"https:\/\/guialimeira.com.br\/news\/wp-json\/wp\/v2\/comments?post=2099"}],"version-history":[{"count":0,"href":"https:\/\/guialimeira.com.br\/news\/wp-json\/wp\/v2\/posts\/2099\/revisions"}],"wp:featuredmedia":[{"embeddable":true,"href":"https:\/\/guialimeira.com.br\/news\/wp-json\/wp\/v2\/media\/2100"}],"wp:attachment":[{"href":"https:\/\/guialimeira.com.br\/news\/wp-json\/wp\/v2\/media?parent=2099"}],"wp:term":[{"taxonomy":"category","embeddable":true,"href":"https:\/\/guialimeira.com.br\/news\/wp-json\/wp\/v2\/categories?post=2099"},{"taxonomy":"post_tag","embeddable":true,"href":"https:\/\/guialimeira.com.br\/news\/wp-json\/wp\/v2\/tags?post=2099"}],"curies":[{"name":"wp","href":"https:\/\/api.w.org\/{rel}","templated":true}]}}