{"id":20966,"date":"2025-01-16T16:56:56","date_gmt":"2025-01-16T19:56:56","guid":{"rendered":"https:\/\/guialimeira.com.br\/2025\/01\/16\/ministro-diz-que-fusao-entre-azul-e-gol-pode-reduzir-preco-de-passagem\/"},"modified":"2025-01-16T16:56:56","modified_gmt":"2025-01-16T19:56:56","slug":"ministro-diz-que-fusao-entre-azul-e-gol-pode-reduzir-preco-de-passagem","status":"publish","type":"post","link":"https:\/\/guialimeira.com.br\/news\/ministro-diz-que-fusao-entre-azul-e-gol-pode-reduzir-preco-de-passagem\/","title":{"rendered":"Ministro diz que fus\u00e3o entre Azul e Gol pode reduzir pre\u00e7o de passagem"},"content":{"rendered":"<p> <br \/>\n<\/p>\n<div>\n<p>O ministro de Portos e Aeroportos, Silvio Costa Filho (foto), disse que a possibilidade de fus\u00e3o entre duas das tr\u00eas grandes companhias a\u00e9reas que operam no Brasil \u2013 a Azul e a Gol \u2013 poder\u00e1 ser positiva para o pa\u00eds, inclusive no sentido de evitar aumento de tarifas, j\u00e1 que resultariam na diminui\u00e7\u00e3o do n\u00famero de assentos n\u00e3o ocupados das aeronaves.<img data-recalc-dims=\"1\" decoding=\"async\" src=\"https:\/\/i0.wp.com\/agenciabrasil.ebc.com.br\/ebc.png?w=696&#038;ssl=1\" style=\"width:1px; height:1px; display:inline;\"\/><img data-recalc-dims=\"1\" decoding=\"async\" src=\"https:\/\/i0.wp.com\/agenciabrasil.ebc.com.br\/ebc.gif?w=696&#038;ssl=1\" style=\"width:1px; height:1px; display:inline;\"\/><\/p>\n<p>A afirma\u00e7\u00e3o foi feita nesta quinta-feira (16), em Bras\u00edlia, durante caf\u00e9 da manh\u00e3 com jornalistas, um dia ap\u00f3s a Azul e a Abra (<em>holding<\/em> que controla a Gol) terem assinado memorando de entendimento visando a parceria que, consolidada, poder\u00e1 resultar em uma empresa com participa\u00e7\u00e3o superior a 60% do mercado nacional.<\/p>\n<p>Costa Filho afirmou que, para se efetivar, a fus\u00e3o precisar\u00e1, ainda, da aprova\u00e7\u00e3o do Conselho Administrativo de Defesa Econ\u00f4mica (Cade). \u201cTemos tamb\u00e9m a Anac e a imprensa fazendo papel de fiscaliza\u00e7\u00e3o. Acredito que o Cade n\u00e3o vai permitir movimento errado nesta fus\u00e3o. Mas vamos aguardar\u201d, argumentou o ministro ao garantir que n\u00e3o ser\u00e3o permitidos, por estes \u00f3rg\u00e3os, aumentos abusivos nos valores cobrados por passagens a\u00e9reas.<\/p>\n<h2>Aumento do fluxo de passageiros<\/h2>\n<p>A expectativa do ministro \u00e9, portanto, a de aumento do fluxo de passageiros, sem risco de aumento de pre\u00e7os. \u201cEla [a fus\u00e3o] pode ser positiva, evitando aumento da passagem porque, juntas, evitam voos saindo vazios\u201d, disse ele ao lembrar que, em 2024, a taxa de ocupa\u00e7\u00e3o das aeronaves ficou em 84%. Ou seja, 16% dos assentos estavam sem passageiros.<\/p>\n<p>\u201cEu comparo essa fus\u00e3o ao que vemos nas federa\u00e7\u00f5es partid\u00e1rias. Elas est\u00e3o juntas, mas possuem fundos partid\u00e1rios diferentes. Essa poss\u00edvel fus\u00e3o vai fortalecer, mas preservando a autonomia financeira e a governan\u00e7a das empresas. \u00c9 uma esp\u00e9cie de m\u00e3o amiga. Cen\u00e1rio pior seria a quebra das empresas. O olhar do governo ser\u00e1 pela preserva\u00e7\u00e3o dos empregos do setor e pelo fortalecimento da malha a\u00e9rea do pa\u00eds\u201d, finalizou.<\/p>\n<p>      <!-- Relacionada --><\/p>\n<p>            <!-- Relacionada -->\n    <\/div>\n<p><br \/>\n<br \/><a href=\"https:\/\/agenciabrasil.ebc.com.br\/economia\/noticia\/2025-01\/ministro-diz-que-fusao-entre-azul-e-gol-pode-reduzir-preco-de-passagem\" rel=\"noopener\">Ag\u00eancia Brasil<\/a><\/p>\n","protected":false},"excerpt":{"rendered":"<p>O ministro de Portos e Aeroportos, Silvio Costa Filho (foto), disse que a possibilidade de fus\u00e3o entre duas das tr\u00eas grandes companhias a\u00e9reas que operam no Brasil \u2013 a Azul e a Gol \u2013 poder\u00e1 ser positiva para o pa\u00eds, inclusive no sentido de evitar aumento de tarifas, j\u00e1 que resultariam na diminui\u00e7\u00e3o do n\u00famero [&hellip;]<\/p>\n","protected":false},"author":1,"featured_media":20967,"comment_status":"open","ping_status":"open","sticky":false,"template":"","format":"standard","meta":{"_jetpack_newsletter_access":"","_jetpack_dont_email_post_to_subs":false,"_jetpack_newsletter_tier_id":0,"_jetpack_memberships_contains_paywalled_content":false,"_mbp_banners":[],"_jetpack_feature_clip_id":0,"_jetpack_memberships_contains_paid_content":false,"footnotes":"","jetpack_publicize_message":"","jetpack_publicize_feature_enabled":true,"jetpack_social_post_already_shared":true,"jetpack_social_options":{"image_generator_settings":{"template":"highway","default_image_id":0,"font":"","enabled":false},"version":2},"jetpack_post_was_ever_published":false},"categories":[24],"tags":[],"class_list":["post-20966","post","type-post","status-publish","format-standard","has-post-thumbnail","category-economia"],"jetpack_publicize_connections":[],"jetpack-related-posts":[],"jetpack_shortlink":"https:\/\/wp.me\/p7Eq1F-5sa","jetpack_sharing_enabled":true,"jetpack_featured_media_url":"https:\/\/i0.wp.com\/guialimeira.com.br\/news\/wp-content\/uploads\/2025\/01\/54269795246_c6b314a206_o.jpg?fit=1600%2C800&ssl=1","_links":{"self":[{"href":"https:\/\/guialimeira.com.br\/news\/wp-json\/wp\/v2\/posts\/20966","targetHints":{"allow":["GET"]}}],"collection":[{"href":"https:\/\/guialimeira.com.br\/news\/wp-json\/wp\/v2\/posts"}],"about":[{"href":"https:\/\/guialimeira.com.br\/news\/wp-json\/wp\/v2\/types\/post"}],"author":[{"embeddable":true,"href":"https:\/\/guialimeira.com.br\/news\/wp-json\/wp\/v2\/users\/1"}],"replies":[{"embeddable":true,"href":"https:\/\/guialimeira.com.br\/news\/wp-json\/wp\/v2\/comments?post=20966"}],"version-history":[{"count":0,"href":"https:\/\/guialimeira.com.br\/news\/wp-json\/wp\/v2\/posts\/20966\/revisions"}],"wp:featuredmedia":[{"embeddable":true,"href":"https:\/\/guialimeira.com.br\/news\/wp-json\/wp\/v2\/media\/20967"}],"wp:attachment":[{"href":"https:\/\/guialimeira.com.br\/news\/wp-json\/wp\/v2\/media?parent=20966"}],"wp:term":[{"taxonomy":"category","embeddable":true,"href":"https:\/\/guialimeira.com.br\/news\/wp-json\/wp\/v2\/categories?post=20966"},{"taxonomy":"post_tag","embeddable":true,"href":"https:\/\/guialimeira.com.br\/news\/wp-json\/wp\/v2\/tags?post=20966"}],"curies":[{"name":"wp","href":"https:\/\/api.w.org\/{rel}","templated":true}]}}