{"id":20938,"date":"2025-01-16T12:47:05","date_gmt":"2025-01-16T15:47:05","guid":{"rendered":"https:\/\/guialimeira.com.br\/2025\/01\/16\/israel-ataca-local-com-refem-na-faixa-de-gaza-diz-hamas\/"},"modified":"2025-01-16T12:47:05","modified_gmt":"2025-01-16T15:47:05","slug":"israel-ataca-local-com-refem-na-faixa-de-gaza-diz-hamas","status":"publish","type":"post","link":"https:\/\/guialimeira.com.br\/news\/israel-ataca-local-com-refem-na-faixa-de-gaza-diz-hamas\/","title":{"rendered":"Israel ataca local com ref\u00e9m na Faixa de Gaza, diz Hamas"},"content":{"rendered":"<p> <br \/>\n<\/p>\n<div>\n<p>As brigadas Al-Qassam informaram, nesta quinta-feira (16), que os bombardeiros de Israel ap\u00f3s o an\u00fancio de cessar-fogo atingiram um dos locais onde se encontra uma das ref\u00e9ns que devem ser libertadas na primeira fase do acordo.<img data-recalc-dims=\"1\" decoding=\"async\" src=\"https:\/\/i0.wp.com\/agenciabrasil.ebc.com.br\/ebc.png?w=696&#038;ssl=1\" style=\"width:1px; height:1px; display:inline;\"\/><img data-recalc-dims=\"1\" decoding=\"async\" src=\"https:\/\/i0.wp.com\/agenciabrasil.ebc.com.br\/ebc.gif?w=696&#038;ssl=1\" style=\"width:1px; height:1px; display:inline;\"\/><\/p>\n<p>\u201cAp\u00f3s anunciar o acordo, o ex\u00e9rcito inimigo atacou o local onde estava uma das prisioneiras da primeira etapa do acordo esperado. Qualquer agress\u00e3o e bombardeio nesta fase pelo inimigo pode transformar a liberdade de um prisioneiro em uma trag\u00e9dia\u201d, informou Abu Ubeida, porta-voz da organiza\u00e7\u00e3o militar.<\/p>\n<p>Ap\u00f3s o an\u00fancio de cessar-fogo na Faixa de Gaza, <a href=\"https:\/\/agenciabrasil.ebc.com.br\/internacional\/noticia\/2025-01\/israel-mantem-ataques-gaza-e-hamas-reafirma-compromisso-com-acordo\" target=\"_blank\" rel=\"noopener\">pelo menos 71 palestinos foram assassinados<\/a> e outros 200 ficaram feridos por causa dos bombardeios de Israel, segundo as autoridades locais.<\/p>\n<p>Enquanto isso, o Hamas negou comunicado de Israel e reafirmou, nesta quinta-feira (16), que o grupo est\u00e1 comprometido com o acordo de cessar-fogo anunciado pelos mediadores, segundo Izzat al-Rishq, representante pol\u00edtico da organiza\u00e7\u00e3o palestina.<\/p>\n<p>O acordo do cessar-fogo foi colocado em xeque ontem pelo gabinete do primeiro-ministro israelense, Benjamin Netanyahu, que alegou que o Hamas teria feito exig\u00eancias de \u00faltima hora. De acordo com a ag\u00eancia Associated Press, a vota\u00e7\u00e3o do acordo prevista para hoje pelo governo de Israel teria sido suspensa por \u201ccrise de \u00faltima hora\u201d provocada pelo Hamas, segundo informou o gabinete de Netanyahu.<\/p>\n<p>O an\u00fancio do cessar-fogo pelas autoridades do Catar, pa\u00eds que participou como mediador ao lado do Egito e dos Estados Unidos, foi intensamente comemorado pela popula\u00e7\u00e3o de Gaza e por manifestante em Israel, que esperam ver de volta os ref\u00e9ns ainda mantidos em cativeiro. \u00a0<\/p>\n<p>O <a href=\"https:\/\/agenciabrasil.ebc.com.br\/internacional\/noticia\/2025-01\/cessar-fogo-entre-israel-e-hamas-tera-inicio-no-dia-19-de-janeiro\" target=\"_blank\" rel=\"noopener\">acordo determina uma fase inicial<\/a> de seis semanas de tr\u00e9gua com a retirada gradual das for\u00e7as israelenses de Gaza e a liberta\u00e7\u00e3o de 33 ref\u00e9ns mantidos pelo Hamas em troca de palestinos presos por Israel. A \u00faltima fase do acordo prev\u00ea a discuss\u00e3o de um governo alternativo em Gaza e planos para reconstruir a regi\u00e3o sem a participa\u00e7\u00e3o do Hamas.<\/p>\n<p>\u00a0<\/p>\n<p>      <!-- Relacionada --><\/p>\n<p>            <!-- Relacionada -->\n    <\/div>\n<p><br \/>\n<br \/><a href=\"https:\/\/agenciabrasil.ebc.com.br\/internacional\/noticia\/2025-01\/israel-ataca-local-com-refem-na-faixa-de-gaza-diz-hamas\" rel=\"noopener\">Ag\u00eancia Brasil <\/a><\/p>\n","protected":false},"excerpt":{"rendered":"<p>As brigadas Al-Qassam informaram, nesta quinta-feira (16), que os bombardeiros de Israel ap\u00f3s o an\u00fancio de cessar-fogo atingiram um dos locais onde se encontra uma das ref\u00e9ns que devem ser libertadas na primeira fase do acordo. \u201cAp\u00f3s anunciar o acordo, o ex\u00e9rcito inimigo atacou o local onde estava uma das prisioneiras da primeira etapa do [&hellip;]<\/p>\n","protected":false},"author":1,"featured_media":269,"comment_status":"open","ping_status":"open","sticky":false,"template":"","format":"standard","meta":{"_jetpack_newsletter_access":"","_jetpack_dont_email_post_to_subs":false,"_jetpack_newsletter_tier_id":0,"_jetpack_memberships_contains_paywalled_content":false,"_mbp_banners":[],"_jetpack_feature_clip_id":0,"_jetpack_memberships_contains_paid_content":false,"footnotes":"","jetpack_publicize_message":"","jetpack_publicize_feature_enabled":true,"jetpack_social_post_already_shared":true,"jetpack_social_options":{"image_generator_settings":{"template":"highway","default_image_id":0,"font":"","enabled":false},"version":2},"jetpack_post_was_ever_published":false},"categories":[25],"tags":[],"class_list":["post-20938","post","type-post","status-publish","format-standard","has-post-thumbnail","category-internacional"],"jetpack_publicize_connections":[],"jetpack-related-posts":[],"jetpack_shortlink":"https:\/\/wp.me\/p7Eq1F-5rI","jetpack_sharing_enabled":true,"jetpack_featured_media_url":"https:\/\/i0.wp.com\/guialimeira.com.br\/news\/wp-content\/uploads\/2024\/03\/thumb_1200x600_agbrasil.png?fit=1200%2C600&ssl=1","_links":{"self":[{"href":"https:\/\/guialimeira.com.br\/news\/wp-json\/wp\/v2\/posts\/20938","targetHints":{"allow":["GET"]}}],"collection":[{"href":"https:\/\/guialimeira.com.br\/news\/wp-json\/wp\/v2\/posts"}],"about":[{"href":"https:\/\/guialimeira.com.br\/news\/wp-json\/wp\/v2\/types\/post"}],"author":[{"embeddable":true,"href":"https:\/\/guialimeira.com.br\/news\/wp-json\/wp\/v2\/users\/1"}],"replies":[{"embeddable":true,"href":"https:\/\/guialimeira.com.br\/news\/wp-json\/wp\/v2\/comments?post=20938"}],"version-history":[{"count":0,"href":"https:\/\/guialimeira.com.br\/news\/wp-json\/wp\/v2\/posts\/20938\/revisions"}],"wp:featuredmedia":[{"embeddable":true,"href":"https:\/\/guialimeira.com.br\/news\/wp-json\/wp\/v2\/media\/269"}],"wp:attachment":[{"href":"https:\/\/guialimeira.com.br\/news\/wp-json\/wp\/v2\/media?parent=20938"}],"wp:term":[{"taxonomy":"category","embeddable":true,"href":"https:\/\/guialimeira.com.br\/news\/wp-json\/wp\/v2\/categories?post=20938"},{"taxonomy":"post_tag","embeddable":true,"href":"https:\/\/guialimeira.com.br\/news\/wp-json\/wp\/v2\/tags?post=20938"}],"curies":[{"name":"wp","href":"https:\/\/api.w.org\/{rel}","templated":true}]}}