{"id":20928,"date":"2025-01-16T10:50:57","date_gmt":"2025-01-16T13:50:57","guid":{"rendered":"https:\/\/guialimeira.com.br\/2025\/01\/16\/atividade-economica-cresceu-01-em-novembro-de-2024-diz-bc\/"},"modified":"2025-01-16T10:50:57","modified_gmt":"2025-01-16T13:50:57","slug":"atividade-economica-cresceu-01-em-novembro-de-2024-diz-bc","status":"publish","type":"post","link":"https:\/\/guialimeira.com.br\/news\/atividade-economica-cresceu-01-em-novembro-de-2024-diz-bc\/","title":{"rendered":"Atividade econ\u00f4mica cresceu 0,1% em novembro de 2024, diz BC"},"content":{"rendered":"<p> <br \/>\n<\/p>\n<div>\n<p>A economia brasileira cresceu 0,1% no m\u00eas de novembro, na compara\u00e7\u00e3o com outubro, informou hoje (16) o Banco Central (BC).<img data-recalc-dims=\"1\" decoding=\"async\" src=\"https:\/\/i0.wp.com\/agenciabrasil.ebc.com.br\/ebc.png?w=696&#038;ssl=1\" style=\"width:1px; height:1px; display:inline;\"\/><img data-recalc-dims=\"1\" decoding=\"async\" src=\"https:\/\/i0.wp.com\/agenciabrasil.ebc.com.br\/ebc.gif?w=696&#038;ssl=1\" style=\"width:1px; height:1px; display:inline;\"\/><\/p>\n<p>Os dados s\u00e3o do \u00cdndice de Atividade Econ\u00f4mica do BC (IBC-Br) considerado uma esp\u00e9cie de pr\u00e9via do Produto Interno Bruto (PIB). O \u00edndice subiu de 154 para 154,2 pontos no per\u00edodo, o maior n\u00edvel da s\u00e9rie hist\u00f3rica.<\/p>\n<p>Segundo o BC, no ano o \u00edndice subiu 3,8% e, em 12 meses contados at\u00e9 novembro, o IBC-Br apresentou crescimento de 3,6%.<\/p>\n<p>No trimestre encerrado em novembro, o indicador cresceu 0,89%, na compara\u00e7\u00e3o com os tr\u00eas meses anteriores, considerando a s\u00e9rie j\u00e1 com ajuste sazonal.<\/p>\n<p>Na s\u00e9rie sem ajuste, o IBC-Br teve expans\u00e3o de 5,5% no trimestre at\u00e9 novembro, frente ao mesmo per\u00edodo de 2023.<\/p>\n<p>O IBC-Br acompanha m\u00eas a m\u00eas a atividade econ\u00f4mica. O indicador traz informa\u00e7\u00f5es sobre atividade da ind\u00fastria, agropecu\u00e1ria com\u00e9rcio e servi\u00e7os, entre outros e antecipa poss\u00edveis press\u00f5es inflacion\u00e1rias.<\/p>\n<p>      <!-- Relacionada --><\/p>\n<p>            <!-- Relacionada -->\n    <\/div>\n<p><br \/>\n<br \/><a href=\"https:\/\/agenciabrasil.ebc.com.br\/economia\/noticia\/2025-01\/atividade-economica-cresceu-01-em-novembro-de-2024-diz-bc\" rel=\"noopener\">Ag\u00eancia Brasil<\/a><\/p>\n","protected":false},"excerpt":{"rendered":"<p>A economia brasileira cresceu 0,1% no m\u00eas de novembro, na compara\u00e7\u00e3o com outubro, informou hoje (16) o Banco Central (BC). Os dados s\u00e3o do \u00cdndice de Atividade Econ\u00f4mica do BC (IBC-Br) considerado uma esp\u00e9cie de pr\u00e9via do Produto Interno Bruto (PIB). O \u00edndice subiu de 154 para 154,2 pontos no per\u00edodo, o maior n\u00edvel da [&hellip;]<\/p>\n","protected":false},"author":1,"featured_media":7773,"comment_status":"open","ping_status":"open","sticky":false,"template":"","format":"standard","meta":{"_jetpack_newsletter_access":"","_jetpack_dont_email_post_to_subs":false,"_jetpack_newsletter_tier_id":0,"_jetpack_memberships_contains_paywalled_content":false,"_mbp_banners":[],"_jetpack_feature_clip_id":0,"_jetpack_memberships_contains_paid_content":false,"footnotes":"","jetpack_publicize_message":"","jetpack_publicize_feature_enabled":true,"jetpack_social_post_already_shared":true,"jetpack_social_options":{"image_generator_settings":{"template":"highway","default_image_id":0,"font":"","enabled":false},"version":2},"jetpack_post_was_ever_published":false},"categories":[24],"tags":[],"class_list":["post-20928","post","type-post","status-publish","format-standard","has-post-thumbnail","category-economia"],"jetpack_publicize_connections":[],"jetpack-related-posts":[],"jetpack_shortlink":"https:\/\/wp.me\/p7Eq1F-5ry","jetpack_sharing_enabled":true,"jetpack_featured_media_url":"https:\/\/i0.wp.com\/guialimeira.com.br\/news\/wp-content\/uploads\/2024\/06\/minfra_02072110033.jpg?fit=1600%2C800&ssl=1","_links":{"self":[{"href":"https:\/\/guialimeira.com.br\/news\/wp-json\/wp\/v2\/posts\/20928","targetHints":{"allow":["GET"]}}],"collection":[{"href":"https:\/\/guialimeira.com.br\/news\/wp-json\/wp\/v2\/posts"}],"about":[{"href":"https:\/\/guialimeira.com.br\/news\/wp-json\/wp\/v2\/types\/post"}],"author":[{"embeddable":true,"href":"https:\/\/guialimeira.com.br\/news\/wp-json\/wp\/v2\/users\/1"}],"replies":[{"embeddable":true,"href":"https:\/\/guialimeira.com.br\/news\/wp-json\/wp\/v2\/comments?post=20928"}],"version-history":[{"count":0,"href":"https:\/\/guialimeira.com.br\/news\/wp-json\/wp\/v2\/posts\/20928\/revisions"}],"wp:featuredmedia":[{"embeddable":true,"href":"https:\/\/guialimeira.com.br\/news\/wp-json\/wp\/v2\/media\/7773"}],"wp:attachment":[{"href":"https:\/\/guialimeira.com.br\/news\/wp-json\/wp\/v2\/media?parent=20928"}],"wp:term":[{"taxonomy":"category","embeddable":true,"href":"https:\/\/guialimeira.com.br\/news\/wp-json\/wp\/v2\/categories?post=20928"},{"taxonomy":"post_tag","embeddable":true,"href":"https:\/\/guialimeira.com.br\/news\/wp-json\/wp\/v2\/tags?post=20928"}],"curies":[{"name":"wp","href":"https:\/\/api.w.org\/{rel}","templated":true}]}}