{"id":20926,"date":"2025-01-16T10:45:04","date_gmt":"2025-01-16T13:45:04","guid":{"rendered":"https:\/\/guialimeira.com.br\/2025\/01\/16\/israel-mantem-ataques-a-gaza-e-hamas-reafirma-compromisso-com-acordo\/"},"modified":"2025-01-16T10:45:04","modified_gmt":"2025-01-16T13:45:04","slug":"israel-mantem-ataques-a-gaza-e-hamas-reafirma-compromisso-com-acordo","status":"publish","type":"post","link":"https:\/\/guialimeira.com.br\/news\/israel-mantem-ataques-a-gaza-e-hamas-reafirma-compromisso-com-acordo\/","title":{"rendered":"Israel mant\u00e9m ataques \u00e0 Gaza, e Hamas reafirma compromisso com acordo"},"content":{"rendered":"<p> <br \/>\n<\/p>\n<div>\n<p>Ap\u00f3s o an\u00fancio de cessar-fogo na Faixa de Gaza, pelo menos 71 palestinos foram assassinados e outros 200 ficaram feridos por causa dos bombardeios de Israel, segundo as autoridades locais.<img data-recalc-dims=\"1\" decoding=\"async\" src=\"https:\/\/i0.wp.com\/agenciabrasil.ebc.com.br\/ebc.png?w=696&#038;ssl=1\" style=\"width:1px; height:1px; display:inline;\"\/><img data-recalc-dims=\"1\" decoding=\"async\" src=\"https:\/\/i0.wp.com\/agenciabrasil.ebc.com.br\/ebc.gif?w=696&#038;ssl=1\" style=\"width:1px; height:1px; display:inline;\"\/><\/p>\n<p>Enquanto isso, o Hamas negou comunicado de Israel e reafirmou, nesta quinta-feira (16), que o grupo est\u00e1 comprometido com o acordo de cessar-fogo anunciado pelos mediadores, segundo Izzat al-Rishq, representante pol\u00edtico da organiza\u00e7\u00e3o palestina.<\/p>\n<p>O acordo do cessar-fogo foi colocado em xeque ontem pelo gabinete do primeiro-ministro israelense, Benjamin Netanyahu, que alegou que o Hamas teria feito exig\u00eancias de \u00faltima hora. De acordo com a ag\u00eancia <em>Associated Press<\/em>, a vota\u00e7\u00e3o do acordo prevista para hoje pelo governo de Israel teria sido suspensa por \u201ccrise de \u00faltima hora\u201d provocada pelo Hamas, segundo informou o gabinete de Netanyahu.<\/p>\n<p>&#8220;O gabinete israelense n\u00e3o se reunir\u00e1 at\u00e9 que os mediadores notifiquem Israel de que o Hamas aceitou todos os elementos do acordo&#8221;, informou o governo de Tel Aviv.\u00a0<\/p>\n<p>Autoridades israelenses informaram \u00e0 <em>Reuters<\/em> que o acordo n\u00e3o ser\u00e1 oficial por parte de Israel at\u00e9 que ele seja votado pelo gabinete do primeiro-ministro. O governo israelense conta com a oposi\u00e7\u00e3o de parte dos integrantes, que defendem a manuten\u00e7\u00e3o da guerra.<\/p>\n<p>Em comunicado publicado nesta quinta, o primeiro-ministro de Israel informou que conversou por telefone com o atual presidente dos Estados Unidos, Joe Biden, e com o presidente eleito, Donald Trump, que assume no pr\u00f3ximo dia 20. Segundo Benjamin, ele agradeceu a ajuda dos dois para liberta\u00e7\u00e3o dos ref\u00e9ns e pelo \u201cavan\u00e7o no acordo dos ref\u00e9ns\u201d, sem mencionar o cessar-fogo.<\/p>\n<p>O an\u00fancio do cessar-fogo pelas autoridades do Catar, pa\u00eds que participou como mediador ao lado do Egito e dos Estados Unidos, <a href=\"https:\/\/agenciabrasil.ebc.com.br\/internacional\/noticia\/2025-01\/cessar-fogo-entre-israel-e-hamas-tera-inicio-no-dia-19-de-janeiro\" target=\"_blank\" rel=\"noopener\">foi intensamente comemorado pela popula\u00e7\u00e3o de Gaza e por manifestante em Israel<\/a>, que esperam ver de volta os ref\u00e9ns ainda mantidos em cativeiro.<\/p>\n<p>O acordo determina uma fase inicial de seis semanas de tr\u00e9gua com a retirada gradual das for\u00e7as israelenses de Gaza e a liberta\u00e7\u00e3o de 33 ref\u00e9ns mantidos pelo Hamas em troca de palestinos presos por Israel. A \u00faltima fase do acordo prev\u00ea a discuss\u00e3o de um governo alternativo em Gaza e planos para reconstruir a regi\u00e3o sem a participa\u00e7\u00e3o do Hamas.<\/p>\n<p><em>*Com informa\u00e7\u00f5es de ag\u00eancias internacionais<\/em><\/p>\n<p>\u00a0<\/p>\n<p>      <!-- Relacionada --><\/p>\n<p>            <!-- Relacionada -->\n    <\/div>\n<p><br \/>\n<br \/><a href=\"https:\/\/agenciabrasil.ebc.com.br\/internacional\/noticia\/2025-01\/israel-mantem-ataques-gaza-e-hamas-reafirma-compromisso-com-acordo\" rel=\"noopener\">Ag\u00eancia Brasil <\/a><\/p>\n","protected":false},"excerpt":{"rendered":"<p>Ap\u00f3s o an\u00fancio de cessar-fogo na Faixa de Gaza, pelo menos 71 palestinos foram assassinados e outros 200 ficaram feridos por causa dos bombardeios de Israel, segundo as autoridades locais. Enquanto isso, o Hamas negou comunicado de Israel e reafirmou, nesta quinta-feira (16), que o grupo est\u00e1 comprometido com o acordo de cessar-fogo anunciado pelos [&hellip;]<\/p>\n","protected":false},"author":1,"featured_media":20927,"comment_status":"open","ping_status":"open","sticky":false,"template":"","format":"standard","meta":{"_jetpack_newsletter_access":"","_jetpack_dont_email_post_to_subs":false,"_jetpack_newsletter_tier_id":0,"_jetpack_memberships_contains_paywalled_content":false,"_mbp_banners":[],"_jetpack_feature_clip_id":0,"_jetpack_memberships_contains_paid_content":false,"footnotes":"","jetpack_publicize_message":"","jetpack_publicize_feature_enabled":true,"jetpack_social_post_already_shared":true,"jetpack_social_options":{"image_generator_settings":{"template":"highway","default_image_id":0,"font":"","enabled":false},"version":2},"jetpack_post_was_ever_published":false},"categories":[25],"tags":[],"class_list":["post-20926","post","type-post","status-publish","format-standard","has-post-thumbnail","category-internacional"],"jetpack_publicize_connections":[],"jetpack-related-posts":[],"jetpack_shortlink":"https:\/\/wp.me\/p7Eq1F-5rw","jetpack_sharing_enabled":true,"jetpack_featured_media_url":"https:\/\/i0.wp.com\/guialimeira.com.br\/news\/wp-content\/uploads\/2025\/01\/2024-11-14t134422z_729684251_rc215ba6q1f7_rtrmadp_3_israel-palestinians-syria.jpg?fit=1600%2C800&ssl=1","_links":{"self":[{"href":"https:\/\/guialimeira.com.br\/news\/wp-json\/wp\/v2\/posts\/20926","targetHints":{"allow":["GET"]}}],"collection":[{"href":"https:\/\/guialimeira.com.br\/news\/wp-json\/wp\/v2\/posts"}],"about":[{"href":"https:\/\/guialimeira.com.br\/news\/wp-json\/wp\/v2\/types\/post"}],"author":[{"embeddable":true,"href":"https:\/\/guialimeira.com.br\/news\/wp-json\/wp\/v2\/users\/1"}],"replies":[{"embeddable":true,"href":"https:\/\/guialimeira.com.br\/news\/wp-json\/wp\/v2\/comments?post=20926"}],"version-history":[{"count":0,"href":"https:\/\/guialimeira.com.br\/news\/wp-json\/wp\/v2\/posts\/20926\/revisions"}],"wp:featuredmedia":[{"embeddable":true,"href":"https:\/\/guialimeira.com.br\/news\/wp-json\/wp\/v2\/media\/20927"}],"wp:attachment":[{"href":"https:\/\/guialimeira.com.br\/news\/wp-json\/wp\/v2\/media?parent=20926"}],"wp:term":[{"taxonomy":"category","embeddable":true,"href":"https:\/\/guialimeira.com.br\/news\/wp-json\/wp\/v2\/categories?post=20926"},{"taxonomy":"post_tag","embeddable":true,"href":"https:\/\/guialimeira.com.br\/news\/wp-json\/wp\/v2\/tags?post=20926"}],"curies":[{"name":"wp","href":"https:\/\/api.w.org\/{rel}","templated":true}]}}