{"id":20899,"date":"2025-01-15T20:36:48","date_gmt":"2025-01-15T23:36:48","guid":{"rendered":"https:\/\/guialimeira.com.br\/2025\/01\/15\/dolar-cai-para-r-602-e-atinge-menor-valor-em-mais-de-um-mes\/"},"modified":"2025-01-15T20:36:48","modified_gmt":"2025-01-15T23:36:48","slug":"dolar-cai-para-r-602-e-atinge-menor-valor-em-mais-de-um-mes","status":"publish","type":"post","link":"https:\/\/guialimeira.com.br\/news\/dolar-cai-para-r-602-e-atinge-menor-valor-em-mais-de-um-mes\/","title":{"rendered":"D\u00f3lar cai para R$ 6,02 e atinge menor valor em mais de um m\u00eas"},"content":{"rendered":"<p> <br \/>\n<\/p>\n<div>\n<p>Em um dia de alivio no mercado internacional e dom\u00e9stico, o d\u00f3lar aproximou-se de R$ 6 e atingiu o menor valor em mais de um m\u00eas. A bolsa de valores subiu quase 3% e registrou a maior alta di\u00e1ria desde maio de 2023.<img data-recalc-dims=\"1\" decoding=\"async\" src=\"https:\/\/i0.wp.com\/agenciabrasil.ebc.com.br\/ebc.png?w=696&#038;ssl=1\" style=\"width:1px; height:1px; display:inline;\"\/><img data-recalc-dims=\"1\" decoding=\"async\" src=\"https:\/\/i0.wp.com\/agenciabrasil.ebc.com.br\/ebc.gif?w=696&#038;ssl=1\" style=\"width:1px; height:1px; display:inline;\"\/><\/p>\n<p>O d\u00f3lar comercial encerrou esta quarta-feira (15) vendido a R$ 6,024, com recuo de R$ 0,022 (-0,36%). A cota\u00e7\u00e3o abriu pr\u00f3xima da estabilidade, mas passou a despencar ap\u00f3s os dados de infla\u00e7\u00e3o ao consumidor nos Estados Unidos serem bem recebidos pelo mercado.<\/p>\n<p>A moeda norte-americana est\u00e1 no menor n\u00edvel desde 12 de dezembro. Em 2025, a divisa acumula queda de 2,49%.<\/p>\n<p>O mercado de a\u00e7\u00f5es teve um dia mais otimista. O \u00edndice Ibovespa, da B3, fechou aos 122.650 pontos, com alta de 2,81%. O indicador atingiu o maior n\u00edvel desde 17 de dezembro, impulsionado principalmente por a\u00e7\u00f5es de bancos.<\/p>\n<p>No cen\u00e1rio dom\u00e9stico, a divulga\u00e7\u00e3o de que o Tesouro Nacional, a Previd\u00eancia Social e o Banco Central registraram <a href=\"https:\/\/agenciabrasil.ebc.com.br\/economia\/noticia\/2025-01\/deficit-primario-cai-887-em-novembro-para-r-4515-bilhoes\" target=\"_blank\" rel=\"noopener\">d\u00e9ficit prim\u00e1rio menor que o previsto<\/a> em novembro foi bem recebida. No m\u00eas retrasado, o Governo Central registrou d\u00e9ficit de R$ 4,515 bilh\u00f5es, queda de 88,7% em rela\u00e7\u00e3o a novembro de 2023 e o melhor resultado mensal para novembro em tr\u00eas anos.<\/p>\n<p>O principal fator a contribuir para a realidade do governo veio dos Estados Unidos. A divulga\u00e7\u00e3o de que a infla\u00e7\u00e3o ao consumidor ficou em 0,4% em dezembro trouxe al\u00edvio ao mercado global. Apesar de o \u00edndice ter acelerado em rela\u00e7\u00e3o ao 0,3% registrado em novembro, o n\u00facleo da infla\u00e7\u00e3o, que retira os pre\u00e7os de alimentos e de energia, caiu de 0,3% em novembro para 0,2% no m\u00eas passado.<\/p>\n<p>A queda no n\u00facleo da infla\u00e7\u00e3o aumentou as chances de o Federal Reserve (Fed, Banco Central norte-americano) cortar os juros b\u00e1sicos dos Estados Unidos ainda este semestre. Juros mais baixos em economias avan\u00e7adas estimulam a migra\u00e7\u00e3o de capitais para pa\u00edses emergentes, como o Brasil.<\/p>\n<p><em>*Com informa\u00e7\u00f5es da Reuters<\/em><\/p>\n<p>      <!-- Relacionada --><\/p>\n<p>            <!-- Relacionada -->\n    <\/div>\n<p><br \/>\n<br \/><a href=\"https:\/\/agenciabrasil.ebc.com.br\/economia\/noticia\/2025-01\/dolar-cai-para-r-602-e-atinge-menor-valor-em-mais-de-um-mes\" rel=\"noopener\">Ag\u00eancia Brasil<\/a><\/p>\n","protected":false},"excerpt":{"rendered":"<p>Em um dia de alivio no mercado internacional e dom\u00e9stico, o d\u00f3lar aproximou-se de R$ 6 e atingiu o menor valor em mais de um m\u00eas. A bolsa de valores subiu quase 3% e registrou a maior alta di\u00e1ria desde maio de 2023. O d\u00f3lar comercial encerrou esta quarta-feira (15) vendido a R$ 6,024, com [&hellip;]<\/p>\n","protected":false},"author":1,"featured_media":20900,"comment_status":"open","ping_status":"open","sticky":false,"template":"","format":"standard","meta":{"_jetpack_newsletter_access":"","_jetpack_dont_email_post_to_subs":false,"_jetpack_newsletter_tier_id":0,"_jetpack_memberships_contains_paywalled_content":false,"_mbp_banners":[],"_jetpack_feature_clip_id":0,"_jetpack_memberships_contains_paid_content":false,"footnotes":"","jetpack_publicize_message":"","jetpack_publicize_feature_enabled":true,"jetpack_social_post_already_shared":true,"jetpack_social_options":{"image_generator_settings":{"template":"highway","default_image_id":0,"font":"","enabled":false},"version":2},"jetpack_post_was_ever_published":false},"categories":[24],"tags":[],"class_list":["post-20899","post","type-post","status-publish","format-standard","has-post-thumbnail","category-economia"],"jetpack_publicize_connections":[],"jetpack-related-posts":[],"jetpack_shortlink":"https:\/\/wp.me\/p7Eq1F-5r5","jetpack_sharing_enabled":true,"jetpack_featured_media_url":"https:\/\/i0.wp.com\/guialimeira.com.br\/news\/wp-content\/uploads\/2025\/01\/dolar_6.jpg?fit=1600%2C800&ssl=1","_links":{"self":[{"href":"https:\/\/guialimeira.com.br\/news\/wp-json\/wp\/v2\/posts\/20899","targetHints":{"allow":["GET"]}}],"collection":[{"href":"https:\/\/guialimeira.com.br\/news\/wp-json\/wp\/v2\/posts"}],"about":[{"href":"https:\/\/guialimeira.com.br\/news\/wp-json\/wp\/v2\/types\/post"}],"author":[{"embeddable":true,"href":"https:\/\/guialimeira.com.br\/news\/wp-json\/wp\/v2\/users\/1"}],"replies":[{"embeddable":true,"href":"https:\/\/guialimeira.com.br\/news\/wp-json\/wp\/v2\/comments?post=20899"}],"version-history":[{"count":0,"href":"https:\/\/guialimeira.com.br\/news\/wp-json\/wp\/v2\/posts\/20899\/revisions"}],"wp:featuredmedia":[{"embeddable":true,"href":"https:\/\/guialimeira.com.br\/news\/wp-json\/wp\/v2\/media\/20900"}],"wp:attachment":[{"href":"https:\/\/guialimeira.com.br\/news\/wp-json\/wp\/v2\/media?parent=20899"}],"wp:term":[{"taxonomy":"category","embeddable":true,"href":"https:\/\/guialimeira.com.br\/news\/wp-json\/wp\/v2\/categories?post=20899"},{"taxonomy":"post_tag","embeddable":true,"href":"https:\/\/guialimeira.com.br\/news\/wp-json\/wp\/v2\/tags?post=20899"}],"curies":[{"name":"wp","href":"https:\/\/api.w.org\/{rel}","templated":true}]}}