{"id":2089,"date":"2024-04-19T21:05:11","date_gmt":"2024-04-20T00:05:11","guid":{"rendered":"https:\/\/guialimeira.com.br\/2024\/04\/19\/pgr-recorre-para-manter-contraventor-rogerio-andrade-com-tornozeleira\/"},"modified":"2024-04-19T21:05:11","modified_gmt":"2024-04-20T00:05:11","slug":"pgr-recorre-para-manter-contraventor-rogerio-andrade-com-tornozeleira","status":"publish","type":"post","link":"https:\/\/guialimeira.com.br\/news\/pgr-recorre-para-manter-contraventor-rogerio-andrade-com-tornozeleira\/","title":{"rendered":"PGR recorre para manter contraventor Rog\u00e9rio Andrade com tornozeleira"},"content":{"rendered":"<p> <br \/>\n<\/p>\n<div>\n<p>A Procuradoria-Geral da Rep\u00fablica (PGR) apresentou nesta sexta-feira (19) recurso ao Supremo Tribunal Federal (STF) contra a decis\u00e3o do ministro Nunes Marques que autorizou o contraventor Rog\u00e9rio Andrade <a href=\"http:\/\/agenciabrasil.ebc.com.br\/justica\/noticia\/2024-04\/nunes-marques-autoriza-retirada-de-tornozeleira-de-rogerio-andrade\" target=\"_blank\" rel=\"noopener\">a retirar a tornozeleira eletr\u00f4nica<\/a>.<img data-recalc-dims=\"1\" decoding=\"async\" src=\"https:\/\/i0.wp.com\/agenciabrasil.ebc.com.br\/ebc.png?w=696&#038;ssl=1\" style=\"width:1px; height:1px; display:inline;\"\/><img data-recalc-dims=\"1\" decoding=\"async\" src=\"https:\/\/i0.wp.com\/agenciabrasil.ebc.com.br\/ebc.gif?w=696&#038;ssl=1\" style=\"width:1px; height:1px; display:inline;\"\/><\/p>\n<p>Andrade cumpria a medida cautelar em fun\u00e7\u00e3o de processos a que responde no Rio de Janeiro, mas o ministro determinou a retirada do equipamento ap\u00f3s pedido feito pela defesa do contraventor. Ontem (18), ele compareceu \u00e0 Policia Civil do Rio para retirar a tornozeleira.<\/p>\n<p>O recurso ser\u00e1 julgado pela Segunda Turma da Corte. A data do julgamento ainda n\u00e3o foi definida.<\/p>\n<p>Andrade cumpria medida de recolhimento domiciliar noturno, a partir das\u00a018h, em fun\u00e7\u00e3o de medidas cautelares estabelecidas pela Justi\u00e7a contra ele no final de 2022, quando foi solto por uma decis\u00e3o do Superior Tribunal de Justi\u00e7a (STJ).<\/p>\n<p>Rog\u00e9rio Andrade \u00e9 patrono da escola de samba Imperatriz Leopoldinense e explora o jogo do bicho na zona oeste do Rio e em Angra dos Reis. Ele responde a processos relacionados com a Opera\u00e7\u00e3o Cal\u00edgula, que investiga a atua\u00e7\u00e3o de uma organiza\u00e7\u00e3o criminosa para favorecer neg\u00f3cios ilegais dos envolvidos no esquema.<\/p>\n<p>A \u00edntegra da decis\u00e3o de Nunes Marques est\u00e1 em segredo de Justi\u00e7a e n\u00e3o foi divulgada.<\/p>\n<\/p><\/div>\n<p><br \/>\n<br \/><a href=\"https:\/\/agenciabrasil.ebc.com.br\/justica\/noticia\/2024-04\/pgr-recorre-para-manter-contraventor-rogerio-andrade-com-tornozeleira\" rel=\"noopener\">Ag\u00eancia Brasil<\/a><\/p>\n","protected":false},"excerpt":{"rendered":"<p>A Procuradoria-Geral da Rep\u00fablica (PGR) apresentou nesta sexta-feira (19) recurso ao Supremo Tribunal Federal (STF) contra a decis\u00e3o do ministro Nunes Marques que autorizou o contraventor Rog\u00e9rio Andrade a retirar a tornozeleira eletr\u00f4nica. Andrade cumpria a medida cautelar em fun\u00e7\u00e3o de processos a que responde no Rio de Janeiro, mas o ministro determinou a retirada [&hellip;]<\/p>\n","protected":false},"author":1,"featured_media":269,"comment_status":"open","ping_status":"open","sticky":false,"template":"","format":"standard","meta":{"_jetpack_newsletter_access":"","_jetpack_dont_email_post_to_subs":false,"_jetpack_newsletter_tier_id":0,"_jetpack_memberships_contains_paywalled_content":false,"_mbp_banners":[],"_jetpack_feature_clip_id":0,"_jetpack_memberships_contains_paid_content":false,"footnotes":"","jetpack_publicize_message":"","jetpack_publicize_feature_enabled":true,"jetpack_social_post_already_shared":true,"jetpack_social_options":{"image_generator_settings":{"template":"highway","default_image_id":0,"font":"","enabled":false},"version":2},"jetpack_post_was_ever_published":false},"categories":[22],"tags":[],"class_list":["post-2089","post","type-post","status-publish","format-standard","has-post-thumbnail","category-nacional"],"jetpack_publicize_connections":[],"jetpack-related-posts":[],"jetpack_shortlink":"https:\/\/wp.me\/p7Eq1F-xH","jetpack_sharing_enabled":true,"jetpack_featured_media_url":"https:\/\/i0.wp.com\/guialimeira.com.br\/news\/wp-content\/uploads\/2024\/03\/thumb_1200x600_agbrasil.png?fit=1200%2C600&ssl=1","_links":{"self":[{"href":"https:\/\/guialimeira.com.br\/news\/wp-json\/wp\/v2\/posts\/2089","targetHints":{"allow":["GET"]}}],"collection":[{"href":"https:\/\/guialimeira.com.br\/news\/wp-json\/wp\/v2\/posts"}],"about":[{"href":"https:\/\/guialimeira.com.br\/news\/wp-json\/wp\/v2\/types\/post"}],"author":[{"embeddable":true,"href":"https:\/\/guialimeira.com.br\/news\/wp-json\/wp\/v2\/users\/1"}],"replies":[{"embeddable":true,"href":"https:\/\/guialimeira.com.br\/news\/wp-json\/wp\/v2\/comments?post=2089"}],"version-history":[{"count":0,"href":"https:\/\/guialimeira.com.br\/news\/wp-json\/wp\/v2\/posts\/2089\/revisions"}],"wp:featuredmedia":[{"embeddable":true,"href":"https:\/\/guialimeira.com.br\/news\/wp-json\/wp\/v2\/media\/269"}],"wp:attachment":[{"href":"https:\/\/guialimeira.com.br\/news\/wp-json\/wp\/v2\/media?parent=2089"}],"wp:term":[{"taxonomy":"category","embeddable":true,"href":"https:\/\/guialimeira.com.br\/news\/wp-json\/wp\/v2\/categories?post=2089"},{"taxonomy":"post_tag","embeddable":true,"href":"https:\/\/guialimeira.com.br\/news\/wp-json\/wp\/v2\/tags?post=2089"}],"curies":[{"name":"wp","href":"https:\/\/api.w.org\/{rel}","templated":true}]}}