{"id":20878,"date":"2025-01-15T18:34:48","date_gmt":"2025-01-15T21:34:48","guid":{"rendered":"https:\/\/guialimeira.com.br\/2025\/01\/15\/agu-pede-que-policia-federal-investigue-fake-news-relacionadas-ao-pix\/"},"modified":"2025-01-15T18:34:48","modified_gmt":"2025-01-15T21:34:48","slug":"agu-pede-que-policia-federal-investigue-fake-news-relacionadas-ao-pix","status":"publish","type":"post","link":"https:\/\/guialimeira.com.br\/news\/agu-pede-que-policia-federal-investigue-fake-news-relacionadas-ao-pix\/","title":{"rendered":"AGU pede que Pol\u00edcia Federal investigue fake news relacionadas ao Pix"},"content":{"rendered":"<p> <br \/>\n<\/p>\n<div>\n<p>A Advocacia-Geral da Uni\u00e3o (AGU) notificar\u00e1, ainda nesta quarta-feira (15), a Pol\u00edcia Federal para investigar os respons\u00e1veis pela onda de fake news relacionadas \u00e0 taxa\u00e7\u00e3o do Pix. O \u00f3rg\u00e3o tamb\u00e9m pedir\u00e1 que a Secretaria Nacional do Consumidor (Senacon) do Minist\u00e9rio da Justi\u00e7a investigue cobran\u00e7as adicionais abusivas por comerciantes que estabeleceram pre\u00e7os diferenciados entre o Pix e o dinheiro.<img data-recalc-dims=\"1\" decoding=\"async\" src=\"https:\/\/i0.wp.com\/agenciabrasil.ebc.com.br\/ebc.png?w=696&#038;ssl=1\" style=\"width:1px; height:1px; display:inline;\"\/><img data-recalc-dims=\"1\" decoding=\"async\" src=\"https:\/\/i0.wp.com\/agenciabrasil.ebc.com.br\/ebc.gif?w=696&#038;ssl=1\" style=\"width:1px; height:1px; display:inline;\"\/><\/p>\n<p>O advogado-geral da Uni\u00e3o, Jorge Messias, anunciou as medidas, logo ap\u00f3s o ministro da Fazenda, Fernando Haddad, e o secret\u00e1rio especial da Receita Federal, Robinson Barreirinhas, anunciarem a <a href=\"https:\/\/agenciabrasil.ebc.com.br\/economia\/noticia\/2025-01\/receita-revoga-ato-normativo-que-previa-fiscalizacao-do-pix\" target=\"_blank\" rel=\"noopener\">revoga\u00e7\u00e3o da instru\u00e7\u00e3o normativa que modernizou a fiscaliza\u00e7\u00e3o<\/a> de movimenta\u00e7\u00f5es financeiras e a edi\u00e7\u00e3o de uma medida provis\u00f3ria para refor\u00e7ar a gratuidade, o sigilo banc\u00e1rio e a isen\u00e7\u00e3o de impostos do Pix.<\/p>\n<p>\u201cN\u00f3s determinamos que a Advocacia-Geral da Uni\u00e3o ainda hoje notifique a Pol\u00edcia Federal para a abertura de inqu\u00e9rito policial para identificar todos os atores nas redes sociais que geraram essa desordem informacional, criaram essa narrativa e fizeram com que pessoas de boa-f\u00e9, comerciantes e cidad\u00e3os em geral ca\u00edssem no golpe contra a economia popular\u201d, disse Messias.<\/p>\n<p>A AGU, informou Messias, identificou pelo menos dois tipos de crimes. O crime contra a economia popular e o crime de estelionato e falsidade ideol\u00f3gica por fraudadores que usaram mensagens falsas com os s\u00edmbolos da Receita Federal, do Minist\u00e9rio da Fazenda e do governo federal para cobrarem falsos impostos sobre a utiliza\u00e7\u00e3o do Pix.<\/p>\n<p>Em rela\u00e7\u00e3o \u00e0s pr\u00e1ticas abusivas por comerciantes, Messias informou que a AGU notificou a Senacon para que abra um inqu\u00e9rito para investigar todos os crimes relacionados \u00e0s rela\u00e7\u00f5es de consumo. Ele tamb\u00e9m pediu que a Senacon e os Procons estaduais promovam campanhas sobre o uso do Pix e divulguem informa\u00e7\u00f5es corretas para a popula\u00e7\u00e3o.\u00a0<\/p>\n<p>\u201cEssas campanhas s\u00e3o necess\u00e1rias para que a popula\u00e7\u00e3o fique protegida e n\u00e3o venha mais a cair em novos golpes com o uso do Pix\u201d, explicou Messias.<\/p>\n<p>Nesta manh\u00e3, o ministro da Fazenda, Fernando Haddad, havia anunciado que o governo pretendia acionar a Justi\u00e7a contra a onda de fake news associadas a uma taxa\u00e7\u00e3o do Pix e contra os fraudadores que aplicam golpes.\u00a0<\/p>\n<p>\u201cA AGU foi envolvida para tomar provid\u00eancias judiciais contra os golpistas. Quem est\u00e1 divulgando fake news est\u00e1 patrocinando organiza\u00e7\u00f5es criminosas no pa\u00eds, que est\u00e3o atuando, mandando boleto para a casa das pessoas, cobrando a mais indevidamente, dizendo que est\u00e3o sendo taxados\u201d, disse Haddad.<\/p>\n<p>      <!-- Relacionada --><\/p>\n<p>            <!-- Relacionada -->\n    <\/div>\n<p><br \/>\n<br \/><a href=\"https:\/\/agenciabrasil.ebc.com.br\/economia\/noticia\/2025-01\/agu-pede-que-policia-federal-investigue-fake-news-relacionadas-ao-pix\" rel=\"noopener\">Ag\u00eancia Brasil<\/a><\/p>\n","protected":false},"excerpt":{"rendered":"<p>A Advocacia-Geral da Uni\u00e3o (AGU) notificar\u00e1, ainda nesta quarta-feira (15), a Pol\u00edcia Federal para investigar os respons\u00e1veis pela onda de fake news relacionadas \u00e0 taxa\u00e7\u00e3o do Pix. O \u00f3rg\u00e3o tamb\u00e9m pedir\u00e1 que a Secretaria Nacional do Consumidor (Senacon) do Minist\u00e9rio da Justi\u00e7a investigue cobran\u00e7as adicionais abusivas por comerciantes que estabeleceram pre\u00e7os diferenciados entre o Pix [&hellip;]<\/p>\n","protected":false},"author":1,"featured_media":20879,"comment_status":"open","ping_status":"open","sticky":false,"template":"","format":"standard","meta":{"_jetpack_newsletter_access":"","_jetpack_dont_email_post_to_subs":false,"_jetpack_newsletter_tier_id":0,"_jetpack_memberships_contains_paywalled_content":false,"_mbp_banners":[],"_jetpack_feature_clip_id":0,"_jetpack_memberships_contains_paid_content":false,"footnotes":"","jetpack_publicize_message":"","jetpack_publicize_feature_enabled":true,"jetpack_social_post_already_shared":true,"jetpack_social_options":{"image_generator_settings":{"template":"highway","default_image_id":0,"font":"","enabled":false},"version":2},"jetpack_post_was_ever_published":false},"categories":[24],"tags":[],"class_list":["post-20878","post","type-post","status-publish","format-standard","has-post-thumbnail","category-economia"],"jetpack_publicize_connections":[],"jetpack-related-posts":[],"jetpack_shortlink":"https:\/\/wp.me\/p7Eq1F-5qK","jetpack_sharing_enabled":true,"jetpack_featured_media_url":"https:\/\/i0.wp.com\/guialimeira.com.br\/news\/wp-content\/uploads\/2025\/01\/lula-acordo-mariana_mcamgo_abr_25102024-21.jpg?fit=1600%2C800&ssl=1","_links":{"self":[{"href":"https:\/\/guialimeira.com.br\/news\/wp-json\/wp\/v2\/posts\/20878","targetHints":{"allow":["GET"]}}],"collection":[{"href":"https:\/\/guialimeira.com.br\/news\/wp-json\/wp\/v2\/posts"}],"about":[{"href":"https:\/\/guialimeira.com.br\/news\/wp-json\/wp\/v2\/types\/post"}],"author":[{"embeddable":true,"href":"https:\/\/guialimeira.com.br\/news\/wp-json\/wp\/v2\/users\/1"}],"replies":[{"embeddable":true,"href":"https:\/\/guialimeira.com.br\/news\/wp-json\/wp\/v2\/comments?post=20878"}],"version-history":[{"count":0,"href":"https:\/\/guialimeira.com.br\/news\/wp-json\/wp\/v2\/posts\/20878\/revisions"}],"wp:featuredmedia":[{"embeddable":true,"href":"https:\/\/guialimeira.com.br\/news\/wp-json\/wp\/v2\/media\/20879"}],"wp:attachment":[{"href":"https:\/\/guialimeira.com.br\/news\/wp-json\/wp\/v2\/media?parent=20878"}],"wp:term":[{"taxonomy":"category","embeddable":true,"href":"https:\/\/guialimeira.com.br\/news\/wp-json\/wp\/v2\/categories?post=20878"},{"taxonomy":"post_tag","embeddable":true,"href":"https:\/\/guialimeira.com.br\/news\/wp-json\/wp\/v2\/tags?post=20878"}],"curies":[{"name":"wp","href":"https:\/\/api.w.org\/{rel}","templated":true}]}}