{"id":2084,"date":"2024-04-19T20:41:42","date_gmt":"2024-04-19T23:41:42","guid":{"rendered":"https:\/\/guialimeira.com.br\/2024\/04\/19\/guarda-civil-municipal-completa-121-anos-e-realiza-cerimonia-solene-na-proxima-terca-feira-23-04-portal-do-municipio-de-piracicaba\/"},"modified":"2024-04-19T20:41:42","modified_gmt":"2024-04-19T23:41:42","slug":"guarda-civil-municipal-completa-121-anos-e-realiza-cerimonia-solene-na-proxima-terca-feira-23-04-portal-do-municipio-de-piracicaba","status":"publish","type":"post","link":"https:\/\/guialimeira.com.br\/news\/guarda-civil-municipal-completa-121-anos-e-realiza-cerimonia-solene-na-proxima-terca-feira-23-04-portal-do-municipio-de-piracicaba\/","title":{"rendered":"Guarda Civil Municipal completa 121 anos e realiza cerim\u00f4nia solene na pr\u00f3xima ter\u00e7a-feira, 23\/04 \u2013 Portal do Munic\u00edpio de Piracicaba"},"content":{"rendered":"<p> <br \/>\n<\/p>\n<div>\n<p>A\u00a0Guarda Civil do Munic\u00edpio de Piracicaba (GCMP) completa\u00a0121\u00a0anos de exist\u00eancia no dia 25 de abril. Para celebrar o anivers\u00e1rio, a corpora\u00e7\u00e3o preparou uma cerim\u00f4nia\u00a0solene na pr\u00f3xima ter\u00e7a-feira,\u00a023\/04, a partir das\u00a08h, no Teatro Erotides de Campos, localizado no Parque do Engenho Central.\u00a0O evento vai contar com a presen\u00e7a de autoridades do governo municipal, Legislativo, Judici\u00e1rio, representantes das for\u00e7as de seguran\u00e7a municipal e estadual.<\/p>\n<p>Atualmente, a GCM tem\u00a0um efetivo de 362\u00a0guardas, sendo 61 mulheres, com grupamentos Cicl\u00edstico, Canil, setor de Direito Animal, setor de Tr\u00e2nsito, os pelot\u00f5es Ambiental e Escolar, as patrulhas Rural e Maria da Penha, a Central de Opera\u00e7\u00f5es (COP) e Central de Monitoramento Eletr\u00f4nico (Cemel), al\u00e9m da Corregedoria, Ouvidoria, as viaturas de \u00e1rea, a Ronda Ostensiva Municipal (ROMU) e Ronda Ostensiva Motorizada (ROMO).<\/p>\n<figure class=\"wp-block-image size-large\"><img data-recalc-dims=\"1\" fetchpriority=\"high\" decoding=\"async\" width=\"696\" height=\"532\" src=\"https:\/\/i0.wp.com\/piracicaba.sp.gov.br\/wp-content\/uploads\/2024\/04\/Equipe-da-GCM-e-comandante-Nunes-em-frente-a-sede-da-corporacao-1024x782.jpeg?resize=696%2C532&#038;ssl=1\" alt=\"\" class=\"wp-image-77443\" srcset=\"https:\/\/piracicaba.sp.gov.br\/wp-content\/uploads\/2024\/04\/Equipe-da-GCM-e-comandante-Nunes-em-frente-a-sede-da-corporacao-1024x782.jpeg 1024w, https:\/\/piracicaba.sp.gov.br\/wp-content\/uploads\/2024\/04\/Equipe-da-GCM-e-comandante-Nunes-em-frente-a-sede-da-corporacao-300x229.jpeg 300w, https:\/\/piracicaba.sp.gov.br\/wp-content\/uploads\/2024\/04\/Equipe-da-GCM-e-comandante-Nunes-em-frente-a-sede-da-corporacao-768x586.jpeg 768w, https:\/\/piracicaba.sp.gov.br\/wp-content\/uploads\/2024\/04\/Equipe-da-GCM-e-comandante-Nunes-em-frente-a-sede-da-corporacao.jpeg 1280w\" sizes=\"(max-width: 1024px) 100vw, 1024px\"\/><figcaption class=\"wp-element-caption\"><sub><strong><em>Equipe da GCM e comandante Nunes em frente \u00e0 sede da corpora\u00e7\u00e3o<\/em><\/strong><\/sub><\/figcaption><\/figure>\n<p>Para o comandante da GCM,\u00a0Sidney Miguel da Silva Nunes, as palavras que definem o aprimoramento da gest\u00e3o da seguran\u00e7a p\u00fablica municipal nos \u00faltimos anos s\u00e3o informatiza\u00e7\u00e3o e integra\u00e7\u00e3o. \u201cAssim que eu assumi, eu via a necessidade de se informatizar a Guarda. Muitas vezes o Minist\u00e9rio P\u00fablico, o sistema judici\u00e1rio solicitava um documento pra n\u00f3s e a gente n\u00e3o tinha uma agilidade nesse atendimento, lev\u00e1vamos uns dois dias algumas vezes. Hoje isso \u00e9 pedido e a gente atende de imediato, o que facilitou muito o nosso trabalho.\u201d<\/p>\n<p>A ferramenta Sincad, software de gest\u00e3o da Guarda, foi implantado em 2023 integrando todos os dados da corpora\u00e7\u00e3o de forma digital, como registros de ocorr\u00eancias, permitindo a produ\u00e7\u00e3o de relat\u00f3rios estat\u00edsticos com diferentes filtros, facilitando o planejamento de a\u00e7\u00f5es de seguran\u00e7a p\u00fablica. O sistema tamb\u00e9m permitiu o lan\u00e7amento de aplicativos, como o bot\u00e3o de emerg\u00eancia S.O.S Mulher Piracicaba, que permite \u00e0s mulheres com medidas protetivas acionarem a Guarda imediatamente em casos de risco.<\/p>\n<p>Outro caminho importante, segundo o\u00a0comandante, \u00e9 a integra\u00e7\u00e3o entre as for\u00e7as de seguran\u00e7a a n\u00edvel municipal, estadual e federal, e as secretarias de governo para estrat\u00e9gias conjuntas de seguran\u00e7a p\u00fablica \u2013 como as que j\u00e1 acontecem atrav\u00e9s da Comuse (Conselho Municipal de Seguran\u00e7a) \u2013 e tamb\u00e9m a cria\u00e7\u00e3o de um grupo de trabalho dentro da GC para buscar recursos\u00a0por meio de\u00a0emendas estaduais e federais para captar recursos de investimento na corpora\u00e7\u00e3o.<\/p>\n<figure class=\"wp-block-image size-large\"><img data-recalc-dims=\"1\" loading=\"lazy\" decoding=\"async\" width=\"696\" height=\"464\" src=\"https:\/\/i0.wp.com\/piracicaba.sp.gov.br\/wp-content\/uploads\/2024\/04\/Comandante-Sidney-Nunes-da-Guarda-Civil-Municipal-de-Piracicaba-1024x682.jpg?resize=696%2C464&#038;ssl=1\" alt=\"\" class=\"wp-image-77440\" srcset=\"https:\/\/piracicaba.sp.gov.br\/wp-content\/uploads\/2024\/04\/Comandante-Sidney-Nunes-da-Guarda-Civil-Municipal-de-Piracicaba-1024x682.jpg 1024w, https:\/\/piracicaba.sp.gov.br\/wp-content\/uploads\/2024\/04\/Comandante-Sidney-Nunes-da-Guarda-Civil-Municipal-de-Piracicaba-300x200.jpg 300w, https:\/\/piracicaba.sp.gov.br\/wp-content\/uploads\/2024\/04\/Comandante-Sidney-Nunes-da-Guarda-Civil-Municipal-de-Piracicaba-768x512.jpg 768w, https:\/\/piracicaba.sp.gov.br\/wp-content\/uploads\/2024\/04\/Comandante-Sidney-Nunes-da-Guarda-Civil-Municipal-de-Piracicaba.jpg 1472w\" sizes=\"auto, (max-width: 1024px) 100vw, 1024px\"\/><figcaption class=\"wp-element-caption\"><strong><em><sub>Comandante Sidney Nunes da Guarda Civil Municipal de Piracicaba<\/sub><\/em><\/strong><\/figcaption><\/figure>\n<p>\u201cCom esse trabalho, em uma equipe de sete guardas, n\u00f3s j\u00e1 conseguimos alguns frutos. Estamos recebendo 250 armas novas de doa\u00e7\u00e3o do estado de SP, que formulou o documento para essa solicita\u00e7\u00e3o. Isso \u00e9 fruto de um trabalho que a gente iniciou l\u00e1 em 2021\u201d, conta.<\/p>\n<p>Para o comandante, que est\u00e1 h\u00e1 mais de 30 anos na Guarda, um dos maiores aprendizados foi entender as necessidades da institui\u00e7\u00e3o como um todo e saber o que \u00e9 importante para que ela permane\u00e7a unida fazendo um bom trabalho. \u201cNenhuma institui\u00e7\u00e3o se perpetua no tempo se n\u00e3o oferecer um trabalho de qualidade, e por conta disso que n\u00f3s estamos chegando a 121 anos. E esperamos chegar a 200, 300 anos, com esse trabalho que vai sendo desenvolvido dia a dia\u201d, finaliza.<\/p>\n<p><strong>HIST\u00d3RIA\u00a0<\/strong>\u2013 A Lei de Organiza\u00e7\u00e3o da Guarda e Pol\u00edcia Municipal, que criou a GCMP, \u00e9 de 25 de abril de 1903, mas h\u00e1 poucas informa\u00e7\u00f5es sobre o in\u00edcio da corpora\u00e7\u00e3o h\u00e1 121 anos. A partir de pesquisas feitas em diferentes fontes, consta que entre o fim da d\u00e9cada de 1930 e o meio da d\u00e9cada de 1950 do s\u00e9culo passado, a Corpora\u00e7\u00e3o foi de Corpo da Guarda e Pol\u00edcia Municipal para Corpo de Vigilantes Noturnos. Depois, transformou-se em Guarda Noturna de Piracicaba.<\/p>\n<p>A mudan\u00e7a na nomenclatura para Guarda Municipal veio em 1956, nome que perdurou at\u00e9 1990, quando a Corpora\u00e7\u00e3o passou a se chamar Guarda Civil do Munic\u00edpio de Piracicaba, se adequando \u00e0 Constitui\u00e7\u00e3o Brasileira, aprovada em 1988, onde a Lei Org\u00e2nica do Munic\u00edpio passou a disciplinar tamb\u00e9m a organiza\u00e7\u00e3o da seguran\u00e7a.<\/p>\n<figure class=\"wp-block-image size-large\"><img data-recalc-dims=\"1\" loading=\"lazy\" decoding=\"async\" width=\"696\" height=\"464\" src=\"https:\/\/i0.wp.com\/piracicaba.sp.gov.br\/wp-content\/uploads\/2024\/04\/Equipe-usa-tablet-com-a-ferramenta-Sincad-pra-registrar-ocorrencias-atendidas-pela-GCM-1024x683.jpg?resize=696%2C464&#038;ssl=1\" alt=\"\" class=\"wp-image-77441\" srcset=\"https:\/\/piracicaba.sp.gov.br\/wp-content\/uploads\/2024\/04\/Equipe-usa-tablet-com-a-ferramenta-Sincad-pra-registrar-ocorrencias-atendidas-pela-GCM-1024x683.jpg 1024w, https:\/\/piracicaba.sp.gov.br\/wp-content\/uploads\/2024\/04\/Equipe-usa-tablet-com-a-ferramenta-Sincad-pra-registrar-ocorrencias-atendidas-pela-GCM-300x200.jpg 300w, https:\/\/piracicaba.sp.gov.br\/wp-content\/uploads\/2024\/04\/Equipe-usa-tablet-com-a-ferramenta-Sincad-pra-registrar-ocorrencias-atendidas-pela-GCM-768x512.jpg 768w, https:\/\/piracicaba.sp.gov.br\/wp-content\/uploads\/2024\/04\/Equipe-usa-tablet-com-a-ferramenta-Sincad-pra-registrar-ocorrencias-atendidas-pela-GCM.jpg 1500w\" sizes=\"auto, (max-width: 1024px) 100vw, 1024px\"\/><figcaption class=\"wp-element-caption\"><strong><em><sub>Equipe usa tablet, com a ferramenta Sincad, pra registrar ocorr\u00eancias atendidas pela GCM<\/sub><\/em><\/strong><\/figcaption><\/figure>\n<p>At\u00e9 1990, a Guarda era estruturada com a forma\u00e7\u00e3o de uma diretoria, em que havia presidente da diretoria e comando.\u00a0Com a mudan\u00e7a,\u00a0a Corpora\u00e7\u00e3o passa a ter, unicamente, um comandante na hierarquia, um subcomandante e um quadro de graduados e guardas.\u00a0Desde a aprova\u00e7\u00e3o da lei federal do Estatuto Geral da Guarda Civil, em 2016, o comando \u00e9 exercido por um funcion\u00e1rio de carreira da corpora\u00e7\u00e3o.<\/p>\n<p><strong>CORPORA\u00c7\u00c3O<\/strong>\u00a0\u2013 A GC est\u00e1 presente de maneira fixa em diversos equipamentos p\u00fablicos, como o Centro C\u00edvico, a C\u00e2mara Municipal, Unidades de Pronto Atendimento e em quatro inspetorias regionais localizadas em Santa Teresinha, Noiva da Colina, Pauliceia e na Rua do Porto, al\u00e9m da Sala Maria da Penha, localizada no pr\u00e9dio administrativo ao lado do Terminal Central de Integra\u00e7\u00e3o (TCI), na avenida Armando de Salles Oliveira, 2001.<\/p>\n<figure class=\"wp-block-image size-large\"><img data-recalc-dims=\"1\" loading=\"lazy\" decoding=\"async\" width=\"696\" height=\"358\" src=\"https:\/\/i0.wp.com\/piracicaba.sp.gov.br\/wp-content\/uploads\/2024\/04\/Ferramenta-Sincad-foi-passo-importante-para-informatizacao-da-GCM-1024x526.jpg?resize=696%2C358&#038;ssl=1\" alt=\"\" class=\"wp-image-77442\" srcset=\"https:\/\/piracicaba.sp.gov.br\/wp-content\/uploads\/2024\/04\/Ferramenta-Sincad-foi-passo-importante-para-informatizacao-da-GCM-1024x526.jpg 1024w, https:\/\/piracicaba.sp.gov.br\/wp-content\/uploads\/2024\/04\/Ferramenta-Sincad-foi-passo-importante-para-informatizacao-da-GCM-300x154.jpg 300w, https:\/\/piracicaba.sp.gov.br\/wp-content\/uploads\/2024\/04\/Ferramenta-Sincad-foi-passo-importante-para-informatizacao-da-GCM-768x395.jpg 768w, https:\/\/piracicaba.sp.gov.br\/wp-content\/uploads\/2024\/04\/Ferramenta-Sincad-foi-passo-importante-para-informatizacao-da-GCM.jpg 1500w\" sizes=\"auto, (max-width: 1024px) 100vw, 1024px\"\/><figcaption class=\"wp-element-caption\"><strong><em><sub>Ferramenta Sincad foi passo importante para informatiza\u00e7\u00e3o da GCM<\/sub><\/em><\/strong><\/figcaption><\/figure>\n<p>Al\u00e9m do trabalho de patrulhamento e preven\u00e7\u00e3o, a GCM desenvolve outros projetos sociais, como\u00a0a Banda da Corpora\u00e7\u00e3o, que se apresenta em eventos c\u00edvicos do munic\u00edpio e outras comemora\u00e7\u00f5es; o Programa Guarda Civil Educa\u00e7\u00e3o \u00e9 Preven\u00e7\u00e3o (GCEP), que leva para os alunos dos 5\u00ba anos do ensino fundamental nas escolas informa\u00e7\u00f5es importantes e sens\u00edveis para a vida em sociedade; e dois projetos sociais da\u00a0academia da Guarda Civil, que oferece\u00a0de forma gratuita aulas de jiu-jitsu e defesa pessoal para crian\u00e7as, adolescentes e adultos, e o Em Forma Com a Guarda, que\u00a0promove a\u00e7\u00f5es de\u00a0atividade f\u00edsica na Academia e no Parque da Rua do Porto.<\/p>\n<p>A sede da corpora\u00e7\u00e3o est\u00e1 localizada na rua Benedito Bonzon Penteado, 645, Bairro Verde. A popula\u00e7\u00e3o pode acionar a GCMP por meio do telefone 153.<\/p>\n<\/div>\n<p><br \/>\n<br \/><a href=\"https:\/\/piracicaba.sp.gov.br\/noticias\/guarda-civil-municipal-completa-121-anos-e-realiza-cerimonia-solene-na-proxima-terca-feira-23-04\/\" rel=\"noopener\">Informa\u00e7\u00f5es PMP <\/a><\/p>\n","protected":false},"excerpt":{"rendered":"<p>A\u00a0Guarda Civil do Munic\u00edpio de Piracicaba (GCMP) completa\u00a0121\u00a0anos de exist\u00eancia no dia 25 de abril. Para celebrar o anivers\u00e1rio, a corpora\u00e7\u00e3o preparou uma cerim\u00f4nia\u00a0solene na pr\u00f3xima ter\u00e7a-feira,\u00a023\/04, a partir das\u00a08h, no Teatro Erotides de Campos, localizado no Parque do Engenho Central.\u00a0O evento vai contar com a presen\u00e7a de autoridades do governo municipal, Legislativo, Judici\u00e1rio, representantes [&hellip;]<\/p>\n","protected":false},"author":1,"featured_media":2085,"comment_status":"open","ping_status":"open","sticky":false,"template":"","format":"standard","meta":{"_jetpack_newsletter_access":"","_jetpack_dont_email_post_to_subs":false,"_jetpack_newsletter_tier_id":0,"_jetpack_memberships_contains_paywalled_content":false,"_mbp_banners":[],"_jetpack_feature_clip_id":0,"_jetpack_memberships_contains_paid_content":false,"footnotes":"","jetpack_publicize_message":"","jetpack_publicize_feature_enabled":true,"jetpack_social_post_already_shared":true,"jetpack_social_options":{"image_generator_settings":{"template":"highway","default_image_id":0,"font":"","enabled":false},"version":2},"jetpack_post_was_ever_published":false},"categories":[20],"tags":[],"class_list":["post-2084","post","type-post","status-publish","format-standard","has-post-thumbnail","category-regiao"],"jetpack_publicize_connections":[],"jetpack-related-posts":[],"jetpack_shortlink":"https:\/\/wp.me\/p7Eq1F-xC","jetpack_sharing_enabled":true,"jetpack_featured_media_url":"https:\/\/i0.wp.com\/guialimeira.com.br\/news\/wp-content\/uploads\/2024\/04\/Equipe-da-GCM-e-comandante-Nunes-em-frente-a-sede-da-corporacao-1024x782.jpeg?fit=1024%2C782&ssl=1","_links":{"self":[{"href":"https:\/\/guialimeira.com.br\/news\/wp-json\/wp\/v2\/posts\/2084","targetHints":{"allow":["GET"]}}],"collection":[{"href":"https:\/\/guialimeira.com.br\/news\/wp-json\/wp\/v2\/posts"}],"about":[{"href":"https:\/\/guialimeira.com.br\/news\/wp-json\/wp\/v2\/types\/post"}],"author":[{"embeddable":true,"href":"https:\/\/guialimeira.com.br\/news\/wp-json\/wp\/v2\/users\/1"}],"replies":[{"embeddable":true,"href":"https:\/\/guialimeira.com.br\/news\/wp-json\/wp\/v2\/comments?post=2084"}],"version-history":[{"count":0,"href":"https:\/\/guialimeira.com.br\/news\/wp-json\/wp\/v2\/posts\/2084\/revisions"}],"wp:featuredmedia":[{"embeddable":true,"href":"https:\/\/guialimeira.com.br\/news\/wp-json\/wp\/v2\/media\/2085"}],"wp:attachment":[{"href":"https:\/\/guialimeira.com.br\/news\/wp-json\/wp\/v2\/media?parent=2084"}],"wp:term":[{"taxonomy":"category","embeddable":true,"href":"https:\/\/guialimeira.com.br\/news\/wp-json\/wp\/v2\/categories?post=2084"},{"taxonomy":"post_tag","embeddable":true,"href":"https:\/\/guialimeira.com.br\/news\/wp-json\/wp\/v2\/tags?post=2084"}],"curies":[{"name":"wp","href":"https:\/\/api.w.org\/{rel}","templated":true}]}}