{"id":2082,"date":"2024-04-19T20:18:46","date_gmt":"2024-04-19T23:18:46","guid":{"rendered":"https:\/\/guialimeira.com.br\/2024\/04\/19\/alergia-alimentar-mais-comum-em-bebes-de-ate-um-ano-conheca-a-aplv\/"},"modified":"2024-04-19T20:18:46","modified_gmt":"2024-04-19T23:18:46","slug":"alergia-alimentar-mais-comum-em-bebes-de-ate-um-ano-conheca-a-aplv","status":"publish","type":"post","link":"https:\/\/guialimeira.com.br\/news\/alergia-alimentar-mais-comum-em-bebes-de-ate-um-ano-conheca-a-aplv\/","title":{"rendered":"Alergia alimentar mais comum em beb\u00eas de at\u00e9 um ano: conhe\u00e7a a APLV"},"content":{"rendered":"<p> <br \/>\n<\/p>\n<div>\n<p><em>De acordo com protocolo do Minist\u00e9rio da Sa\u00fade, diagn\u00f3stico \u00e9 multifatorial e precisa ser feito com cuidado<\/em><\/p>\n<p>V\u00f4mito, constipa\u00e7\u00e3o, diarreia, irritabilidade, anafilaxia. Todas essas s\u00e3o consequ\u00eancias da alergia \u00e0 prote\u00edna do leite de vaca (APLV), tipo de alergia que, em casos graves, pode at\u00e9 levar a um choque anafil\u00e1tico. Diferente da intoler\u00e2ncia \u00e0 lactose \u2013 que \u00e9 uma intoler\u00e2ncia ao a\u00e7\u00facar do leite por defici\u00eancia de lactase, prote\u00edna que dilui esse a\u00e7\u00facar -, a APLV \u00e9 a \u201crea\u00e7\u00e3o adversa a alimentos mais comum na inf\u00e2ncia\u201d, de acordo com a Sociedade Brasileira de Pediatria. Um relat\u00f3rio de 2022 da Comiss\u00e3o Nacional de Incorpora\u00e7\u00e3o de Tecnologias no Sistema \u00danico de Sa\u00fade (Conitec), do Minist\u00e9rio da Sa\u00fade, tamb\u00e9m afirma que essa \u00e9 a alergia alimentar mais frequente em crian\u00e7as de at\u00e9 um ano.<\/p>\n<p>Ainda segundo o relat\u00f3rio, a preval\u00eancia da doen\u00e7a no Brasil \u00e9 de 5,4% e a incid\u00eancia \u00e9 de 2,2%, entre crian\u00e7as com idade menor ou igual a 24 meses. \u201cOs sintomas, em geral, se desenvolvem ap\u00f3s a introdu\u00e7\u00e3o do leite de vaca (LV), de f\u00f3rmulas infantis para lactentes, ou de seguimento, a base de LV, ou alimentos \u00e0 base de LV (por exemplo, mingau de aveia ou leite com outros tipos de engrossantes ou farinhas)\u201d, afirma um trecho do documento. A APLV ocorre devido a uma resposta anormal do sistema imunol\u00f3gico \u00e0s prote\u00ednas do leite de vaca, que s\u00e3o reconhecidas como uma amea\u00e7a pelo organismo. As causas s\u00e3o variadas e, embora esse evento seja pouco frequente, uma pequena parte dos beb\u00eas pode mesmo desenvolver a alergia ao entrar em contato com a prote\u00edna do leite por meio do leite materno, se a m\u00e3e que amamenta consumir leite e seus derivados.<\/p>\n<p>Para a pediatra e professora do\u00a0<a href=\"https:\/\/www.up.edu.br\/graduacao\/medicina\/?utm_source=assessoria-imprensa&amp;utm_medium=release&amp;utm_campaign=pauta-fria&amp;utm_content=aplv-2024-1&amp;utm_term=up\" rel=\"noopener\">curso de Medicina da Universidade Positivo<\/a>, Gislayne Souza Nieto, esse n\u00e3o \u00e9 motivo para adotar dietas restritivas indiscriminadamente. \u201cEssa alergia depende de outros fatores. Eventualmente temos casos de crian\u00e7as que apresentam sintomas de dificuldade de digest\u00e3o se a m\u00e3e tomar muito excesso da prote\u00edna do leite de vaca, mas uma coisa n\u00e3o est\u00e1 diretamente ligada \u00e0 outra, j\u00e1 que a maioria das crian\u00e7as n\u00e3o desenvolve quadro de alergia \u00e0 prote\u00edna\u201d, explica.<\/p>\n<p><strong>Sintomas e diagn\u00f3stico<\/strong><\/p>\n<p>Variados, os sintomas da APLV podem se manifestar como um mal-estar depois das mamadas, ou como v\u00f4mitos e diarreia, mas o contr\u00e1rio tamb\u00e9m acontece, com a crian\u00e7a apresentando constipa\u00e7\u00e3o intestinal. Baixo ganho de peso, distens\u00e3o abdominal e irritabilidade tamb\u00e9m est\u00e3o na lista de poss\u00edveis sinais de alerta. Segundo a Conitec, os sintomas podem aparecer imediatamente ou levar at\u00e9 duas semanas para se apresentarem. Devido a esse quadro amplo de sintomas, o diagn\u00f3stico precisa ser feito combinando uma s\u00e9rie de testes, como recomenda o relat\u00f3rio da Conitec.<\/p>\n<p><strong>Cuidados ap\u00f3s o parto<\/strong><\/p>\n<p>\u201cO que causa a alergia \u00e0 prote\u00edna do leite de vaca em beb\u00eas \u00e9 a exposi\u00e7\u00e3o ao leite de vaca. Ent\u00e3o, tentamos ao m\u00e1ximo n\u00e3o expor a crian\u00e7a ao leite de vaca no per\u00edodo neonatal para n\u00e3o sensibilizar essa crian\u00e7a e n\u00e3o causar essa alergia\u201d, detalha Gislayne. As f\u00f3rmulas infantis, embora industrializadas, s\u00e3o feitas \u00e0 base da prote\u00edna do leite de vaca. Tamb\u00e9m por isso \u00e9 t\u00e3o importante, sempre que poss\u00edvel, manter os beb\u00eas em aleitamento materno exclusivo.<\/p>\n<p><strong>Como substituir o leite de vaca<\/strong><\/p>\n<p>Segundo a nutricionista e professora do curso de Nutri\u00e7\u00e3o da Universidade Positivo (UP) Camila Furtado, o leite de vaca pode ser substitu\u00eddo por leites vegetais, entre eles o de soja, am\u00eandoa, aveia e castanha de caju, que costumam ser enriquecidos com nutrientes como o c\u00e1lcio, presente no leite de vaca. \u201cTamb\u00e9m temos op\u00e7\u00f5es derivadas desses leites vegetais, como iogurtes, queijos e at\u00e9 tofu. Al\u00e9m disso, h\u00e1 outros alimentos que s\u00e3o fontes de c\u00e1lcio e que podem ser inseridos no planejamento alimentar, entre eles vegetais verde escuros, leguminosas, oleaginosas, sementes e sardinha\u201d, complementa. No entanto, \u00e9 importante ressaltar que essas substitui\u00e7\u00f5es s\u00f3 devem ser feitas quando se trata de crian\u00e7as mais velhas e, no caso de beb\u00eas, \u00e9 muito importante fazer o acompanhamento com pediatra para definir o melhor tratamento.<\/p>\n<p>A especialista lembra, ainda, que, depois de completar um ano de vida, os beb\u00eas podem obter o c\u00e1lcio e outros nutrientes essenciais de uma ampla variedade de fontes alimentares. \u201cSe a crian\u00e7a tiver APLV ou intoler\u00e2ncia \u00e0 lactose, \u00e9 importante garantir que a alimenta\u00e7\u00e3o seja equilibrada e inclua outras fontes de c\u00e1lcio. Tamb\u00e9m n\u00e3o podemos esquecer que ingredientes derivados do leite de vaca est\u00e3o presentes em muitos alimentos processados e produtos embalados, o que torna importante verificar os r\u00f3tulos antes de consumi-los\u201d, afirma.<\/p>\n<p>No caso dos lactentes, o tratamento para APLV \u00e9 tirar o leite de vaca da dieta da m\u00e3e. Isso significa que ela n\u00e3o poder\u00e1 ingerir nem leite e nem seus derivados. \u201cN\u00e3o se pode consumir alimentos que tenham tra\u00e7os de case\u00edna e outros derivados do leite de vaca e, assim mesmo, h\u00e1 alimentos industrializados que t\u00eam tra\u00e7os. Isso faz com que a dieta seja muito dif\u00edcil de ser seguida, o que \u00e0s vezes nos obriga a abrir m\u00e3o da amamenta\u00e7\u00e3o para oferecer \u00e0 crian\u00e7a f\u00f3rmulas espec\u00edficas \u00e0 base de isen\u00e7\u00e3o ou hidr\u00f3lise dessa prote\u00edna para essa crian\u00e7a n\u00e3o ter mais sintomas\u201d, destaca a pediatra.<\/p>\n<p>Camila ressalta a import\u00e2ncia de ter um acompanhamento profissional para essa tomada de decis\u00e3o. \u201cA escolha entre continuar a amamenta\u00e7\u00e3o, ajustando a alimenta\u00e7\u00e3o da m\u00e3e para evitar tra\u00e7os de al\u00e9rgenos, e a transi\u00e7\u00e3o para f\u00f3rmulas especiais deve ser tomada com o apoio de profissionais de sa\u00fade, considerando os benef\u00edcios da amamenta\u00e7\u00e3o e as necessidades nutricionais individuais da crian\u00e7a\u201d, completa.<\/p>\n<\/p><\/div>\n<p><br \/>\n<br \/><a href=\"https:\/\/www.centralpress.com.br\/alergia-alimentar-mais-comum-em-bebes-de-ate-um-ano-conheca-a-aplv\/\" rel=\"noopener\">Central Press <\/a><\/p>\n","protected":false},"excerpt":{"rendered":"<p>De acordo com protocolo do Minist\u00e9rio da Sa\u00fade, diagn\u00f3stico \u00e9 multifatorial e precisa ser feito com cuidado V\u00f4mito, constipa\u00e7\u00e3o, diarreia, irritabilidade, anafilaxia. Todas essas s\u00e3o consequ\u00eancias da alergia \u00e0 prote\u00edna do leite de vaca (APLV), tipo de alergia que, em casos graves, pode at\u00e9 levar a um choque anafil\u00e1tico. Diferente da intoler\u00e2ncia \u00e0 lactose \u2013 [&hellip;]<\/p>\n","protected":false},"author":1,"featured_media":0,"comment_status":"open","ping_status":"open","sticky":false,"template":"","format":"standard","meta":{"_jetpack_newsletter_access":"","_jetpack_dont_email_post_to_subs":false,"_jetpack_newsletter_tier_id":0,"_jetpack_memberships_contains_paywalled_content":false,"_mbp_banners":[],"_jetpack_feature_clip_id":0,"_jetpack_memberships_contains_paid_content":false,"footnotes":"","jetpack_publicize_message":"","jetpack_publicize_feature_enabled":true,"jetpack_social_post_already_shared":true,"jetpack_social_options":{"image_generator_settings":{"template":"highway","default_image_id":0,"font":"","enabled":false},"version":2},"jetpack_post_was_ever_published":false},"categories":[22],"tags":[],"class_list":["post-2082","post","type-post","status-publish","format-standard","category-nacional"],"jetpack_publicize_connections":[],"jetpack-related-posts":[],"jetpack_shortlink":"https:\/\/wp.me\/p7Eq1F-xA","jetpack_sharing_enabled":true,"jetpack_featured_media_url":"","_links":{"self":[{"href":"https:\/\/guialimeira.com.br\/news\/wp-json\/wp\/v2\/posts\/2082","targetHints":{"allow":["GET"]}}],"collection":[{"href":"https:\/\/guialimeira.com.br\/news\/wp-json\/wp\/v2\/posts"}],"about":[{"href":"https:\/\/guialimeira.com.br\/news\/wp-json\/wp\/v2\/types\/post"}],"author":[{"embeddable":true,"href":"https:\/\/guialimeira.com.br\/news\/wp-json\/wp\/v2\/users\/1"}],"replies":[{"embeddable":true,"href":"https:\/\/guialimeira.com.br\/news\/wp-json\/wp\/v2\/comments?post=2082"}],"version-history":[{"count":0,"href":"https:\/\/guialimeira.com.br\/news\/wp-json\/wp\/v2\/posts\/2082\/revisions"}],"wp:attachment":[{"href":"https:\/\/guialimeira.com.br\/news\/wp-json\/wp\/v2\/media?parent=2082"}],"wp:term":[{"taxonomy":"category","embeddable":true,"href":"https:\/\/guialimeira.com.br\/news\/wp-json\/wp\/v2\/categories?post=2082"},{"taxonomy":"post_tag","embeddable":true,"href":"https:\/\/guialimeira.com.br\/news\/wp-json\/wp\/v2\/tags?post=2082"}],"curies":[{"name":"wp","href":"https:\/\/api.w.org\/{rel}","templated":true}]}}