{"id":20783,"date":"2025-01-14T17:10:01","date_gmt":"2025-01-14T20:10:01","guid":{"rendered":"https:\/\/guialimeira.com.br\/2025\/01\/14\/producao-de-motocicletas-cresceu-111-em-2024-aponta-abraciclo\/"},"modified":"2025-01-14T17:10:01","modified_gmt":"2025-01-14T20:10:01","slug":"producao-de-motocicletas-cresceu-111-em-2024-aponta-abraciclo","status":"publish","type":"post","link":"https:\/\/guialimeira.com.br\/news\/producao-de-motocicletas-cresceu-111-em-2024-aponta-abraciclo\/","title":{"rendered":"Produ\u00e7\u00e3o de motocicletas cresceu 11,1% em 2024, aponta Abraciclo"},"content":{"rendered":"<p> <br \/>\n<\/p>\n<div>\n<p>A produ\u00e7\u00e3o de motocicletas teve eleva\u00e7\u00e3o de 11,1% no ano de 2024, na compara\u00e7\u00e3o com o ano anterior, com total de 1.748.317 unidades. Segundo a Associa\u00e7\u00e3o Brasileira dos Fabricantes de Motocicletas, Ciclomotores, Motonetas, Bicicletas e Similares (Abraciclo), ao divulgar os dados nesta ter\u00e7a-feira (14). O volume representa melhor desempenho para o segmento em 14 anos.<img data-recalc-dims=\"1\" decoding=\"async\" src=\"https:\/\/i0.wp.com\/agenciabrasil.ebc.com.br\/ebc.png?w=696&#038;ssl=1\" style=\"width:1px; height:1px; display:inline;\"\/><img data-recalc-dims=\"1\" decoding=\"async\" src=\"https:\/\/i0.wp.com\/agenciabrasil.ebc.com.br\/ebc.gif?w=696&#038;ssl=1\" style=\"width:1px; height:1px; display:inline;\"\/><\/p>\n<p>\u201cMesmo diante de um ano bastante desafiador, onde tivemos que contornar o problema da estiagem, o crescimento do setor superou os dois d\u00edgitos. Esse resultado foi gra\u00e7as a um bom planejamento da ind\u00fastria que permitiu que as linhas de montagem mantivessem seu ritmo de produ\u00e7\u00e3o\u201d, afirmou o presidente da entidade, Marcos Bento.<\/p>\n<p>De acordo com o balan\u00e7o, no varejo, as vendas totalizaram 1.876.427 unidades, alta de 18,6% na compara\u00e7\u00e3o com o ano anterior. O volume foi o melhor resultado alcan\u00e7ado desde 2011. Em rela\u00e7\u00e3o \u00e0s exporta\u00e7\u00f5es, as associadas da Abraciclo embarcaram 30.986 motocicletas, retra\u00e7\u00e3o de 5,9% em rela\u00e7\u00e3o ao ano anterior.<\/p>\n<h2>Resultados em dezembro<\/h2>\n<p>No \u00faltimo m\u00eas de 2024, sa\u00edram das linhas de montagem 123.944 motocicletas, alta de 5% na compara\u00e7\u00e3o com o mesmo m\u00eas de 2023 e 15,1% menor em rela\u00e7\u00e3o a novembro. Segundo a Abraciclo, esse foi o melhor resultado para o m\u00eas desde 2008.<\/p>\n<p>Os emplacamentos totalizaram 151.948 unidades, representando 14,4% a mais do que o registrado no mesmo m\u00eas de 2023 e 3,3% maior em rela\u00e7\u00e3o a novembro.<\/p>\n<p>Em dezembro, foram exportadas 2.518 motocicletas, crescimento de 135,5% em rela\u00e7\u00e3o ao mesmo m\u00eas de 2023 e de 53,5% na compara\u00e7\u00e3o com novembro.<\/p>\n<h2>Estimativas<\/h2>\n<p>Para o ano de 2025, a Abraciclo estima que as f\u00e1bricas localizadas no Polo Industrial de Manaus produzam 1.880.000 motocicletas, o que representa um crescimento de 7,5% na compara\u00e7\u00e3o com as 1.748.317 unidades fabricadas no ano passado.<\/p>\n<p>As vendas devem chegar a 2.020.000 unidades, com alta de 7,7% em rela\u00e7\u00e3o aos emplacamentos de 2024. As exporta\u00e7\u00f5es dever\u00e3o totalizar 35 mil unidades, volume 13% maior em rela\u00e7\u00e3o \u00e0s 33.750 unidades registradas no ano passado.<\/p>\n<p>Segundo Bento, embora a conjuntura macroecon\u00f4mica apresente incertezas, a demanda pela motocicleta pode continuar aquecida, principalmente devido ao pre\u00e7o acess\u00edvel, baixo custo de manuten\u00e7\u00e3o e agilidade nos deslocamentos.<\/p>\n<p>\u201cO grande desafio das fabricantes \u00e9 continuar atendendo \u00e0 crescente demanda do mercado, oferecendo ao consumidor produtos com tecnologia e recursos que garantam a seguran\u00e7a, qualidade e respeito ao meio ambiente\u201d, explicou.<\/p>\n<p>      <!-- Relacionada --><\/p>\n<p>            <!-- Relacionada -->\n    <\/div>\n<p><br \/>\n<br \/><a href=\"https:\/\/agenciabrasil.ebc.com.br\/economia\/noticia\/2025-01\/producao-de-motocicletas-cresceu-111-em-2024-aponta-abraciclo\" rel=\"noopener\">Ag\u00eancia Brasil<\/a><\/p>\n","protected":false},"excerpt":{"rendered":"<p>A produ\u00e7\u00e3o de motocicletas teve eleva\u00e7\u00e3o de 11,1% no ano de 2024, na compara\u00e7\u00e3o com o ano anterior, com total de 1.748.317 unidades. Segundo a Associa\u00e7\u00e3o Brasileira dos Fabricantes de Motocicletas, Ciclomotores, Motonetas, Bicicletas e Similares (Abraciclo), ao divulgar os dados nesta ter\u00e7a-feira (14). O volume representa melhor desempenho para o segmento em 14 anos. [&hellip;]<\/p>\n","protected":false},"author":1,"featured_media":8112,"comment_status":"open","ping_status":"open","sticky":false,"template":"","format":"standard","meta":{"_jetpack_newsletter_access":"","_jetpack_dont_email_post_to_subs":false,"_jetpack_newsletter_tier_id":0,"_jetpack_memberships_contains_paywalled_content":false,"_mbp_banners":[],"_jetpack_feature_clip_id":0,"_jetpack_memberships_contains_paid_content":false,"footnotes":"","jetpack_publicize_message":"","jetpack_publicize_feature_enabled":true,"jetpack_social_post_already_shared":true,"jetpack_social_options":{"image_generator_settings":{"template":"highway","default_image_id":0,"font":"","enabled":false},"version":2},"jetpack_post_was_ever_published":false},"categories":[24],"tags":[],"class_list":["post-20783","post","type-post","status-publish","format-standard","has-post-thumbnail","category-economia"],"jetpack_publicize_connections":[],"jetpack-related-posts":[],"jetpack_shortlink":"https:\/\/wp.me\/p7Eq1F-5pd","jetpack_sharing_enabled":true,"jetpack_featured_media_url":"https:\/\/i0.wp.com\/guialimeira.com.br\/news\/wp-content\/uploads\/2024\/06\/industrias_fabricas_de_motocicletas_industrias_fabricas_santos_fc2610100918.jpg?fit=1600%2C800&ssl=1","_links":{"self":[{"href":"https:\/\/guialimeira.com.br\/news\/wp-json\/wp\/v2\/posts\/20783","targetHints":{"allow":["GET"]}}],"collection":[{"href":"https:\/\/guialimeira.com.br\/news\/wp-json\/wp\/v2\/posts"}],"about":[{"href":"https:\/\/guialimeira.com.br\/news\/wp-json\/wp\/v2\/types\/post"}],"author":[{"embeddable":true,"href":"https:\/\/guialimeira.com.br\/news\/wp-json\/wp\/v2\/users\/1"}],"replies":[{"embeddable":true,"href":"https:\/\/guialimeira.com.br\/news\/wp-json\/wp\/v2\/comments?post=20783"}],"version-history":[{"count":0,"href":"https:\/\/guialimeira.com.br\/news\/wp-json\/wp\/v2\/posts\/20783\/revisions"}],"wp:featuredmedia":[{"embeddable":true,"href":"https:\/\/guialimeira.com.br\/news\/wp-json\/wp\/v2\/media\/8112"}],"wp:attachment":[{"href":"https:\/\/guialimeira.com.br\/news\/wp-json\/wp\/v2\/media?parent=20783"}],"wp:term":[{"taxonomy":"category","embeddable":true,"href":"https:\/\/guialimeira.com.br\/news\/wp-json\/wp\/v2\/categories?post=20783"},{"taxonomy":"post_tag","embeddable":true,"href":"https:\/\/guialimeira.com.br\/news\/wp-json\/wp\/v2\/tags?post=20783"}],"curies":[{"name":"wp","href":"https:\/\/api.w.org\/{rel}","templated":true}]}}