{"id":20749,"date":"2025-01-14T09:57:53","date_gmt":"2025-01-14T12:57:53","guid":{"rendered":"https:\/\/guialimeira.com.br\/2025\/01\/14\/brasil-e-benin-estreitam-relacoes-diplomaticas\/"},"modified":"2025-01-14T09:57:53","modified_gmt":"2025-01-14T12:57:53","slug":"brasil-e-benin-estreitam-relacoes-diplomaticas","status":"publish","type":"post","link":"https:\/\/guialimeira.com.br\/news\/brasil-e-benin-estreitam-relacoes-diplomaticas\/","title":{"rendered":"Brasil e Benin estreitam rela\u00e7\u00f5es diplom\u00e1ticas"},"content":{"rendered":"<p> <br \/>\n<\/p>\n<div>\n<p>Cultura, ancestralidade e coopera\u00e7\u00e3o internacional marcaram a miss\u00e3o oficial ao Benin liderada pela ministra da Cultura, Margareth Menezes (foto). A comitiva cumpriu cinco dias de compromissos institucionais e culturais.<img data-recalc-dims=\"1\" decoding=\"async\" src=\"https:\/\/i0.wp.com\/agenciabrasil.ebc.com.br\/ebc.png?w=696&#038;ssl=1\" style=\"width:1px; height:1px; display:inline;\"\/><img data-recalc-dims=\"1\" decoding=\"async\" src=\"https:\/\/i0.wp.com\/agenciabrasil.ebc.com.br\/ebc.gif?w=696&#038;ssl=1\" style=\"width:1px; height:1px; display:inline;\"\/><\/p>\n<p>Durante a miss\u00e3o, seus integrantes visitaram locais sagrados e culturais do pa\u00eds, como o Museu <em>Panth\u00e9on Noir et Africain<\/em> (Pante\u00e3o Negro e Africano) e a Grande Mesquita, ambos em Porto-Novo, considerada a cidade mais brasileira do Benin.<\/p>\n<p>Outro destaque da viagem foi a instala\u00e7\u00e3o do Comit\u00ea de Implementa\u00e7\u00e3o dos Acordos Culturais, como forma de ampliar a coopera\u00e7\u00e3o nas artes, audiovisual e no patrim\u00f4nio cultural. A instala\u00e7\u00e3o ocorreu durante o Festival das Culturas Ancestrais, nas cidades de Cotonou e Uid\u00e1, no Benin, quando s\u00e3o celebradas a espiritualidade e as tradi\u00e7\u00f5es do pa\u00eds da \u00c1frica Ocidental.\u00a0<\/p>\n<p>A viagem refor\u00e7ou a import\u00e2ncia dos la\u00e7os hist\u00f3ricos e culturais que unem Brasil e Benin. Os dois pa\u00edses compartilham costumes e tradi\u00e7\u00f5es fundamentais para a forma\u00e7\u00e3o da identidade brasileira, herdadas de pessoas escravizadas.<\/p>\n<p>A ministra Margareth Menezes explicou os objetivos da viagem. \u201cExpandir essa rela\u00e7\u00e3o [entre os dois pa\u00edses] e fortalec\u00ea-la ainda mais. Para n\u00f3s, \u00e9 uma grande honra representar o presidente Lula e o governo brasileiro nesse primeiro movimento de fortalecimento das rela\u00e7\u00f5es entre Benim e o Brasil\u201d, disse ela.<\/p>\n<p>O Ministro da Cultura do Benim, Jean-Michel Abimbola, tamb\u00e9m se manifestou sobre a visita.<\/p>\n<p>\u201c\u00c9 com grande alegria que trabalhamos com essa delega\u00e7\u00e3o projetos do futuro, de reconex\u00e3o, projetos em comum, patrim\u00f4nio, artes e cultura e, sobretudo, programas que v\u00e3o permitir, a partir de agora, que nossos irm\u00e3os n\u00e3o fiquem mais separados. Gostaria, evidentemente, de saudar e felicitar a lideran\u00e7a do presidente Lula e do presidente Patrice Talon. [Gra\u00e7as a eles], conseguimos realizar esse encontro\u201d, disse Abimbola.<\/p>\n<p>      <!-- Relacionada --><\/p>\n<p>            <!-- Relacionada -->\n    <\/div>\n<p><br \/>\n<br \/><a href=\"https:\/\/agenciabrasil.ebc.com.br\/internacional\/noticia\/2025-01\/brasil-e-benin-estreitam-relacoes-diplomaticas\" rel=\"noopener\">Ag\u00eancia Brasil <\/a><\/p>\n","protected":false},"excerpt":{"rendered":"<p>Cultura, ancestralidade e coopera\u00e7\u00e3o internacional marcaram a miss\u00e3o oficial ao Benin liderada pela ministra da Cultura, Margareth Menezes (foto). A comitiva cumpriu cinco dias de compromissos institucionais e culturais. Durante a miss\u00e3o, seus integrantes visitaram locais sagrados e culturais do pa\u00eds, como o Museu Panth\u00e9on Noir et Africain (Pante\u00e3o Negro e Africano) e a Grande [&hellip;]<\/p>\n","protected":false},"author":1,"featured_media":20750,"comment_status":"open","ping_status":"open","sticky":false,"template":"","format":"standard","meta":{"_jetpack_newsletter_access":"","_jetpack_dont_email_post_to_subs":false,"_jetpack_newsletter_tier_id":0,"_jetpack_memberships_contains_paywalled_content":false,"_mbp_banners":[],"_jetpack_feature_clip_id":0,"_jetpack_memberships_contains_paid_content":false,"footnotes":"","jetpack_publicize_message":"","jetpack_publicize_feature_enabled":true,"jetpack_social_post_already_shared":true,"jetpack_social_options":{"image_generator_settings":{"template":"highway","default_image_id":0,"font":"","enabled":false},"version":2},"jetpack_post_was_ever_published":false},"categories":[25],"tags":[],"class_list":["post-20749","post","type-post","status-publish","format-standard","has-post-thumbnail","category-internacional"],"jetpack_publicize_connections":[],"jetpack-related-posts":[],"jetpack_shortlink":"https:\/\/wp.me\/p7Eq1F-5oF","jetpack_sharing_enabled":true,"jetpack_featured_media_url":"https:\/\/i0.wp.com\/guialimeira.com.br\/news\/wp-content\/uploads\/2025\/01\/d6a6853.jpg?fit=1600%2C800&ssl=1","_links":{"self":[{"href":"https:\/\/guialimeira.com.br\/news\/wp-json\/wp\/v2\/posts\/20749","targetHints":{"allow":["GET"]}}],"collection":[{"href":"https:\/\/guialimeira.com.br\/news\/wp-json\/wp\/v2\/posts"}],"about":[{"href":"https:\/\/guialimeira.com.br\/news\/wp-json\/wp\/v2\/types\/post"}],"author":[{"embeddable":true,"href":"https:\/\/guialimeira.com.br\/news\/wp-json\/wp\/v2\/users\/1"}],"replies":[{"embeddable":true,"href":"https:\/\/guialimeira.com.br\/news\/wp-json\/wp\/v2\/comments?post=20749"}],"version-history":[{"count":0,"href":"https:\/\/guialimeira.com.br\/news\/wp-json\/wp\/v2\/posts\/20749\/revisions"}],"wp:featuredmedia":[{"embeddable":true,"href":"https:\/\/guialimeira.com.br\/news\/wp-json\/wp\/v2\/media\/20750"}],"wp:attachment":[{"href":"https:\/\/guialimeira.com.br\/news\/wp-json\/wp\/v2\/media?parent=20749"}],"wp:term":[{"taxonomy":"category","embeddable":true,"href":"https:\/\/guialimeira.com.br\/news\/wp-json\/wp\/v2\/categories?post=20749"},{"taxonomy":"post_tag","embeddable":true,"href":"https:\/\/guialimeira.com.br\/news\/wp-json\/wp\/v2\/tags?post=20749"}],"curies":[{"name":"wp","href":"https:\/\/api.w.org\/{rel}","templated":true}]}}