{"id":20730,"date":"2025-01-13T21:37:45","date_gmt":"2025-01-14T00:37:45","guid":{"rendered":"https:\/\/guialimeira.com.br\/2025\/01\/13\/sao-paulo-confirma-primeiro-caso-de-febre-amarela-em-humano-em-2025\/"},"modified":"2025-01-13T21:37:45","modified_gmt":"2025-01-14T00:37:45","slug":"sao-paulo-confirma-primeiro-caso-de-febre-amarela-em-humano-em-2025","status":"publish","type":"post","link":"https:\/\/guialimeira.com.br\/news\/sao-paulo-confirma-primeiro-caso-de-febre-amarela-em-humano-em-2025\/","title":{"rendered":"S\u00e3o Paulo confirma primeiro caso de febre amarela em humano em 2025"},"content":{"rendered":"<p> <br \/>\n<\/p>\n<div>\n<p>A Secretaria Estadual de Sa\u00fade de S\u00e3o Paulo confirmou o registro do primeiro\u00a0caso de febre amarela em humano este ano. Trata-se de um\u00a0homem de 27 anos, que vive em situa\u00e7\u00e3o de rua na capital paulista.<img data-recalc-dims=\"1\" decoding=\"async\" src=\"https:\/\/i0.wp.com\/agenciabrasil.ebc.com.br\/ebc.png?w=696&#038;ssl=1\" style=\"width:1px; height:1px; display:inline;\"\/><img data-recalc-dims=\"1\" decoding=\"async\" src=\"https:\/\/i0.wp.com\/agenciabrasil.ebc.com.br\/ebc.gif?w=696&#038;ssl=1\" style=\"width:1px; height:1px; display:inline;\"\/><\/p>\n<p>\u00a0Ele esteve em Socorro, na regi\u00e3o de Campinas, onde tamb\u00e9m houve notifica\u00e7\u00e3o recente de um caso de febre amarela em macaco.<\/p>\n<p>O estado registrou dois casos da doen\u00e7a em humanos em 2024 &#8211; sendo\u00a0um aut\u00f3ctone (com origem dentro do estado) e outro de um homem contaminado em Minas Gerais, que <a href=\"https:\/\/agenciabrasil.ebc.com.br\/saude\/noticia\/2025-01\/. O morto, um homem de 50 anos, morador de \u00c1guas de Lind\u00f3ia, passou pela regi\u00e3o de Monte Si\u00e3o, em Minas Gerais\" target=\"_blank\" rel=\"noopener\">morreu<\/a>.<\/p>\n<p>O Instituto Adolfo Lutz j\u00e1 confirmou<a href=\"https:\/\/agenciabrasil.ebc.com.br\/saude\/noticia\/2025-01\/saude-confirma-casos-de-febre-amarela-em-macacos-em-municipio-paulista-0\" target=\"_blank\" rel=\"noopener\"> nove casos da doen\u00e7a em macacos<\/a>, sendo sete na regi\u00e3o de Ribeir\u00e3o Preto, um em Pinhalzinho e o outro em Socorro.<\/p>\n<p>As a\u00e7\u00f5es de vigil\u00e2ncia em sa\u00fade e vacina\u00e7\u00e3o foram intensificadas nessas regi\u00f5es, al\u00e9m da recomenda\u00e7\u00e3o de cuidados para quem ir\u00e1 viajar para \u00e1reas de mata.<\/p>\n<p>A vacina contra a doen\u00e7a\u00a0est\u00e1 dispon\u00edvel em postos de sa\u00fade e deve ser aplicada\u00a0ao menos 10 dias antes do deslocamento para regi\u00f5es com casos.\u00a0<\/p>\n<h2>Febre amarela<\/h2>\n<p>A febre amarela \u00e9 transmitida pela picada de mosquitos silvestres. Um indicador de sua presen\u00e7a se d\u00e1 com a morte de macacos, que tamb\u00e9m sofrem com altos \u00edndices de mortalidade quando contaminados.<\/p>\n<p>O avistamento de macacos mortos deve ser informado \u00e0s equipes de sa\u00fade do munic\u00edpio.\u00a0<\/p>\n<p>Os sintomas iniciais da febre amarela s\u00e3o febre s\u00fabita, calafrios, dores intensas no corpo e cabe\u00e7a, n\u00e1useas e v\u00f4mitos, fadiga e fraqueza recorrentes.<\/p>\n<p>      <!-- Relacionada --><\/p>\n<p>            <!-- Relacionada -->\n    <\/div>\n<p><br \/>\n<br \/><a href=\"https:\/\/agenciabrasil.ebc.com.br\/saude\/noticia\/2025-01\/sao-paulo-confirma-primeiro-caso-de-febre-amarela-em-humano-em-2025\" rel=\"noopener\">Ag\u00eancia Brasil <\/a><\/p>\n","protected":false},"excerpt":{"rendered":"<p>A Secretaria Estadual de Sa\u00fade de S\u00e3o Paulo confirmou o registro do primeiro\u00a0caso de febre amarela em humano este ano. Trata-se de um\u00a0homem de 27 anos, que vive em situa\u00e7\u00e3o de rua na capital paulista. \u00a0Ele esteve em Socorro, na regi\u00e3o de Campinas, onde tamb\u00e9m houve notifica\u00e7\u00e3o recente de um caso de febre amarela em [&hellip;]<\/p>\n","protected":false},"author":1,"featured_media":20731,"comment_status":"open","ping_status":"open","sticky":false,"template":"","format":"standard","meta":{"_jetpack_newsletter_access":"","_jetpack_dont_email_post_to_subs":false,"_jetpack_newsletter_tier_id":0,"_jetpack_memberships_contains_paywalled_content":false,"_mbp_banners":[],"_jetpack_feature_clip_id":0,"_jetpack_memberships_contains_paid_content":false,"footnotes":"","jetpack_publicize_message":"","jetpack_publicize_feature_enabled":true,"jetpack_social_post_already_shared":true,"jetpack_social_options":{"image_generator_settings":{"template":"highway","default_image_id":0,"font":"","enabled":false},"version":2},"jetpack_post_was_ever_published":false},"categories":[15],"tags":[],"class_list":["post-20730","post","type-post","status-publish","format-standard","has-post-thumbnail","category-saude"],"jetpack_publicize_connections":[],"jetpack-related-posts":[],"jetpack_shortlink":"https:\/\/wp.me\/p7Eq1F-5om","jetpack_sharing_enabled":true,"jetpack_featured_media_url":"https:\/\/i0.wp.com\/guialimeira.com.br\/news\/wp-content\/uploads\/2025\/01\/1105907-rovros_abr_25012018_6076_1.jpg?fit=1600%2C800&ssl=1","_links":{"self":[{"href":"https:\/\/guialimeira.com.br\/news\/wp-json\/wp\/v2\/posts\/20730","targetHints":{"allow":["GET"]}}],"collection":[{"href":"https:\/\/guialimeira.com.br\/news\/wp-json\/wp\/v2\/posts"}],"about":[{"href":"https:\/\/guialimeira.com.br\/news\/wp-json\/wp\/v2\/types\/post"}],"author":[{"embeddable":true,"href":"https:\/\/guialimeira.com.br\/news\/wp-json\/wp\/v2\/users\/1"}],"replies":[{"embeddable":true,"href":"https:\/\/guialimeira.com.br\/news\/wp-json\/wp\/v2\/comments?post=20730"}],"version-history":[{"count":0,"href":"https:\/\/guialimeira.com.br\/news\/wp-json\/wp\/v2\/posts\/20730\/revisions"}],"wp:featuredmedia":[{"embeddable":true,"href":"https:\/\/guialimeira.com.br\/news\/wp-json\/wp\/v2\/media\/20731"}],"wp:attachment":[{"href":"https:\/\/guialimeira.com.br\/news\/wp-json\/wp\/v2\/media?parent=20730"}],"wp:term":[{"taxonomy":"category","embeddable":true,"href":"https:\/\/guialimeira.com.br\/news\/wp-json\/wp\/v2\/categories?post=20730"},{"taxonomy":"post_tag","embeddable":true,"href":"https:\/\/guialimeira.com.br\/news\/wp-json\/wp\/v2\/tags?post=20730"}],"curies":[{"name":"wp","href":"https:\/\/api.w.org\/{rel}","templated":true}]}}