{"id":20706,"date":"2025-01-13T17:46:49","date_gmt":"2025-01-13T20:46:49","guid":{"rendered":"https:\/\/guialimeira.com.br\/2025\/01\/13\/previdencia-social-atualiza-valores-de-beneficios-do-inss\/"},"modified":"2025-01-13T17:46:49","modified_gmt":"2025-01-13T20:46:49","slug":"previdencia-social-atualiza-valores-de-beneficios-do-inss","status":"publish","type":"post","link":"https:\/\/guialimeira.com.br\/news\/previdencia-social-atualiza-valores-de-beneficios-do-inss\/","title":{"rendered":"Previd\u00eancia Social atualiza valores de benef\u00edcios do INSS"},"content":{"rendered":"<p> <br \/>\n<\/p>\n<div>\n<p>O Instituto Nacional do Seguro Social (INSS) publicou nesta segunda-feira (13) a tabela com os novos valores dos benef\u00edcios pagos pelo \u00f3rg\u00e3o em 2025. Dependendo do caso, o benef\u00edcio foi corrigido pelo reajuste do sal\u00e1rio m\u00ednimo, de 7,51%, ou pela varia\u00e7\u00e3o do \u00cdndice Nacional de Pre\u00e7os ao Consumidor (INPC) de 2024, de<a href=\"http:\/\/ttps:\/\/agenciabrasil.ebc.com.br\/economia\/noticia\/2025-01\/inflacao-usada-para-calculo-de-reajuste-de-salario-e-de-477\" target=\"_blank\"> 4,77%<\/a>.<img data-recalc-dims=\"1\" decoding=\"async\" src=\"https:\/\/i0.wp.com\/agenciabrasil.ebc.com.br\/ebc.png?w=696&#038;ssl=1\" style=\"width:1px; height:1px; display:inline;\"\/><img data-recalc-dims=\"1\" decoding=\"async\" src=\"https:\/\/i0.wp.com\/agenciabrasil.ebc.com.br\/ebc.gif?w=696&#038;ssl=1\" style=\"width:1px; height:1px; display:inline;\"\/><\/p>\n<p>Os novos valores foram publicados em <a href=\"https:\/\/www.in.gov.br\/en\/web\/dou\/-\/portaria-interministerial-mps\/mf-n-6-de-10-de-janeiro-de-2025-606526848\" target=\"_blank\" rel=\"noopener\">portaria <\/a>conjunta dos Minist\u00e9rios da Fazenda e da Previd\u00eancia Social no <em>Di\u00e1rio Oficial da Uni\u00e3o<\/em>. A portaria tamb\u00e9m oficializou o <a href=\"https:\/\/www.in.gov.br\/en\/web\/dou\/-\/portaria-interministerial-mps\/mf-n-6-de-10-de-janeiro-de-2025-606526848\" rel=\"noopener\">teto de R$ 8.157,40 <\/a>do INSS em 2025 e as novas faixas da tabela de desconto no contracheque, divulgadas na sexta-feira (10).<\/p>\n<p>Os novos valores, referentes a janeiro, s\u00f3 ser\u00e3o pagos a partir do fim deste m\u00eas ou do in\u00edcio de fevereiro. Para quem recebe o sal\u00e1rio m\u00ednimo, o pagamento dos benef\u00edcios vai de 27 de janeiro a 7 de fevereiro. O pagamento dos benef\u00edcios acima do m\u00ednimo com a corre\u00e7\u00e3o de 4,77% vai de 3 a 7 de fevereiro. A data de pagamento varia conforme o n\u00famero final do cart\u00e3o de benef\u00edcio, desconsiderando o d\u00edgito verificador, que aparece ap\u00f3s o tra\u00e7o.<\/p>\n<p><strong>Benef\u00edcios com reajuste de 7,51%:<\/strong><\/p>\n<p>\u2022\u00a0\u00a0\u00a0\u00a0 Benef\u00edcio de Presta\u00e7\u00e3o Continuada (BPC) \/ Lei Org\u00e2nica de Assist\u00eancia Social (Loas): de 1.412 para R$ 1.518 (um sal\u00e1rio-m\u00ednimo);<\/p>\n<p>\u2022\u00a0\u00a0\u00a0\u00a0 Aux\u00edlio-reclus\u00e3o, pago a fam\u00edlias de presos de baixa renda em regime fechado: de R$ 1.412 para R$ 1.518 (um sal\u00e1rio-m\u00ednimo);<\/p>\n<p>\u2022\u00a0\u00a0\u00a0\u00a0 Aux\u00edlio a pescadores, mestres de rede e patr\u00e3o de pesca: de R$ 1.412 para R$ 1.518 (um sal\u00e1rio-m\u00ednimo);<\/p>\n<p>\u2022\u00a0\u00a0\u00a0\u00a0 Pens\u00e3o especial para v\u00edtimas da talidomida: de R$ 1.412 para R$ 1.518 (um sal\u00e1rio-m\u00ednimo);<\/p>\n<p>\u2022\u00a0\u00a0\u00a0\u00a0 Pens\u00e3o especial a dependentes das v\u00edtimas da hemodi\u00e1lise em Caruaru (PE): de R$ 1.412 para R$ 1.518 (um sal\u00e1rio-m\u00ednimo);<\/p>\n<p>\u2022\u00a0\u00a0\u00a0\u00a0 Benef\u00edcios a seringueiros e seus dependentes: de R$ 2.824 para R$ 3.036 (dois sal\u00e1rios-m\u00ednimos);<\/p>\n<p>\u2022\u00a0\u00a0\u00a0\u00a0 Teto de indeniza\u00e7\u00f5es do INSS ganhas nos Juizados Especiais Federais: de R$ 84.720 para R$ 91.080 (60 sal\u00e1rios-m\u00ednimos).<\/p>\n<p><strong>Benef\u00edcios e faixas com reajuste de 4,77%:<\/strong><\/p>\n<p>\u2022\u00a0\u00a0\u00a0\u00a0 Cota do sal\u00e1rio-fam\u00edlia: de R$ 62,04 para R$ 65;<\/p>\n<p>\u2022\u00a0\u00a0\u00a0\u00a0 Remunera\u00e7\u00e3o mensal para ter direito ao sal\u00e1rio-fam\u00edlia e ao aux\u00edlio-reclus\u00e3o: de R$ 1.819,26 para R$ 1.906,04;<\/p>\n<p>\u2022\u00a0\u00a0\u00a0\u00a0 Pens\u00e3o especial para pessoas com hansen\u00edase internadas compulsoriamente: de R$ 2.012,32 para R$ 2.128,31;<\/p>\n<p>\u2022\u00a0\u00a0\u00a0\u00a0 Di\u00e1ria para deslocamento a per\u00edcia m\u00e9dica ou reabilita\u00e7\u00e3o profissional longe da resid\u00eancia do segurado: de R$ 130,10 para R$ 136,31;<\/p>\n<p>\u2022\u00a0\u00a0\u00a0\u00a0 Teto do INSS: de R$ 7.786,02 para R$ 8.157,41;<\/p>\n<p>\u2022\u00a0\u00a0\u00a0\u00a0 Faixas da tabela de contribui\u00e7\u00e3o ao INSS: todas as faixas subiram para os seguintes valores:<\/p>\n<table border=\"1\" cellpadding=\"1\" cellspacing=\"1\" style=\"width:500px;\">\n<tbody>\n<tr>\n<td>\u00a0<strong>Sal\u00e1rio de Contribui\u00e7\u00f5es<\/strong><\/td>\n<td><strong>Al\u00edquota<\/strong><\/td>\n<td><strong>Parcela a deduzir do INSS<\/strong><\/td>\n<\/tr>\n<tr>\n<td>\u00a0At\u00e9 R$ 1.518,00<\/td>\n<td>\u00a07,5%<\/td>\n<td>\u00a0R$ 0,00<\/td>\n<\/tr>\n<tr>\n<td>\u00a0De R$ 1.518,01 a R$ 2.793,88<\/td>\n<td>\u00a09%<\/td>\n<td>\u00a0R$ 22,7<\/td>\n<\/tr>\n<tr>\n<td>\u00a0De R$ 2.793,89 a R$ 4.190,83<\/td>\n<td>\u00a012%<\/td>\n<td>\u00a0R$ 106,59<\/td>\n<\/tr>\n<tr>\n<td>\u00a0De R$ 4.190,84 a R$ 8.157,41<\/td>\n<td>\u00a014%<\/td>\n<td>\u00a0R$ 190,40<\/td>\n<\/tr>\n<\/tbody>\n<\/table>\n<p>      <!-- Relacionada --><\/p>\n<p>            <!-- Relacionada -->\n    <\/div>\n<p><br \/>\n<br \/><a href=\"https:\/\/agenciabrasil.ebc.com.br\/economia\/noticia\/2025-01\/previdencia-social-atualiza-valores-de-beneficios-do-inss\" rel=\"noopener\">Ag\u00eancia Brasil<\/a><\/p>\n","protected":false},"excerpt":{"rendered":"<p>O Instituto Nacional do Seguro Social (INSS) publicou nesta segunda-feira (13) a tabela com os novos valores dos benef\u00edcios pagos pelo \u00f3rg\u00e3o em 2025. Dependendo do caso, o benef\u00edcio foi corrigido pelo reajuste do sal\u00e1rio m\u00ednimo, de 7,51%, ou pela varia\u00e7\u00e3o do \u00cdndice Nacional de Pre\u00e7os ao Consumidor (INPC) de 2024, de 4,77%. Os novos [&hellip;]<\/p>\n","protected":false},"author":1,"featured_media":18020,"comment_status":"open","ping_status":"open","sticky":false,"template":"","format":"standard","meta":{"_jetpack_newsletter_access":"","_jetpack_dont_email_post_to_subs":false,"_jetpack_newsletter_tier_id":0,"_jetpack_memberships_contains_paywalled_content":false,"_mbp_banners":[],"_jetpack_feature_clip_id":0,"_jetpack_memberships_contains_paid_content":false,"footnotes":"","jetpack_publicize_message":"","jetpack_publicize_feature_enabled":true,"jetpack_social_post_already_shared":true,"jetpack_social_options":{"image_generator_settings":{"template":"highway","default_image_id":0,"font":"","enabled":false},"version":2},"jetpack_post_was_ever_published":false},"categories":[24],"tags":[],"class_list":["post-20706","post","type-post","status-publish","format-standard","has-post-thumbnail","category-economia"],"jetpack_publicize_connections":[],"jetpack-related-posts":[],"jetpack_shortlink":"https:\/\/wp.me\/p7Eq1F-5nY","jetpack_sharing_enabled":true,"jetpack_featured_media_url":"https:\/\/i0.wp.com\/guialimeira.com.br\/news\/wp-content\/uploads\/2024\/11\/dinheiro_caixa_mcajr_abr_2907221128.jpg?fit=1600%2C800&ssl=1","_links":{"self":[{"href":"https:\/\/guialimeira.com.br\/news\/wp-json\/wp\/v2\/posts\/20706","targetHints":{"allow":["GET"]}}],"collection":[{"href":"https:\/\/guialimeira.com.br\/news\/wp-json\/wp\/v2\/posts"}],"about":[{"href":"https:\/\/guialimeira.com.br\/news\/wp-json\/wp\/v2\/types\/post"}],"author":[{"embeddable":true,"href":"https:\/\/guialimeira.com.br\/news\/wp-json\/wp\/v2\/users\/1"}],"replies":[{"embeddable":true,"href":"https:\/\/guialimeira.com.br\/news\/wp-json\/wp\/v2\/comments?post=20706"}],"version-history":[{"count":0,"href":"https:\/\/guialimeira.com.br\/news\/wp-json\/wp\/v2\/posts\/20706\/revisions"}],"wp:featuredmedia":[{"embeddable":true,"href":"https:\/\/guialimeira.com.br\/news\/wp-json\/wp\/v2\/media\/18020"}],"wp:attachment":[{"href":"https:\/\/guialimeira.com.br\/news\/wp-json\/wp\/v2\/media?parent=20706"}],"wp:term":[{"taxonomy":"category","embeddable":true,"href":"https:\/\/guialimeira.com.br\/news\/wp-json\/wp\/v2\/categories?post=20706"},{"taxonomy":"post_tag","embeddable":true,"href":"https:\/\/guialimeira.com.br\/news\/wp-json\/wp\/v2\/tags?post=20706"}],"curies":[{"name":"wp","href":"https:\/\/api.w.org\/{rel}","templated":true}]}}