{"id":207,"date":"2024-03-29T13:20:00","date_gmt":"2024-03-29T16:20:00","guid":{"rendered":"https:\/\/guialimeira.com.br\/2024\/03\/29\/servidores-concluem-primeiro-curso-sobre-protecao-de-dados-pessoais-2\/"},"modified":"2024-03-29T13:20:00","modified_gmt":"2024-03-29T16:20:00","slug":"servidores-concluem-primeiro-curso-sobre-protecao-de-dados-pessoais-2","status":"publish","type":"post","link":"https:\/\/guialimeira.com.br\/news\/servidores-concluem-primeiro-curso-sobre-protecao-de-dados-pessoais-2\/","title":{"rendered":"Servidores concluem primeiro curso sobre prote\u00e7\u00e3o de dados pessoais"},"content":{"rendered":"<p> <br \/>\n<\/p>\n<div>\n            <main class=\"\">&#13;<br \/>\n                &#13;<br \/>\n&#13;<br \/>\n&#13;<br \/>\n&#13;<br \/>\n    <img data-recalc-dims=\"1\" decoding=\"async\" src=\"https:\/\/i0.wp.com\/ecrie.com.br\/sistema\/conteudos\/imagem\/m_137_0_1_28032024170001.jpg?w=696&#038;ssl=1\" alt=\"Servidores concluem primeiro curso sobre prote\u00e7\u00e3o de dados pessoais\"\/>&#13;<br \/>\n&#13;<\/p>\n<p>A Prefeitura\u00a0de Limeira\u00a0entregou\u00a0os certificados do primeiro curso sobre a Lei Geral de Prote\u00e7\u00e3o de Dados (LGPD) a 17 servidores municipais que integram a comiss\u00e3o municipal que trata do tema. Participaram do evento, no Espa\u00e7o Elo (P\u00e1tio Limeira\u00a0Shopping), o secret\u00e1rio-chefe de Gabinete, Edison Moreno Gil, e o diretor de Tecnologia da Informa\u00e7\u00e3o da Secretaria de Gest\u00e3o Estrat\u00e9gica, Fabr\u00edcio Amorim Medeiros.<\/p>\n<p>&#13;<\/p>\n<p>\u00a0<\/p>\n<p>&#13;<\/p>\n<p>Moreno Gil parabenizou os formandos e discorreu sobre a necessidade de mudan\u00e7a de procedimentos para que o munic\u00edpio se adapte aos novos marcos regulat\u00f3rios. \u201cAs informa\u00e7\u00f5es propagam-se a uma velocidade crescente e nosso cuidado com o recebimento e o tratamento dos dados pessoais deve ser grande\u201d, destacou o secret\u00e1rio.<\/p>\n<p>&#13;<\/p>\n<p>\u00a0<\/p>\n<p>&#13;<\/p>\n<p>A capacita\u00e7\u00e3o, realizada agora em mar\u00e7o, abordou os princ\u00edpios da LGPD, as bases legais para o tratamento de dados pessoais, os direitos dos mun\u00edcipes em rela\u00e7\u00e3o ao fornecimento e armazenamento de informa\u00e7\u00f5es pessoais e as boas pr\u00e1ticas em torno da quest\u00e3o.<\/p>\n<p>&#13;<\/p>\n<p>\u00a0<\/p>\n<p>&#13;<\/p>\n<p>Segundo o idealizador do curso e encarregado pela Prote\u00e7\u00e3o de Dados Pessoais\u00a0da prefeitura, Bruno Henrique\u00a0da Silva, a dissemina\u00e7\u00e3o da LGPD \u00e9 o primeiro passo para sua consolida\u00e7\u00e3o na Administra\u00e7\u00e3o Municipal, considerando-se que a legisla\u00e7\u00e3o federal (Lei 13.709) foi regulamentada pelo prefeito Mario Botion em 2022. \u201cA forma\u00e7\u00e3o dessa primeira turma na LGPD mostra que a prefeitura est\u00e1 trabalhando para aperfei\u00e7oar\u00a0suas pr\u00e1ticas\u201d, afirmou.\u00a0Em maio, de acordo com o encarregado, ser\u00e1 iniciado um novo curso sobre o tema.<\/p>\n<p>&#13;<\/p>\n<p>\u00a0<\/p>\n<p>&#13;<br \/>\n&#13;<br \/>\n&#13;<br \/>\n&#13;<\/p>\n<aside class=\"list-related no-print\">&#13;<br \/>\n        &#13;<br \/>\n&#13;<\/p>\n<article class=\"list-item noticias \">&#13;<br \/>\n                    <a class=\"list-item__img\" href=\"https:\/\/limeira.sp.gov.br\/imprensa\/noticias\/gabinete-do-prefeito\/em-dois-anos-governo-botion-cria-mais-de-72-mil-empregos-formais-em-limeira\" tabindex=\"-1\" aria-hidden=\"true\" rel=\"noopener\">&#13;<br \/>\n                        <img data-recalc-dims=\"1\" decoding=\"async\" src=\"https:\/\/i0.wp.com\/ecrie.com.br\/sistema\/conteudos\/imagem\/m_137_0_1_29032023114710.jpg?w=696&#038;ssl=1\" alt=\"Em dois anos, governo Botion cria mais de 7,2 mil empregos formais em Limeira\"\/>&#13;<br \/>\n                    <\/a>&#13;<br \/>\n&#13;<br \/>\n                &#13;<br \/>\n            <\/article>\n<p>&#13;<\/p>\n<article class=\"list-item noticias \">&#13;<br \/>\n                    <a class=\"list-item__img\" href=\"https:\/\/limeira.sp.gov.br\/imprensa\/noticias\/gabinete-do-prefeito\/coleta-de-papanicolau-em-horario-estendido-conscientiza-sobre-cancer-de-colo-de-utero\" tabindex=\"-1\" aria-hidden=\"true\" rel=\"noopener\">&#13;<br \/>\n                        <img data-recalc-dims=\"1\" decoding=\"async\" src=\"https:\/\/i0.wp.com\/ecrie.com.br\/sistema\/conteudos\/imagem\/m_137_0_1_27032024164154.jpg?w=696&#038;ssl=1\" alt=\"Coleta de papanicolau em hor\u00e1rio estendido conscientiza sobre c\u00e2ncer de colo de \u00fatero\"\/>&#13;<br \/>\n                    <\/a>&#13;<br \/>\n&#13;<br \/>\n                &#13;<br \/>\n            <\/article>\n<p>&#13;<\/p>\n<article class=\"list-item noticias \">&#13;<br \/>\n                    <a class=\"list-item__img\" href=\"https:\/\/limeira.sp.gov.br\/imprensa\/noticias\/gabinete-do-prefeito\/prefeitura-fecha-acordo-com-sindicatos-e-movimento-grevista-chega-ao-fim\" tabindex=\"-1\" aria-hidden=\"true\" rel=\"noopener\">&#13;<br \/>\n                        <img data-recalc-dims=\"1\" decoding=\"async\" src=\"https:\/\/i0.wp.com\/ecrie.com.br\/sistema\/conteudos\/imagem\/m_137_0_1_27032024151359.jpg?w=696&#038;ssl=1\" alt=\"Prefeitura fecha acordo com sindicatos e movimento grevista chega ao fim\"\/>&#13;<br \/>\n                    <\/a>&#13;<br \/>\n&#13;<br \/>\n                &#13;<br \/>\n            <\/article>\n<p>&#13;<br \/>\n    <\/aside>\n<p>&#13;<br \/>\n&#13;<br \/>\n            <\/main><\/p><\/div>\n<p><br \/>\n<br \/><a href=\"https:\/\/limeira.sp.gov.br\/servidores-concluem-primeiro-curso-sobre-protecao-de-dados-pessoais\" rel=\"noopener\">Informa\u00e7\u00f5es da PML <\/a><\/p>\n","protected":false},"excerpt":{"rendered":"<p>&#13; &#13; &#13; &#13; &#13; &#13; &#13; A Prefeitura\u00a0de Limeira\u00a0entregou\u00a0os certificados do primeiro curso sobre a Lei Geral de Prote\u00e7\u00e3o de Dados (LGPD) a 17 servidores municipais que integram a comiss\u00e3o municipal que trata do tema. Participaram do evento, no Espa\u00e7o Elo (P\u00e1tio Limeira\u00a0Shopping), o secret\u00e1rio-chefe de Gabinete, Edison Moreno Gil, e o diretor de [&hellip;]<\/p>\n","protected":false},"author":1,"featured_media":198,"comment_status":"open","ping_status":"open","sticky":false,"template":"","format":"standard","meta":{"_jetpack_newsletter_access":"","_jetpack_dont_email_post_to_subs":false,"_jetpack_newsletter_tier_id":0,"_jetpack_memberships_contains_paywalled_content":false,"_mbp_banners":[],"_jetpack_feature_clip_id":0,"_jetpack_memberships_contains_paid_content":false,"footnotes":"","jetpack_publicize_message":"","jetpack_publicize_feature_enabled":true,"jetpack_social_post_already_shared":false,"jetpack_social_options":{"image_generator_settings":{"template":"highway","default_image_id":0,"font":"","enabled":false},"version":2},"jetpack_post_was_ever_published":false},"categories":[16],"tags":[],"class_list":["post-207","post","type-post","status-publish","format-standard","has-post-thumbnail","category-local"],"jetpack_publicize_connections":[],"jetpack-related-posts":[],"jetpack_shortlink":"https:\/\/wp.me\/p7Eq1F-3l","jetpack_sharing_enabled":true,"jetpack_featured_media_url":"https:\/\/i0.wp.com\/guialimeira.com.br\/news\/wp-content\/uploads\/2024\/03\/m_137_0_1_28032024170001.jpg?fit=1280%2C852&ssl=1","_links":{"self":[{"href":"https:\/\/guialimeira.com.br\/news\/wp-json\/wp\/v2\/posts\/207","targetHints":{"allow":["GET"]}}],"collection":[{"href":"https:\/\/guialimeira.com.br\/news\/wp-json\/wp\/v2\/posts"}],"about":[{"href":"https:\/\/guialimeira.com.br\/news\/wp-json\/wp\/v2\/types\/post"}],"author":[{"embeddable":true,"href":"https:\/\/guialimeira.com.br\/news\/wp-json\/wp\/v2\/users\/1"}],"replies":[{"embeddable":true,"href":"https:\/\/guialimeira.com.br\/news\/wp-json\/wp\/v2\/comments?post=207"}],"version-history":[{"count":0,"href":"https:\/\/guialimeira.com.br\/news\/wp-json\/wp\/v2\/posts\/207\/revisions"}],"wp:featuredmedia":[{"embeddable":true,"href":"https:\/\/guialimeira.com.br\/news\/wp-json\/wp\/v2\/media\/198"}],"wp:attachment":[{"href":"https:\/\/guialimeira.com.br\/news\/wp-json\/wp\/v2\/media?parent=207"}],"wp:term":[{"taxonomy":"category","embeddable":true,"href":"https:\/\/guialimeira.com.br\/news\/wp-json\/wp\/v2\/categories?post=207"},{"taxonomy":"post_tag","embeddable":true,"href":"https:\/\/guialimeira.com.br\/news\/wp-json\/wp\/v2\/tags?post=207"}],"curies":[{"name":"wp","href":"https:\/\/api.w.org\/{rel}","templated":true}]}}