{"id":20692,"date":"2025-01-13T14:43:56","date_gmt":"2025-01-13T17:43:56","guid":{"rendered":"https:\/\/guialimeira.com.br\/2025\/01\/13\/lula-destaca-apoio-da-caixa-a-implementacao-de-politicas-publicas\/"},"modified":"2025-01-13T14:43:56","modified_gmt":"2025-01-13T17:43:56","slug":"lula-destaca-apoio-da-caixa-a-implementacao-de-politicas-publicas","status":"publish","type":"post","link":"https:\/\/guialimeira.com.br\/news\/lula-destaca-apoio-da-caixa-a-implementacao-de-politicas-publicas\/","title":{"rendered":"Lula destaca apoio da Caixa \u00e0 implementa\u00e7\u00e3o de pol\u00edticas p\u00fablicas"},"content":{"rendered":"<p> <br \/>\n<\/p>\n<div>\n<p>Ao participar, nesta segunda-feira (13), da comemora\u00e7\u00e3o dos 164 anos de hist\u00f3ria da Caixa Econ\u00f4mica Federal, o presidente Luiz In\u00e1cio Lula da Silva enumerou uma s\u00e9rie de contribui\u00e7\u00f5es do banco para a implementa\u00e7\u00e3o de pol\u00edticas p\u00fablicas no pa\u00eds, o que garantiu, \u00e0s camadas mais vulner\u00e1veis da popula\u00e7\u00e3o, acesso a direitos b\u00e1sicos, \u201cna constru\u00e7\u00e3o de um Brasil mais desenvolvido, justo, inclusivo e feliz\u201d.<img data-recalc-dims=\"1\" decoding=\"async\" src=\"https:\/\/i0.wp.com\/agenciabrasil.ebc.com.br\/ebc.png?w=696&#038;ssl=1\" style=\"width:1px; height:1px; display:inline;\"\/><img data-recalc-dims=\"1\" decoding=\"async\" src=\"https:\/\/i0.wp.com\/agenciabrasil.ebc.com.br\/ebc.gif?w=696&#038;ssl=1\" style=\"width:1px; height:1px; display:inline;\"\/><\/p>\n<p>Lula participou do evento por meio de videoconfer\u00eancia. \u201cH\u00e1 164 anos, a Caixa trabalha pelo povo brasileiro. Foi assim mesmo nos per\u00edodos mais sombrios da nossa hist\u00f3ria, a exemplo da escravid\u00e3o\u201d, disse o presidente, em meio \u00e0 cita\u00e7\u00e3o de casos de escravizados que teriam conseguido pagar pela liberdade ap\u00f3s o banco autorizar a abertura de contas de poupan\u00e7a, onde suas economias eram guardadas.<\/p>\n<p>\u201cUm s\u00e9culo e meio depois, temos a felicidade de milh\u00f5es de brasileiros e brasileiras que podem contar com a Caixa nos momentos mais importantes de sua vida\u201d, acrescentou o presidente, ao citar uma s\u00e9rie de pol\u00edticas p\u00fablicas, como Bolsa Fam\u00edlia, Minha Casa Minha Vida, P\u00e9-de-Meia e outros programas voltados a financiamento estudantil, \u00e0 infraestrutura, ao empreendedorismo ou \u00e0 produ\u00e7\u00e3o de alimentos, viabilizados com a ajuda do banco.<\/p>\n<p>Lula destacou, tamb\u00e9m, o papel do banco para amenizar os efeitos negativos durante os momentos de crise financeira que ultrapassaram fronteiras. \u201cLembro que, sem a Caixa e os demais bancos p\u00fablicos, n\u00f3s n\u00e3o ter\u00edamos transformado numa simples marolinha no tsunami da crise financeira que varreu o mundo em 2008.\u201d<\/p>\n<p>\u201cSem falar na gest\u00e3o operacional de quase mil projetos do Novo PAC [Programa de Acelera\u00e7\u00e3o do Crescimento], com creches, escolas de tempo integral, hospitais, maternidades, policl\u00ednicas e outros equipamentos que melhoram a qualidade de vida de milh\u00f5es de pessoas; e na retomada de quase 1,7 mil obras que estavam paralisada; e nos investimentos em esporte e cultura\u201d, acrescentou.<\/p>\n<p>Entre suas lembran\u00e7as, Lula disse que h\u00e1 momentos especiais relacionados \u00e0 Caixa. Uma dessas lembran\u00e7as foi durante seus dois primeiros mandatos, entre 2003 e 2010, quando 70 milh\u00f5es de pessoas foram &#8216;bancarizadas&#8217; pela primeira vez. \u201cIsso equivalia \u00e0 popula\u00e7\u00e3o, na \u00e9poca, da Argentina e da Col\u00f4mbia juntas.\u201d<\/p>\n<p>O presidente da Caixa, Carlos Ant\u00f4nio Vieira Fernandes, tamb\u00e9m destacou momentos hist\u00f3ricos, em que o banco viabilizou servi\u00e7os a escravizados, em 1884; \u00e0s mulheres, que a partir da d\u00e9cada de 1920 come\u00e7aram a ser autorizadas a trabalhar em bancos; e, mais recentemente, nos investimentos da institui\u00e7\u00e3o em atletas paral\u00edmpicos, o que colaborou de forma significativa para o Brasil se tornar pot\u00eancia esportiva paral\u00edmpica.<\/p>\n<p>\u201cAl\u00e9m disso, somos o \u00fanico banco que n\u00e3o est\u00e1 fechando ag\u00eancias. Pelo contr\u00e1rio, estamos levando ag\u00eancias a lugares do pa\u00eds onde n\u00e3o tem ag\u00eancia\u201d, complementou.<\/p>\n<p>      <!-- Relacionada --><\/p>\n<p>            <!-- Relacionada -->\n    <\/div>\n<p><br \/>\n<br \/><a href=\"https:\/\/agenciabrasil.ebc.com.br\/economia\/noticia\/2025-01\/lula-destaca-apoio-da-caixa-implementacao-de-politicas-publicas\" rel=\"noopener\">Ag\u00eancia Brasil<\/a><\/p>\n","protected":false},"excerpt":{"rendered":"<p>Ao participar, nesta segunda-feira (13), da comemora\u00e7\u00e3o dos 164 anos de hist\u00f3ria da Caixa Econ\u00f4mica Federal, o presidente Luiz In\u00e1cio Lula da Silva enumerou uma s\u00e9rie de contribui\u00e7\u00f5es do banco para a implementa\u00e7\u00e3o de pol\u00edticas p\u00fablicas no pa\u00eds, o que garantiu, \u00e0s camadas mais vulner\u00e1veis da popula\u00e7\u00e3o, acesso a direitos b\u00e1sicos, \u201cna constru\u00e7\u00e3o de um [&hellip;]<\/p>\n","protected":false},"author":1,"featured_media":20693,"comment_status":"open","ping_status":"open","sticky":false,"template":"","format":"standard","meta":{"_jetpack_newsletter_access":"","_jetpack_dont_email_post_to_subs":false,"_jetpack_newsletter_tier_id":0,"_jetpack_memberships_contains_paywalled_content":false,"_mbp_banners":[],"_jetpack_feature_clip_id":0,"_jetpack_memberships_contains_paid_content":false,"footnotes":"","jetpack_publicize_message":"","jetpack_publicize_feature_enabled":true,"jetpack_social_post_already_shared":true,"jetpack_social_options":{"image_generator_settings":{"template":"highway","default_image_id":0,"font":"","enabled":false},"version":2},"jetpack_post_was_ever_published":false},"categories":[24],"tags":[],"class_list":["post-20692","post","type-post","status-publish","format-standard","has-post-thumbnail","category-economia"],"jetpack_publicize_connections":[],"jetpack-related-posts":[],"jetpack_shortlink":"https:\/\/wp.me\/p7Eq1F-5nK","jetpack_sharing_enabled":true,"jetpack_featured_media_url":"https:\/\/i0.wp.com\/guialimeira.com.br\/news\/wp-content\/uploads\/2025\/01\/54263356697_1f5397cb95_o.jpg?fit=1600%2C800&ssl=1","_links":{"self":[{"href":"https:\/\/guialimeira.com.br\/news\/wp-json\/wp\/v2\/posts\/20692","targetHints":{"allow":["GET"]}}],"collection":[{"href":"https:\/\/guialimeira.com.br\/news\/wp-json\/wp\/v2\/posts"}],"about":[{"href":"https:\/\/guialimeira.com.br\/news\/wp-json\/wp\/v2\/types\/post"}],"author":[{"embeddable":true,"href":"https:\/\/guialimeira.com.br\/news\/wp-json\/wp\/v2\/users\/1"}],"replies":[{"embeddable":true,"href":"https:\/\/guialimeira.com.br\/news\/wp-json\/wp\/v2\/comments?post=20692"}],"version-history":[{"count":0,"href":"https:\/\/guialimeira.com.br\/news\/wp-json\/wp\/v2\/posts\/20692\/revisions"}],"wp:featuredmedia":[{"embeddable":true,"href":"https:\/\/guialimeira.com.br\/news\/wp-json\/wp\/v2\/media\/20693"}],"wp:attachment":[{"href":"https:\/\/guialimeira.com.br\/news\/wp-json\/wp\/v2\/media?parent=20692"}],"wp:term":[{"taxonomy":"category","embeddable":true,"href":"https:\/\/guialimeira.com.br\/news\/wp-json\/wp\/v2\/categories?post=20692"},{"taxonomy":"post_tag","embeddable":true,"href":"https:\/\/guialimeira.com.br\/news\/wp-json\/wp\/v2\/tags?post=20692"}],"curies":[{"name":"wp","href":"https:\/\/api.w.org\/{rel}","templated":true}]}}