{"id":2069,"date":"2024-04-19T19:40:43","date_gmt":"2024-04-19T22:40:43","guid":{"rendered":"https:\/\/guialimeira.com.br\/2024\/04\/19\/prefeitura-recebe-superintendente-do-der-e-apresenta-demandas-protocoladas-para-recuperacao-de-vicinais-portal-do-municipio-de-piracicaba\/"},"modified":"2024-04-19T19:40:43","modified_gmt":"2024-04-19T22:40:43","slug":"prefeitura-recebe-superintendente-do-der-e-apresenta-demandas-protocoladas-para-recuperacao-de-vicinais-portal-do-municipio-de-piracicaba","status":"publish","type":"post","link":"https:\/\/guialimeira.com.br\/news\/prefeitura-recebe-superintendente-do-der-e-apresenta-demandas-protocoladas-para-recuperacao-de-vicinais-portal-do-municipio-de-piracicaba\/","title":{"rendered":"Prefeitura recebe superintendente do DER e apresenta demandas protocoladas para recupera\u00e7\u00e3o de vicinais \u2013 Portal do Munic\u00edpio de Piracicaba"},"content":{"rendered":"<p> <br \/>\n<\/p>\n<div>\n<p>O prefeito Luciano Almeida se reuniu com o superintendente do\u00a0DER (Departamento de Estradas de Rodagem), S\u00e9rgio\u00a0Henrique Codelo Nascimento, na manh\u00e3 de hoje, 19\/04, no gabinete do Centro C\u00edvico. A reuni\u00e3o teve o objetivo de apresentar os projetos protocolados pela Prefeitura de Piracicaba para recupera\u00e7\u00e3o de estradas vicinais com investimentos por meio do Governo de S\u00e3o Paulo.<\/p>\n<p>Al\u00e9m do prefeito e o superintendente, estavam presentes na reuni\u00e3o a secret\u00e1ria de Mobilidade Urbana, Tr\u00e2nsito e Transportes (Semuttran), Jane Franco, e a secret\u00e1ria de Agricultura e Abastecimento, Nancy Thame. A maioria dos projetos apresentados ao DER\u00a0foram solicitados\u00a0pelo programa Novas Estradas Vicinais, do Governo de S\u00e3o Paulo.<\/p>\n<p>\u201cEsses investimentos\u00a0solicitados ao estado\u00a0s\u00e3o\u00a0um passo importante\u00a0pra gente dar andamento a uma demanda de muitos\u00a0anos dos moradores de Piracicaba. A\u00a0maioria das estradas vicinais de S\u00e3o Paulo foi implantada nas d\u00e9cadas de 70 e 80, e neste per\u00edodo, praticamente n\u00e3o se efetuou nenhuma interven\u00e7\u00e3o de restaura\u00e7\u00e3o\u00a0ou\u00a0rejuvenescimento das vias. Ent\u00e3o n\u00f3s temos o compromisso de continuar essas obras e entregar elas para a popula\u00e7\u00e3o o quanto antes\u201d, afirmou o prefeito Luciano Almeida.<\/p>\n<figure class=\"wp-block-image size-large\"><img data-recalc-dims=\"1\" fetchpriority=\"high\" decoding=\"async\" width=\"696\" height=\"392\" src=\"https:\/\/i0.wp.com\/piracicaba.sp.gov.br\/wp-content\/uploads\/2024\/04\/Secretaria-da-Sema-Nanchy-Thame-prefeito-Luciando-Almeida-superintendente-do-DER-Sergio-Codelo-e-secretaria-da-Semuttran-Jane-Franco-1024x577.jpeg?resize=696%2C392&#038;ssl=1\" alt=\"\" class=\"wp-image-77448\" srcset=\"https:\/\/piracicaba.sp.gov.br\/wp-content\/uploads\/2024\/04\/Secretaria-da-Sema-Nanchy-Thame-prefeito-Luciando-Almeida-superintendente-do-DER-Sergio-Codelo-e-secretaria-da-Semuttran-Jane-Franco-1024x577.jpeg 1024w, https:\/\/piracicaba.sp.gov.br\/wp-content\/uploads\/2024\/04\/Secretaria-da-Sema-Nanchy-Thame-prefeito-Luciando-Almeida-superintendente-do-DER-Sergio-Codelo-e-secretaria-da-Semuttran-Jane-Franco-300x169.jpeg 300w, https:\/\/piracicaba.sp.gov.br\/wp-content\/uploads\/2024\/04\/Secretaria-da-Sema-Nanchy-Thame-prefeito-Luciando-Almeida-superintendente-do-DER-Sergio-Codelo-e-secretaria-da-Semuttran-Jane-Franco-768x432.jpeg 768w, https:\/\/piracicaba.sp.gov.br\/wp-content\/uploads\/2024\/04\/Secretaria-da-Sema-Nanchy-Thame-prefeito-Luciando-Almeida-superintendente-do-DER-Sergio-Codelo-e-secretaria-da-Semuttran-Jane-Franco-1536x865.jpeg 1536w, https:\/\/piracicaba.sp.gov.br\/wp-content\/uploads\/2024\/04\/Secretaria-da-Sema-Nanchy-Thame-prefeito-Luciando-Almeida-superintendente-do-DER-Sergio-Codelo-e-secretaria-da-Semuttran-Jane-Franco-2048x1153.jpeg 2048w\" sizes=\"(max-width: 1024px) 100vw, 1024px\"\/><figcaption class=\"wp-element-caption\"><strong><em><sub>Secret\u00e1ria da Sema, Nanchy Thame, prefeito Luciando Almeida, superintendente do DER, S\u00e9rgio Codelo, e secret\u00e1ria da Semuttran, Jane Franco<\/sub><\/em><\/strong><\/figcaption><\/figure>\n<p>Entre as obras priorit\u00e1rias, est\u00e1 a retomada da recupera\u00e7\u00e3o asf\u00e1ltica da Estrada Luiz Dias Gonzaga, a vicinal PIR-260, que liga Piracicaba ao distrito de Anhumas. Segundo o DER, as obras foram interrompidas para readequa\u00e7\u00e3o do projeto, e a secret\u00e1ria da Semuttran, Jane Franco,\u00a0destacou a preocupa\u00e7\u00e3o com o trecho, que apresenta altos \u00edndices de acidentes. Em tr\u00eas anos, foram 12 acidentes, sete deles com v\u00edtimas e cinco com \u00f3bitos.\u00a0Ao todo, o projeto prev\u00ea\u00a032 quil\u00f4metros de melhorias e moderniza\u00e7\u00e3o.<\/p>\n<p>Tamb\u00e9m est\u00e1 prevista\u00a0a recupera\u00e7\u00e3o dos 2 quil\u00f4metros que ligam a rodovia SP 127 at\u00e9 a entrada do bairro de Tanquinho (PIR 021). O projeto teve duas licita\u00e7\u00f5es desertas, e o superintendente do DER afirmou que o processo ser\u00e1 reavaliado para realizar uma\u00a0nova licita\u00e7\u00e3o\u00a0pelo estado.<\/p>\n<p>A obra que prev\u00ea o asfaltamento e recapeamento da Estrada do Canal Torto, a PIR 011, tamb\u00e9m foi apontada como uma das mais cr\u00edticas. A secret\u00e1ria da Sema, Nancy Thame,\u00a0destacou o fluxo intenso de caminh\u00f5es, que chega a 600 ve\u00edculos por dia, j\u00e1 que o trecho \u00e9 via de escoamento das safras de cana-de-a\u00e7\u00facar e eucaliptos. Os moradores do entorno pedem solu\u00e7\u00e3o para a poeira provocada pelo tr\u00e1fego\u00a0dos caminh\u00f5es, que n\u00e3o pode ser resolvida somente com as\u00a0manuten\u00e7\u00f5es frequentes\u00a0feitas pelo Executivo na via. O projeto j\u00e1 passou por aprova\u00e7\u00f5es t\u00e9cnicas e deve ser viabilizado pelo programa das Novas Estradas Vicinais.<\/p>\n<p>Al\u00e9m das estradas vicinais, foram apresentados mais tr\u00eas projetos considerados priorit\u00e1rios pelo governo municipal, que incluem melhorias no dispositivo de acesso, retorno e convers\u00e3o da Rodovia Margarida da Gra\u00e7a Martins (SP 135) \u00e0\u00a0rua Cachoeira Paulista; a implanta\u00e7\u00e3o de uma nova passarela no km 167+900 da Rodovia Geraldo de Barros (SP 304), pr\u00f3ximo ao Atacad\u00e3o, que registra um alto \u00edndice de acidentes no trecho; e a autoriza\u00e7\u00e3o do DER para a constru\u00e7\u00e3o de um acesso dedicado ao Aeroporto Municipal diretamente pela Rodovia Luiz de Queiroz (SP 304).<\/p>\n<\/div>\n<p><br \/>\n<br \/><a href=\"https:\/\/piracicaba.sp.gov.br\/noticias\/prefeitura-recebe-superintendente-do-der-e-apresenta-demandas-protocoladas-para-recuperacao-de-vicinais\/\" rel=\"noopener\">Informa\u00e7\u00f5es PMP <\/a><\/p>\n","protected":false},"excerpt":{"rendered":"<p>O prefeito Luciano Almeida se reuniu com o superintendente do\u00a0DER (Departamento de Estradas de Rodagem), S\u00e9rgio\u00a0Henrique Codelo Nascimento, na manh\u00e3 de hoje, 19\/04, no gabinete do Centro C\u00edvico. A reuni\u00e3o teve o objetivo de apresentar os projetos protocolados pela Prefeitura de Piracicaba para recupera\u00e7\u00e3o de estradas vicinais com investimentos por meio do Governo de S\u00e3o [&hellip;]<\/p>\n","protected":false},"author":1,"featured_media":2070,"comment_status":"open","ping_status":"open","sticky":false,"template":"","format":"standard","meta":{"_jetpack_newsletter_access":"","_jetpack_dont_email_post_to_subs":false,"_jetpack_newsletter_tier_id":0,"_jetpack_memberships_contains_paywalled_content":false,"_mbp_banners":[],"_jetpack_feature_clip_id":0,"_jetpack_memberships_contains_paid_content":false,"footnotes":"","jetpack_publicize_message":"","jetpack_publicize_feature_enabled":true,"jetpack_social_post_already_shared":true,"jetpack_social_options":{"image_generator_settings":{"template":"highway","default_image_id":0,"font":"","enabled":false},"version":2},"jetpack_post_was_ever_published":false},"categories":[20],"tags":[],"class_list":["post-2069","post","type-post","status-publish","format-standard","has-post-thumbnail","category-regiao"],"jetpack_publicize_connections":[],"jetpack-related-posts":[],"jetpack_shortlink":"https:\/\/wp.me\/p7Eq1F-xn","jetpack_sharing_enabled":true,"jetpack_featured_media_url":"https:\/\/i0.wp.com\/guialimeira.com.br\/news\/wp-content\/uploads\/2024\/04\/Secretaria-da-Sema-Nanchy-Thame-prefeito-Luciando-Almeida-superintendente-do-DER-Sergio-Codelo-e-secretaria-da-Semuttran-Jane-Franco-1024x577.jpeg?fit=1024%2C577&ssl=1","_links":{"self":[{"href":"https:\/\/guialimeira.com.br\/news\/wp-json\/wp\/v2\/posts\/2069","targetHints":{"allow":["GET"]}}],"collection":[{"href":"https:\/\/guialimeira.com.br\/news\/wp-json\/wp\/v2\/posts"}],"about":[{"href":"https:\/\/guialimeira.com.br\/news\/wp-json\/wp\/v2\/types\/post"}],"author":[{"embeddable":true,"href":"https:\/\/guialimeira.com.br\/news\/wp-json\/wp\/v2\/users\/1"}],"replies":[{"embeddable":true,"href":"https:\/\/guialimeira.com.br\/news\/wp-json\/wp\/v2\/comments?post=2069"}],"version-history":[{"count":0,"href":"https:\/\/guialimeira.com.br\/news\/wp-json\/wp\/v2\/posts\/2069\/revisions"}],"wp:featuredmedia":[{"embeddable":true,"href":"https:\/\/guialimeira.com.br\/news\/wp-json\/wp\/v2\/media\/2070"}],"wp:attachment":[{"href":"https:\/\/guialimeira.com.br\/news\/wp-json\/wp\/v2\/media?parent=2069"}],"wp:term":[{"taxonomy":"category","embeddable":true,"href":"https:\/\/guialimeira.com.br\/news\/wp-json\/wp\/v2\/categories?post=2069"},{"taxonomy":"post_tag","embeddable":true,"href":"https:\/\/guialimeira.com.br\/news\/wp-json\/wp\/v2\/tags?post=2069"}],"curies":[{"name":"wp","href":"https:\/\/api.w.org\/{rel}","templated":true}]}}