{"id":20687,"date":"2025-01-13T14:30:55","date_gmt":"2025-01-13T17:30:55","guid":{"rendered":"https:\/\/guialimeira.com.br\/2025\/01\/13\/saude-reforca-monitoramento-e-acoes-de-controle-da-dengue-em-4-estados\/"},"modified":"2025-01-13T14:30:55","modified_gmt":"2025-01-13T17:30:55","slug":"saude-reforca-monitoramento-e-acoes-de-controle-da-dengue-em-4-estados","status":"publish","type":"post","link":"https:\/\/guialimeira.com.br\/news\/saude-reforca-monitoramento-e-acoes-de-controle-da-dengue-em-4-estados\/","title":{"rendered":"Sa\u00fade refor\u00e7a monitoramento e a\u00e7\u00f5es de controle da dengue em 4 estados"},"content":{"rendered":"<p> <br \/>\n<\/p>\n<div>\n<p>O Minist\u00e9rio da Sa\u00fade informou que vai enviar, ainda nesta semana, equipes t\u00e9cnicas a quatro estados brasileiros com o objetivo de apoiar a\u00e7\u00f5es locais para o controle de arboviroses, incluindo a dengue. \u201cA miss\u00e3o busca fortalecer a vigil\u00e2ncia epidemiol\u00f3gica, a assist\u00eancia \u00e0 popula\u00e7\u00e3o e a reorganiza\u00e7\u00e3o dos servi\u00e7os de sa\u00fade\u201d, destacou a pasta, em nota.<img data-recalc-dims=\"1\" decoding=\"async\" src=\"https:\/\/i0.wp.com\/agenciabrasil.ebc.com.br\/ebc.png?w=696&#038;ssl=1\" style=\"width:1px; height:1px; display:inline;\"\/><img data-recalc-dims=\"1\" decoding=\"async\" src=\"https:\/\/i0.wp.com\/agenciabrasil.ebc.com.br\/ebc.gif?w=696&#038;ssl=1\" style=\"width:1px; height:1px; display:inline;\"\/><\/p>\n<p>A previs\u00e3o \u00e9 que a capital do Esp\u00edrito Santo, Vit\u00f3ria, receba a visita da equipe t\u00e9cnica nesta segunda-feira (13). Tamb\u00e9m est\u00e3o no cronograma das visitas de hoje as cidades de S\u00e3o Jos\u00e9 do Rio Preto (SP) e Rio Branco (AC). Na ter\u00e7a-feira (14), Foz do Igua\u00e7u (PR) vai receber a miss\u00e3o do minist\u00e9rio.<\/p>\n<p>\u201cA a\u00e7\u00e3o de vigil\u00e2ncia \u00e9 parte dos esfor\u00e7os do Minist\u00e9rio da Sa\u00fade para o controle da dengue e ouras arboviroses \u2013 antecipando atividades de preven\u00e7\u00e3o para o per\u00edodo sazonal da doen\u00e7a\u201d, destacou o comunicado. Na \u00faltima quinta-feira (9), a pasta <a href=\"https:\/\/agenciabrasil.ebc.com.br\/saude\/noticia\/2025-01\/governo-lanca-acoes-para-se-antecipar-periodo-de-alta-da-dengue\" target=\"_blank\" rel=\"noopener\">instalou o Centro de Opera\u00e7\u00f5es de Emerg\u00eancia (COE) para Dengue e outras Arboviroses<\/a> para acompanhar a situa\u00e7\u00e3o em todo o pa\u00eds.<\/p>\n<p>Al\u00e9m do suporte t\u00e9cnico, estados e munic\u00edpios que receberem a visita ser\u00e3o orientados a manter a\u00e7\u00f5es de educa\u00e7\u00e3o em sa\u00fade e mobiliza\u00e7\u00e3o social para eliminar criadouros de mosquitos que transmitem doen\u00e7as, como o <em>Aedes aegypti<\/em>.<\/p>\n<p>Desde 2023, o Minist\u00e9rio da Sa\u00fade est\u00e1 em constante monitoramento e alerta quanto ao cen\u00e1rio epidemiol\u00f3gico no pa\u00eds, coordenando uma s\u00e9rie de a\u00e7\u00f5es para o controle das arboviroses em todo o territ\u00f3rio nacional. Foi reservado o montante de R$ 1,5 bilh\u00e3o para fortalecer as a\u00e7\u00f5es.<\/p>\n<p>Confira o cen\u00e1rio epidemiol\u00f3gico nas regi\u00f5es a serem visitadas pelo minist\u00e9rio:<\/p>\n<p>&#8211; <strong>S\u00e3o Paulo<\/strong>: registrou 2.181.372 casos prov\u00e1veis de dengue em 2024. Em 2025, foram notificados 7,3 mil casos at\u00e9 o momento. Em S\u00e3o Jos\u00e9 do Rio Preto, foram 35.678 notifica\u00e7\u00f5es em 2024 e 1.834 casos prov\u00e1veis de dengue at\u00e9 agora em 2025;<\/p>\n<p>&#8211; <strong>Paran\u00e1<\/strong>: registrou 655.488 casos prov\u00e1veis de dengue em 2024. Em 2025, foram notificados 1.327 casos at\u00e9 o momento. Em Foz do Igua\u00e7u, j\u00e1 foram 15.611 notifica\u00e7\u00f5es em 2024 e 91 casos prov\u00e1veis de dengue em 2025;<\/p>\n<p>&#8211; <strong>Acre<\/strong>: registrou 7.409 casos prov\u00e1veis de dengue em 2024. Em 2025, foram notificados 412 casos at\u00e9 o momento. Em Rio Branco, foram 1.579 notifica\u00e7\u00f5es em 2024 e 212 casos prov\u00e1veis de dengue at\u00e9 agora em 2025;<\/p>\n<p>&#8211; <strong>Esp\u00edrito Santo:<\/strong> registrou 163 mil casos prov\u00e1veis de dengue em 2024. Em 2025, foram notificados 3.778 casos at\u00e9 o momento. Em Vit\u00f3ria, foram 18.598 notifica\u00e7\u00f5es em 2024 e 247 casos prov\u00e1veis de dengue at\u00e9 o momento em 2025.<\/p>\n<h2>Brasil<\/h2>\n<p>Dados da pasta indicam que, para 2025, h\u00e1 previs\u00e3o de aumento na incid\u00eancia de casos de dengue em pelo menos seis estados brasileiros: S\u00e3o Paulo, Rio de Janeiro, Esp\u00edrito Santo, Tocantins, Mato Grosso do Sul e Paran\u00e1. Todos eles, segundo o minist\u00e9rio, est\u00e3o sendo monitorados \u201cainda mais de perto\u201d.<\/p>\n<p>      <!-- Relacionada --><\/p>\n<p>            <!-- Relacionada -->\n    <\/div>\n<p><br \/>\n<br \/><a href=\"https:\/\/agenciabrasil.ebc.com.br\/saude\/noticia\/2025-01\/saude-reforca-monitoramento-e-acoes-de-controle-da-dengue-em-4-estados\" rel=\"noopener\">Ag\u00eancia Brasil <\/a><\/p>\n","protected":false},"excerpt":{"rendered":"<p>O Minist\u00e9rio da Sa\u00fade informou que vai enviar, ainda nesta semana, equipes t\u00e9cnicas a quatro estados brasileiros com o objetivo de apoiar a\u00e7\u00f5es locais para o controle de arboviroses, incluindo a dengue. \u201cA miss\u00e3o busca fortalecer a vigil\u00e2ncia epidemiol\u00f3gica, a assist\u00eancia \u00e0 popula\u00e7\u00e3o e a reorganiza\u00e7\u00e3o dos servi\u00e7os de sa\u00fade\u201d, destacou a pasta, em nota. [&hellip;]<\/p>\n","protected":false},"author":1,"featured_media":754,"comment_status":"open","ping_status":"open","sticky":false,"template":"","format":"standard","meta":{"_jetpack_newsletter_access":"","_jetpack_dont_email_post_to_subs":false,"_jetpack_newsletter_tier_id":0,"_jetpack_memberships_contains_paywalled_content":false,"_mbp_banners":[],"_jetpack_feature_clip_id":0,"_jetpack_memberships_contains_paid_content":false,"footnotes":"","jetpack_publicize_message":"","jetpack_publicize_feature_enabled":true,"jetpack_social_post_already_shared":true,"jetpack_social_options":{"image_generator_settings":{"template":"highway","default_image_id":0,"font":"","enabled":false},"version":2},"jetpack_post_was_ever_published":false},"categories":[15],"tags":[],"class_list":["post-20687","post","type-post","status-publish","format-standard","has-post-thumbnail","category-saude"],"jetpack_publicize_connections":[],"jetpack-related-posts":[],"jetpack_shortlink":"https:\/\/wp.me\/p7Eq1F-5nF","jetpack_sharing_enabled":true,"jetpack_featured_media_url":"https:\/\/i0.wp.com\/guialimeira.com.br\/news\/wp-content\/uploads\/2024\/04\/combate_dengue_13.jpg?fit=1600%2C800&ssl=1","_links":{"self":[{"href":"https:\/\/guialimeira.com.br\/news\/wp-json\/wp\/v2\/posts\/20687","targetHints":{"allow":["GET"]}}],"collection":[{"href":"https:\/\/guialimeira.com.br\/news\/wp-json\/wp\/v2\/posts"}],"about":[{"href":"https:\/\/guialimeira.com.br\/news\/wp-json\/wp\/v2\/types\/post"}],"author":[{"embeddable":true,"href":"https:\/\/guialimeira.com.br\/news\/wp-json\/wp\/v2\/users\/1"}],"replies":[{"embeddable":true,"href":"https:\/\/guialimeira.com.br\/news\/wp-json\/wp\/v2\/comments?post=20687"}],"version-history":[{"count":0,"href":"https:\/\/guialimeira.com.br\/news\/wp-json\/wp\/v2\/posts\/20687\/revisions"}],"wp:featuredmedia":[{"embeddable":true,"href":"https:\/\/guialimeira.com.br\/news\/wp-json\/wp\/v2\/media\/754"}],"wp:attachment":[{"href":"https:\/\/guialimeira.com.br\/news\/wp-json\/wp\/v2\/media?parent=20687"}],"wp:term":[{"taxonomy":"category","embeddable":true,"href":"https:\/\/guialimeira.com.br\/news\/wp-json\/wp\/v2\/categories?post=20687"},{"taxonomy":"post_tag","embeddable":true,"href":"https:\/\/guialimeira.com.br\/news\/wp-json\/wp\/v2\/tags?post=20687"}],"curies":[{"name":"wp","href":"https:\/\/api.w.org\/{rel}","templated":true}]}}