{"id":2057,"date":"2024-04-19T18:57:42","date_gmt":"2024-04-19T21:57:42","guid":{"rendered":"https:\/\/guialimeira.com.br\/2024\/04\/19\/primeiro-forum-estadual-do-programa-imovel-da-gente-e-instalado-em-sp\/"},"modified":"2024-04-19T18:57:42","modified_gmt":"2024-04-19T21:57:42","slug":"primeiro-forum-estadual-do-programa-imovel-da-gente-e-instalado-em-sp","status":"publish","type":"post","link":"https:\/\/guialimeira.com.br\/news\/primeiro-forum-estadual-do-programa-imovel-da-gente-e-instalado-em-sp\/","title":{"rendered":"Primeiro f\u00f3rum estadual do Programa Im\u00f3vel da Gente \u00e9 instalado em SP"},"content":{"rendered":"<p> <br \/>\n<\/p>\n<div>\n<p>O primeiro F\u00f3rum Estadual de Apoio ao Im\u00f3vel da Gente foi instalado nesta sexta-feira (19), na cidade de S\u00e3o Paulo. O f\u00f3rum atua no \u00e2mbito do Programa de Democratiza\u00e7\u00e3o de Im\u00f3veis da Uni\u00e3o, criado pelo governo federal para destinar im\u00f3veis p\u00fablicos sem uso para habita\u00e7\u00e3o social e outras pol\u00edticas p\u00fablicas.<img data-recalc-dims=\"1\" decoding=\"async\" src=\"https:\/\/i0.wp.com\/agenciabrasil.ebc.com.br\/ebc.png?w=696&#038;ssl=1\" style=\"width:1px; height:1px; display:inline;\"\/><img data-recalc-dims=\"1\" decoding=\"async\" src=\"https:\/\/i0.wp.com\/agenciabrasil.ebc.com.br\/ebc.gif?w=696&#038;ssl=1\" style=\"width:1px; height:1px; display:inline;\"\/><\/p>\n<p>A Instala\u00e7\u00e3o do f\u00f3rum, que objetiva promover o debate e a prioriza\u00e7\u00e3o da democratiza\u00e7\u00e3o desses im\u00f3veis, teve a presen\u00e7a da ministra da Gest\u00e3o e da Inova\u00e7\u00e3o em Servi\u00e7os P\u00fablicos, Esther Dweck, que destacou a import\u00e2ncia da participa\u00e7\u00e3o de integrantes do estado e munic\u00edpio.<\/p>\n<div class=\"dnd-widget-wrapper context-grande_6colunas type-image atom-align-left\">\n<div class=\"dnd-atom-rendered\"><!-- scald=381395:grande_6colunas {\"additionalClasses\":\"\"} --><\/p>\n<div class=\"shadow overflow-hidden rounded-lg d-block w-100\">\n            <img data-recalc-dims=\"1\" decoding=\"async\" src=\"https:\/\/i0.wp.com\/agenciabrasil.ebc.com.br\/sites\/default\/files\/thumbnails\/image\/loading_v2.gif?w=696&#038;ssl=1\" data-echo=\"https:\/\/imagens.ebc.com.br\/XKze_eHTQE8NIX03U1Fs58rpXmE=\/463x0\/smart\/https:\/\/agenciabrasil.ebc.com.br\/sites\/default\/files\/thumbnails\/image\/2024\/04\/19\/img_1135.jpg?itok=omJdf8TN\" alt=\"S\u00e3o Paulo (SP), 19\/04\/2024 - A ministra da Gest\u00e3o e da Inova\u00e7\u00e3o em Servi\u00e7os P\u00fablicos, Esther Dweck, participa do evento de instala\u00e7\u00e3o do F\u00f3rum Estadual de Apoio ao Programa de Democratiza\u00e7\u00e3o de Im\u00f3veis da Uni\u00e3o de S\u00e3o Paulo na sede da Superintend\u00eancia da Patrim\u00f4nio da Uni\u00e3o - SPU\/SP. Foto: Rovena Rosa\/Ag\u00eancia Brasil\" title=\"Rovena Rosa\/Ag\u00eancia Brasil\" class=\"flex-fill img-cover\"\/><br \/>\n        <img data-recalc-dims=\"1\" decoding=\"async\" src=\"https:\/\/i0.wp.com\/imagens.ebc.com.br\/XKze_eHTQE8NIX03U1Fs58rpXmE%3D\/463x0\/smart\/https%3A\/\/agenciabrasil.ebc.com.br\/sites\/default\/files\/thumbnails\/image\/2024\/04\/19\/img_1135.jpg?w=696&#038;ssl=1\" alt=\"S\u00e3o Paulo (SP), 19\/04\/2024 - A ministra da Gest\u00e3o e da Inova\u00e7\u00e3o em Servi\u00e7os P\u00fablicos, Esther Dweck, participa do evento de instala\u00e7\u00e3o do F\u00f3rum Estadual de Apoio ao Programa de Democratiza\u00e7\u00e3o de Im\u00f3veis da Uni\u00e3o de S\u00e3o Paulo na sede da Superintend\u00eancia da Patrim\u00f4nio da Uni\u00e3o - SPU\/SP. Foto: Rovena Rosa\/Ag\u00eancia Brasil\" title=\"Rovena Rosa\/Ag\u00eancia Brasil\" class=\"flex-fill img-cover\"\/>\n    <\/div>\n<p><!-- END scald=381395 --><\/div>\n<div class=\"dnd-caption-wrapper\">\n<p><!--copyright=381395-->S\u00e3o Paulo (SP), 19\/04\/2024 &#8211; A ministra da Gest\u00e3o e da Inova\u00e7\u00e3o em Servi\u00e7os P\u00fablicos, Esther Dweck. Foto: <strong>Rovena Rosa\/Ag\u00eancia Brasil<\/strong><!--END copyright=381395--><\/p>\n<\/div>\n<\/div>\n<p>\u201cEssa parceria vai viabilizar recursos suficientes para garantirmos moradias nos centros das cidades. \u00c9 uma felicidade enorme de poder firmar esse acordo e ter o primeiro f\u00f3rum aqui em S\u00e3o Paulo, porque essa cidade possui uma maturidade nessa discuss\u00e3o gigantesca e que vai nos ajudar a levar essa cultura para todo o Brasil\u201d, disse a ministra, conforme divulga\u00e7\u00e3o do Minist\u00e9rio da Gest\u00e3o e da Inova\u00e7\u00e3o em Servi\u00e7os P\u00fablicos.<\/p>\n<p>Dweck acrescentou que o programa valoriza o patrim\u00f4nio p\u00fablico ao dar uma destina\u00e7\u00e3o social, garantindo a presta\u00e7\u00e3o de um melhor atendimento \u00e0 popula\u00e7\u00e3o, com cuidado especial \u00e0 popula\u00e7\u00e3o em situa\u00e7\u00e3o de rua.<\/p>\n<p>Com o programa, mais de 500 im\u00f3veis da Uni\u00e3o em 200 munic\u00edpios poder\u00e3o ser destinados a outros entes federativos, movimentos sociais e setor privado para constru\u00e7\u00e3o de habita\u00e7\u00f5es e equipamentos p\u00fablicos. Al\u00e9m desses, que est\u00e3o sob gest\u00e3o da Secretaria de Patrim\u00f4nio da Uni\u00e3o (SPU), o <a href=\"https:\/\/agenciabrasil.ebc.com.br\/politica\/noticia\/2024-02\/governo-vai-destinar-imoveis-da-uniao-sem-uso-para-habitacao-popular\" target=\"_blank\" rel=\"noopener\">Instituto Nacional do Seguro Social (INSS) tem 3.213 im\u00f3veis<\/a> n\u00e3o operacionais pass\u00edveis de serem destinados para outros projetos.<\/p>\n<p>Hoje, foram nomeados 18 titulares e suplentes do grupo em S\u00e3o Paulo. O f\u00f3rum paulista conta com a participa\u00e7\u00e3o de representantes do governo federal, estadual e municipal, al\u00e9m da sociedade civil. Na oportunidade, tamb\u00e9m foi assinado Acordo de Coopera\u00e7\u00e3o T\u00e9cnica entre Uni\u00e3o e Instituto Brasileiro de Direito Urban\u00edstico para apoiar a\u00e7\u00f5es do programa.<\/p>\n<p>O superintendente do Patrim\u00f4nio da Uni\u00e3o de S\u00e3o Paulo, Celso Santos Carvalho, afirmou que a miss\u00e3o \u00e9 colocar esse patrim\u00f4nio imobili\u00e1rio a servi\u00e7o da consolida\u00e7\u00e3o dos direitos e do combate \u00e0 desigualdade social no pa\u00eds. \u201cA orienta\u00e7\u00e3o do presidente Lula \u00e9 de democratizar os im\u00f3veis da Uni\u00e3o e essa \u00e9 a nossa forma de contribuir para o esfor\u00e7o de reconstru\u00e7\u00e3o nacional\u201d, disse.<\/p>\n<\/p><\/div>\n<p><br \/>\n<br \/><a href=\"https:\/\/agenciabrasil.ebc.com.br\/geral\/noticia\/2024-04\/primeiro-forum-estadual-do-programa-imovel-da-gente-e-instalado-em-sp\" rel=\"noopener\">Ag\u00eancia Brasil<\/a><\/p>\n","protected":false},"excerpt":{"rendered":"<p>O primeiro F\u00f3rum Estadual de Apoio ao Im\u00f3vel da Gente foi instalado nesta sexta-feira (19), na cidade de S\u00e3o Paulo. O f\u00f3rum atua no \u00e2mbito do Programa de Democratiza\u00e7\u00e3o de Im\u00f3veis da Uni\u00e3o, criado pelo governo federal para destinar im\u00f3veis p\u00fablicos sem uso para habita\u00e7\u00e3o social e outras pol\u00edticas p\u00fablicas. A Instala\u00e7\u00e3o do f\u00f3rum, que [&hellip;]<\/p>\n","protected":false},"author":1,"featured_media":2058,"comment_status":"open","ping_status":"open","sticky":false,"template":"","format":"standard","meta":{"_jetpack_newsletter_access":"","_jetpack_dont_email_post_to_subs":false,"_jetpack_newsletter_tier_id":0,"_jetpack_memberships_contains_paywalled_content":false,"_mbp_banners":[],"_jetpack_feature_clip_id":0,"_jetpack_memberships_contains_paid_content":false,"footnotes":"","jetpack_publicize_message":"","jetpack_publicize_feature_enabled":true,"jetpack_social_post_already_shared":true,"jetpack_social_options":{"image_generator_settings":{"template":"highway","default_image_id":0,"font":"","enabled":false},"version":2},"jetpack_post_was_ever_published":false},"categories":[1],"tags":[],"class_list":["post-2057","post","type-post","status-publish","format-standard","has-post-thumbnail","category-geral"],"jetpack_publicize_connections":[],"jetpack-related-posts":[],"jetpack_shortlink":"https:\/\/wp.me\/p7Eq1F-xb","jetpack_sharing_enabled":true,"jetpack_featured_media_url":"https:\/\/i0.wp.com\/guialimeira.com.br\/news\/wp-content\/uploads\/2024\/04\/img_0882.jpg?fit=1600%2C800&ssl=1","_links":{"self":[{"href":"https:\/\/guialimeira.com.br\/news\/wp-json\/wp\/v2\/posts\/2057","targetHints":{"allow":["GET"]}}],"collection":[{"href":"https:\/\/guialimeira.com.br\/news\/wp-json\/wp\/v2\/posts"}],"about":[{"href":"https:\/\/guialimeira.com.br\/news\/wp-json\/wp\/v2\/types\/post"}],"author":[{"embeddable":true,"href":"https:\/\/guialimeira.com.br\/news\/wp-json\/wp\/v2\/users\/1"}],"replies":[{"embeddable":true,"href":"https:\/\/guialimeira.com.br\/news\/wp-json\/wp\/v2\/comments?post=2057"}],"version-history":[{"count":0,"href":"https:\/\/guialimeira.com.br\/news\/wp-json\/wp\/v2\/posts\/2057\/revisions"}],"wp:featuredmedia":[{"embeddable":true,"href":"https:\/\/guialimeira.com.br\/news\/wp-json\/wp\/v2\/media\/2058"}],"wp:attachment":[{"href":"https:\/\/guialimeira.com.br\/news\/wp-json\/wp\/v2\/media?parent=2057"}],"wp:term":[{"taxonomy":"category","embeddable":true,"href":"https:\/\/guialimeira.com.br\/news\/wp-json\/wp\/v2\/categories?post=2057"},{"taxonomy":"post_tag","embeddable":true,"href":"https:\/\/guialimeira.com.br\/news\/wp-json\/wp\/v2\/tags?post=2057"}],"curies":[{"name":"wp","href":"https:\/\/api.w.org\/{rel}","templated":true}]}}