{"id":2055,"date":"2024-04-19T18:39:44","date_gmt":"2024-04-19T21:39:44","guid":{"rendered":"https:\/\/guialimeira.com.br\/2024\/04\/19\/em-reuniao-com-a-artesp-prefeitura-reforca-necessidade-de-melhorias-viarias-no-bairro-campestre-portal-do-municipio-de-piracicaba\/"},"modified":"2024-04-19T18:39:44","modified_gmt":"2024-04-19T21:39:44","slug":"em-reuniao-com-a-artesp-prefeitura-reforca-necessidade-de-melhorias-viarias-no-bairro-campestre-portal-do-municipio-de-piracicaba","status":"publish","type":"post","link":"https:\/\/guialimeira.com.br\/news\/em-reuniao-com-a-artesp-prefeitura-reforca-necessidade-de-melhorias-viarias-no-bairro-campestre-portal-do-municipio-de-piracicaba\/","title":{"rendered":"Em reuni\u00e3o com a Artesp, Prefeitura refor\u00e7a necessidade de melhorias vi\u00e1rias no bairro Campestre \u2013 Portal do Munic\u00edpio de Piracicaba"},"content":{"rendered":"<p> <br \/>\n<\/p>\n<div>\n<figure class=\"wp-block-image size-large\"><img data-recalc-dims=\"1\" fetchpriority=\"high\" decoding=\"async\" width=\"696\" height=\"392\" src=\"https:\/\/i0.wp.com\/piracicaba.sp.gov.br\/wp-content\/uploads\/2024\/04\/Foco-do-encontro-foi-a-necessidade-de-melhorias-viarias-no-bairro-Campestre-1024x577.jpg?resize=696%2C392&#038;ssl=1\" alt=\"Prefeito de Piracicaba, Luciano de Almeida, de bra\u00e7os cruzados, tendo ao lado a secret\u00e1ria da Semuttran, Jane Oliveira.\" class=\"wp-image-77450\" srcset=\"https:\/\/piracicaba.sp.gov.br\/wp-content\/uploads\/2024\/04\/Foco-do-encontro-foi-a-necessidade-de-melhorias-viarias-no-bairro-Campestre-1024x577.jpg 1024w, https:\/\/piracicaba.sp.gov.br\/wp-content\/uploads\/2024\/04\/Foco-do-encontro-foi-a-necessidade-de-melhorias-viarias-no-bairro-Campestre-300x169.jpg 300w, https:\/\/piracicaba.sp.gov.br\/wp-content\/uploads\/2024\/04\/Foco-do-encontro-foi-a-necessidade-de-melhorias-viarias-no-bairro-Campestre-768x432.jpg 768w, https:\/\/piracicaba.sp.gov.br\/wp-content\/uploads\/2024\/04\/Foco-do-encontro-foi-a-necessidade-de-melhorias-viarias-no-bairro-Campestre-1536x865.jpg 1536w, https:\/\/piracicaba.sp.gov.br\/wp-content\/uploads\/2024\/04\/Foco-do-encontro-foi-a-necessidade-de-melhorias-viarias-no-bairro-Campestre.jpg 2000w\" sizes=\"(max-width: 1024px) 100vw, 1024px\"\/><figcaption class=\"wp-element-caption\"><strong><sup>Foco do encontro foi a necessidade de melhorias vi\u00e1rias no bairro Campestre<\/sup><\/strong><\/figcaption><\/figure>\n<p>O prefeito Luciano Almeida e a secret\u00e1ria de Tr\u00e2nsito e Transportes (Semuttran), Jane Franco Oliveira, estiveram na manh\u00e3 de ontem, 19\/04, na Artesp (Ag\u00eancia de Transporte do Estado de S\u00e3o Paulo), para discutir e alinhar projetos de melhoria vi\u00e1ria para o bairro Campestre.<\/p>\n<p>Na ocasi\u00e3o, o prefeito refor\u00e7ou a urg\u00eancia da implanta\u00e7\u00e3o de semaforiza\u00e7\u00e3o na avenida Laranjal Paulista, conforme projeto j\u00e1 protocolado pela Semuttran. A avenida \u00e9 a \u00fanica via de entrada e sa\u00edda do bairro, como forma de organizar o fluxo de tr\u00e2nsito e reduzir o \u00edndice de acidentes.<\/p>\n<p>Al\u00e9m da semaforiza\u00e7\u00e3o, foram tamb\u00e9m solicitadas as aprova\u00e7\u00f5es de mais dois projetos para o bairro: a conex\u00e3o da estrada Olivio Franhani ao dispositivo de acesso \u00e0 rodovia Corn\u00e9lio Pires (SP127) e a conex\u00e3o direta da rua Henrique Bego \u00e0 mesma rodovia.<\/p>\n<p>O prefeito destacou que o objetivo do encontro foi demandar as melhorias, para melhorar o acesso ao bairro, que sofre com o tr\u00e2nsito intenso, principalmente nos hor\u00e1rios de pico. \u201cSabemos do problema que os moradores do Campestre enfrentam, porque a avenida Laranjal Paulista \u00e9 a \u00fanica via de acesso ao bairro. Ent\u00e3o, por conta disso, fomos direto na Artesp para solicitar as autoriza\u00e7\u00f5es dos tr\u00eas projetos. Dessa forma, esperamos que nos pr\u00f3ximos 30 dias consigamos uma resposta afirmativa destes casos, para, finalmente, melhorar a fluidez do tr\u00e2nsito e oferecer mais duas alternativas para sa\u00edda do Campestre\u201d, explicou Luciano Almeida.<\/p>\n<figure class=\"wp-block-image size-large\"><img data-recalc-dims=\"1\" loading=\"lazy\" decoding=\"async\" width=\"696\" height=\"392\" src=\"https:\/\/i0.wp.com\/piracicaba.sp.gov.br\/wp-content\/uploads\/2024\/04\/Prefeito-Luciano-Almeida-titular-e-tecnicos-da-Semuttran-durante-a-reuniao-1024x577.jpg?resize=696%2C392&#038;ssl=1\" alt=\"Prefeito de Piracicaba, Luciano Almeida, ao lado da secret\u00e1ria da Semuttran, Jane Oliveira, sentados ma mesa em reuni\u00e3o.\" class=\"wp-image-77451\" srcset=\"https:\/\/piracicaba.sp.gov.br\/wp-content\/uploads\/2024\/04\/Prefeito-Luciano-Almeida-titular-e-tecnicos-da-Semuttran-durante-a-reuniao-1024x577.jpg 1024w, https:\/\/piracicaba.sp.gov.br\/wp-content\/uploads\/2024\/04\/Prefeito-Luciano-Almeida-titular-e-tecnicos-da-Semuttran-durante-a-reuniao-300x169.jpg 300w, https:\/\/piracicaba.sp.gov.br\/wp-content\/uploads\/2024\/04\/Prefeito-Luciano-Almeida-titular-e-tecnicos-da-Semuttran-durante-a-reuniao-768x432.jpg 768w, https:\/\/piracicaba.sp.gov.br\/wp-content\/uploads\/2024\/04\/Prefeito-Luciano-Almeida-titular-e-tecnicos-da-Semuttran-durante-a-reuniao-1536x865.jpg 1536w, https:\/\/piracicaba.sp.gov.br\/wp-content\/uploads\/2024\/04\/Prefeito-Luciano-Almeida-titular-e-tecnicos-da-Semuttran-durante-a-reuniao.jpg 2000w\" sizes=\"auto, (max-width: 1024px) 100vw, 1024px\"\/><figcaption class=\"wp-element-caption\"><strong><sup>Prefeito Luciano Almeida, titular e t\u00e9cnicos da Semuttran durante a reuni\u00e3o<\/sup><\/strong><\/figcaption><\/figure>\n<p>\u201cTemos protocolado tamb\u00e9m mais um projeto de constru\u00e7\u00e3o de novo dispositivo para ser contemplado junto \u00e0 pr\u00f3xima concess\u00e3o da rodovia Corn\u00e9lio Pires. Esperamos que, com todas essas melhorias, tenhamos uma solu\u00e7\u00e3o definitiva quanto aos problemas de acesso e fluidez no bairro\u201d, complementou Jane.<\/p>\n<p>Outros pleitos refor\u00e7ados foram a antecipa\u00e7\u00e3o das obras de instala\u00e7\u00e3o de dispositivo para acesso aos bairros Santana e Santa Ol\u00edmpia e antecipa\u00e7\u00e3o das obras para instala\u00e7\u00e3o de anel vi\u00e1rio com in\u00edcio na rodovia Piracicaba \u2013 Rio Claro (rodovia Fausto Santomauro \u2013 SP127, no km 27) e t\u00e9rmino na rodovia Piracicaba \u2013 S\u00e3o Pedro (rodovia Geraldo de Barros \u2013 SP304, no km 174), com liga\u00e7\u00e3o no entroncamento com a Rodovia Herminio Petrin \u2013 SP308, na altura do km 176. Os projetos j\u00e1 foram alinhados com a Concession\u00e1ria Eixo, respons\u00e1vel por ambos os trechos.<\/p>\n<p>Por fim, foi discutida tamb\u00e9m a possibilidade de regulariza\u00e7\u00e3o de conex\u00e3o da rua Asan, no bairro Santa Rosa, com al\u00e7a de acesso ao anel vi\u00e1rio.<\/p>\n<p>Participaram tamb\u00e9m da reuni\u00e3o o engenheiro Evandro Oriani Sotto e o assessor especial de projetos, Maxwell Campos, da Semuttran; o gerente de opera\u00e7\u00f5es Leandro Cardoso Trentin e o superintendente da Artesp, Rodrigo Kenji Hirata.<\/p>\n<\/div>\n<p><br \/>\n<br \/><a href=\"https:\/\/piracicaba.sp.gov.br\/noticias\/em-reuniao-com-a-artesp-prefeitura-reforca-necessidade-de-melhorias-viarias-no-bairro-campestre\/\" rel=\"noopener\">Informa\u00e7\u00f5es PMP <\/a><\/p>\n","protected":false},"excerpt":{"rendered":"<p>Foco do encontro foi a necessidade de melhorias vi\u00e1rias no bairro Campestre O prefeito Luciano Almeida e a secret\u00e1ria de Tr\u00e2nsito e Transportes (Semuttran), Jane Franco Oliveira, estiveram na manh\u00e3 de ontem, 19\/04, na Artesp (Ag\u00eancia de Transporte do Estado de S\u00e3o Paulo), para discutir e alinhar projetos de melhoria vi\u00e1ria para o bairro Campestre. [&hellip;]<\/p>\n","protected":false},"author":1,"featured_media":2056,"comment_status":"open","ping_status":"open","sticky":false,"template":"","format":"standard","meta":{"_jetpack_newsletter_access":"","_jetpack_dont_email_post_to_subs":false,"_jetpack_newsletter_tier_id":0,"_jetpack_memberships_contains_paywalled_content":false,"_mbp_banners":[],"_jetpack_feature_clip_id":0,"_jetpack_memberships_contains_paid_content":false,"footnotes":"","jetpack_publicize_message":"","jetpack_publicize_feature_enabled":true,"jetpack_social_post_already_shared":true,"jetpack_social_options":{"image_generator_settings":{"template":"highway","default_image_id":0,"font":"","enabled":false},"version":2},"jetpack_post_was_ever_published":false},"categories":[20],"tags":[],"class_list":["post-2055","post","type-post","status-publish","format-standard","has-post-thumbnail","category-regiao"],"jetpack_publicize_connections":[],"jetpack-related-posts":[],"jetpack_shortlink":"https:\/\/wp.me\/p7Eq1F-x9","jetpack_sharing_enabled":true,"jetpack_featured_media_url":"https:\/\/i0.wp.com\/guialimeira.com.br\/news\/wp-content\/uploads\/2024\/04\/Foco-do-encontro-foi-a-necessidade-de-melhorias-viarias-no-bairro-Campestre-1024x577.jpg?fit=1024%2C577&ssl=1","_links":{"self":[{"href":"https:\/\/guialimeira.com.br\/news\/wp-json\/wp\/v2\/posts\/2055","targetHints":{"allow":["GET"]}}],"collection":[{"href":"https:\/\/guialimeira.com.br\/news\/wp-json\/wp\/v2\/posts"}],"about":[{"href":"https:\/\/guialimeira.com.br\/news\/wp-json\/wp\/v2\/types\/post"}],"author":[{"embeddable":true,"href":"https:\/\/guialimeira.com.br\/news\/wp-json\/wp\/v2\/users\/1"}],"replies":[{"embeddable":true,"href":"https:\/\/guialimeira.com.br\/news\/wp-json\/wp\/v2\/comments?post=2055"}],"version-history":[{"count":0,"href":"https:\/\/guialimeira.com.br\/news\/wp-json\/wp\/v2\/posts\/2055\/revisions"}],"wp:featuredmedia":[{"embeddable":true,"href":"https:\/\/guialimeira.com.br\/news\/wp-json\/wp\/v2\/media\/2056"}],"wp:attachment":[{"href":"https:\/\/guialimeira.com.br\/news\/wp-json\/wp\/v2\/media?parent=2055"}],"wp:term":[{"taxonomy":"category","embeddable":true,"href":"https:\/\/guialimeira.com.br\/news\/wp-json\/wp\/v2\/categories?post=2055"},{"taxonomy":"post_tag","embeddable":true,"href":"https:\/\/guialimeira.com.br\/news\/wp-json\/wp\/v2\/tags?post=2055"}],"curies":[{"name":"wp","href":"https:\/\/api.w.org\/{rel}","templated":true}]}}