{"id":20534,"date":"2025-01-10T19:37:59","date_gmt":"2025-01-10T22:37:59","guid":{"rendered":"https:\/\/guialimeira.com.br\/2025\/01\/10\/dolar-sobe-para-r-610-apos-dados-sobre-emprego-nos-estados-unidos\/"},"modified":"2025-01-10T19:37:59","modified_gmt":"2025-01-10T22:37:59","slug":"dolar-sobe-para-r-610-apos-dados-sobre-emprego-nos-estados-unidos","status":"publish","type":"post","link":"https:\/\/guialimeira.com.br\/news\/dolar-sobe-para-r-610-apos-dados-sobre-emprego-nos-estados-unidos\/","title":{"rendered":"D\u00f3lar sobe para R$ 6,10 ap\u00f3s dados sobre emprego nos Estados Unidos"},"content":{"rendered":"<p> <br \/>\n<\/p>\n<div>\n<p>Em um dia de turbul\u00eancias no mercado internacional, o d\u00f3lar subiu e fechou a semana acima de R$ 6,10, reagindo ao aquecimento do mercado de trabalho nos Estados Unidos. A bolsa de valores caiu quase 1% e voltou a ficar abaixo de 119 mil pontos.<img data-recalc-dims=\"1\" decoding=\"async\" src=\"https:\/\/i0.wp.com\/agenciabrasil.ebc.com.br\/ebc.png?w=696&#038;ssl=1\" style=\"width:1px; height:1px; display:inline;\"\/><img data-recalc-dims=\"1\" decoding=\"async\" src=\"https:\/\/i0.wp.com\/agenciabrasil.ebc.com.br\/ebc.gif?w=696&#038;ssl=1\" style=\"width:1px; height:1px; display:inline;\"\/><\/p>\n<p>O d\u00f3lar comercial encerrou esta sexta-feira (10) vendido a R$ 6,102, com alta de R$ 0,061 (+1%). A cota\u00e7\u00e3o chegou a abrir em baixa, mas disparou ap\u00f3s a divulga\u00e7\u00e3o da informa\u00e7\u00e3o de que a economia norte-americana criou mais empregos que o esperado.<\/p>\n<p>Apesar da alta desta sexta, a moeda norte-americana fechou a semana com queda de 1,29%. Nos \u00faltimos dias, a divisa tinha ca\u00eddo ap\u00f3s indica\u00e7\u00f5es de que o governo do presidente eleito Donald Trump suavizar\u00e1 a eleva\u00e7\u00e3o de tarifas sobre produtos importados, em uma semana de negocia\u00e7\u00f5es abaixo da m\u00e9dia e com poucas not\u00edcias econ\u00f4micas no Brasil.<\/p>\n<p>Puxada pelo mercado internacional, a bolsa de valores tamb\u00e9m teve um dia turbulento. O \u00edndice Ibovespa, da B3, fechou aos 118.856 pontos, com queda de 0,77%. O indicador est\u00e1 no menor n\u00edvel desde 3 de janeiro.<\/p>\n<p>No mercado interno, a divulga\u00e7\u00e3o de que a infla\u00e7\u00e3o oficial pelo \u00cdndice Nacional de Pre\u00e7os ao Consumidor Amplo (IPCA) em 2024 <a href=\"https:\/\/agenciabrasil.ebc.com.br\/economia\/noticia\/2025-01\/inflacao-oficial-do-pais-em-2024-e-de-483-acima-do-limite-da-meta\" target=\"_blank\" rel=\"noopener\">ficou em 4,83%<\/a>, acima do teto da meta, de 4,5%, n\u00e3o afetou as negocia\u00e7\u00f5es.<\/p>\n<p>O principal fator a pressionar o d\u00f3lar e a bolsa nesta sexta foi a divulga\u00e7\u00e3o da not\u00edcia de que a economia norte-americana criou 256 mil empregos fora do setor agr\u00edcola em dezembro. Os n\u00fameros vieram acima das expectativas e diminu\u00edram a possibilidade de o Federal Reserve (Fed, Banco Central norte-americano) cortar os juros b\u00e1sicos nos Estados Unidos no primeiro semestre.<\/p>\n<p>Taxas altas em economias avan\u00e7adas estimulam a fuga de capitais de pa\u00edses emergentes, como o Brasil. Isso porque as taxas dos t\u00edtulos do Tesouro norte-americano, considerados os investimentos mais seguros do planeta, sobem com a expectativa de queda mais lenta nos juros nos Estados Unidos.<\/p>\n<p><em>*Com informa\u00e7\u00f5es da Reuters<\/em><\/p>\n<p>      <!-- Relacionada --><\/p>\n<p>            <!-- Relacionada -->\n    <\/div>\n<p><br \/>\n<br \/><a href=\"https:\/\/agenciabrasil.ebc.com.br\/economia\/noticia\/2025-01\/dolar-sobe-para-r-610-apos-dados-sobre-emprego-nos-estados-unidos\" rel=\"noopener\">Ag\u00eancia Brasil<\/a><\/p>\n","protected":false},"excerpt":{"rendered":"<p>Em um dia de turbul\u00eancias no mercado internacional, o d\u00f3lar subiu e fechou a semana acima de R$ 6,10, reagindo ao aquecimento do mercado de trabalho nos Estados Unidos. A bolsa de valores caiu quase 1% e voltou a ficar abaixo de 119 mil pontos. O d\u00f3lar comercial encerrou esta sexta-feira (10) vendido a R$ [&hellip;]<\/p>\n","protected":false},"author":1,"featured_media":20535,"comment_status":"open","ping_status":"open","sticky":false,"template":"","format":"standard","meta":{"_jetpack_newsletter_access":"","_jetpack_dont_email_post_to_subs":false,"_jetpack_newsletter_tier_id":0,"_jetpack_memberships_contains_paywalled_content":false,"_mbp_banners":[],"_jetpack_feature_clip_id":0,"_jetpack_memberships_contains_paid_content":false,"footnotes":"","jetpack_publicize_message":"","jetpack_publicize_feature_enabled":true,"jetpack_social_post_already_shared":true,"jetpack_social_options":{"image_generator_settings":{"template":"highway","default_image_id":0,"font":"","enabled":false},"version":2},"jetpack_post_was_ever_published":false},"categories":[24],"tags":[],"class_list":["post-20534","post","type-post","status-publish","format-standard","has-post-thumbnail","category-economia"],"jetpack_publicize_connections":[],"jetpack-related-posts":[],"jetpack_shortlink":"https:\/\/wp.me\/p7Eq1F-5lc","jetpack_sharing_enabled":true,"jetpack_featured_media_url":"https:\/\/i0.wp.com\/guialimeira.com.br\/news\/wp-content\/uploads\/2025\/01\/mca_abr_10071918656.jpg?fit=1600%2C800&ssl=1","_links":{"self":[{"href":"https:\/\/guialimeira.com.br\/news\/wp-json\/wp\/v2\/posts\/20534","targetHints":{"allow":["GET"]}}],"collection":[{"href":"https:\/\/guialimeira.com.br\/news\/wp-json\/wp\/v2\/posts"}],"about":[{"href":"https:\/\/guialimeira.com.br\/news\/wp-json\/wp\/v2\/types\/post"}],"author":[{"embeddable":true,"href":"https:\/\/guialimeira.com.br\/news\/wp-json\/wp\/v2\/users\/1"}],"replies":[{"embeddable":true,"href":"https:\/\/guialimeira.com.br\/news\/wp-json\/wp\/v2\/comments?post=20534"}],"version-history":[{"count":0,"href":"https:\/\/guialimeira.com.br\/news\/wp-json\/wp\/v2\/posts\/20534\/revisions"}],"wp:featuredmedia":[{"embeddable":true,"href":"https:\/\/guialimeira.com.br\/news\/wp-json\/wp\/v2\/media\/20535"}],"wp:attachment":[{"href":"https:\/\/guialimeira.com.br\/news\/wp-json\/wp\/v2\/media?parent=20534"}],"wp:term":[{"taxonomy":"category","embeddable":true,"href":"https:\/\/guialimeira.com.br\/news\/wp-json\/wp\/v2\/categories?post=20534"},{"taxonomy":"post_tag","embeddable":true,"href":"https:\/\/guialimeira.com.br\/news\/wp-json\/wp\/v2\/tags?post=20534"}],"curies":[{"name":"wp","href":"https:\/\/api.w.org\/{rel}","templated":true}]}}