{"id":20527,"date":"2025-01-10T19:21:23","date_gmt":"2025-01-10T22:21:23","guid":{"rendered":"https:\/\/guialimeira.com.br\/?p=20527"},"modified":"2025-01-10T19:21:26","modified_gmt":"2025-01-10T22:21:26","slug":"presidente-da-camara-fala-sobre-decreto-de-emergencia-financeira-em-coletiva-de-imprensa","status":"publish","type":"post","link":"https:\/\/guialimeira.com.br\/news\/presidente-da-camara-fala-sobre-decreto-de-emergencia-financeira-em-coletiva-de-imprensa\/","title":{"rendered":"Presidente da C\u00e2mara fala sobre decreto de emerg\u00eancia financeira em coletiva de imprensa"},"content":{"rendered":"\n<p class=\"wp-block-paragraph\">O presidente da C\u00e2mara de Limeira, vereador Everton Ferreira (PSD), falou sobre o Decreto N\u00ba 9\/2025, baixado pelo prefeito Murilo F\u00e9lix (PODE), que estabelece emerg\u00eancia financeira no munic\u00edpio, em coletiva de imprensa realizada nesta sexta-feira, 10 de janeiro. Ele apresentou dados sobre as contas <a><\/a>municipais e colocou o Legislativo \u00e0 disposi\u00e7\u00e3o para buscar solu\u00e7\u00f5es. \u201cN\u00f3s estamos aqui para ajudar\u201d, afirmou.<\/p>\n\n\n\n<figure class=\"wp-block-image size-large\"><img data-recalc-dims=\"1\" loading=\"lazy\" decoding=\"async\" width=\"696\" height=\"392\" data-attachment-id=\"20529\" data-permalink=\"https:\/\/guialimeira.com.br\/news\/presidente-da-camara-fala-sobre-decreto-de-emergencia-financeira-em-coletiva-de-imprensa\/coletiva-de-imprensa-do-dia-10-jan-25-2\/\" data-orig-file=\"https:\/\/i0.wp.com\/guialimeira.com.br\/news\/wp-content\/uploads\/2025\/01\/473187756_1022927396544014_4540898103995260532_n.jpg?fit=2048%2C1152&amp;ssl=1\" data-orig-size=\"2048,1152\" data-comments-opened=\"1\" data-image-meta=\"{&quot;aperture&quot;:&quot;0&quot;,&quot;credit&quot;:&quot;C\\u00e2mara Municipal de Limeira&quot;,&quot;camera&quot;:&quot;&quot;,&quot;caption&quot;:&quot;Coletiva de Imprensa do dia 10.jan.25&quot;,&quot;created_timestamp&quot;:&quot;0&quot;,&quot;copyright&quot;:&quot;C\\u00e2mara Municipal de Limeira&quot;,&quot;focal_length&quot;:&quot;0&quot;,&quot;iso&quot;:&quot;0&quot;,&quot;shutter_speed&quot;:&quot;0&quot;,&quot;title&quot;:&quot;Coletiva de Imprensa do dia 10.jan.25&quot;,&quot;orientation&quot;:&quot;0&quot;}\" data-image-title=\"Coletiva de Imprensa do dia 10.jan.25\" data-image-description=\"\" data-image-caption=\"&lt;p&gt;Coletiva de Imprensa do dia 10.jan.25&lt;\/p&gt;\n\" data-large-file=\"https:\/\/i0.wp.com\/guialimeira.com.br\/news\/wp-content\/uploads\/2025\/01\/473187756_1022927396544014_4540898103995260532_n.jpg?fit=696%2C392&amp;ssl=1\" src=\"https:\/\/i0.wp.com\/guialimeira.com.br\/wp-content\/uploads\/2025\/01\/473187756_1022927396544014_4540898103995260532_n-1024x576.jpg?resize=696%2C392&#038;ssl=1\" alt=\"\" class=\"wp-image-20529\" srcset=\"https:\/\/i0.wp.com\/guialimeira.com.br\/news\/wp-content\/uploads\/2025\/01\/473187756_1022927396544014_4540898103995260532_n.jpg?resize=1024%2C576&amp;ssl=1 1024w, https:\/\/i0.wp.com\/guialimeira.com.br\/news\/wp-content\/uploads\/2025\/01\/473187756_1022927396544014_4540898103995260532_n.jpg?resize=300%2C169&amp;ssl=1 300w, https:\/\/i0.wp.com\/guialimeira.com.br\/news\/wp-content\/uploads\/2025\/01\/473187756_1022927396544014_4540898103995260532_n.jpg?resize=768%2C432&amp;ssl=1 768w, https:\/\/i0.wp.com\/guialimeira.com.br\/news\/wp-content\/uploads\/2025\/01\/473187756_1022927396544014_4540898103995260532_n.jpg?resize=1536%2C864&amp;ssl=1 1536w, https:\/\/i0.wp.com\/guialimeira.com.br\/news\/wp-content\/uploads\/2025\/01\/473187756_1022927396544014_4540898103995260532_n.jpg?resize=696%2C392&amp;ssl=1 696w, https:\/\/i0.wp.com\/guialimeira.com.br\/news\/wp-content\/uploads\/2025\/01\/473187756_1022927396544014_4540898103995260532_n.jpg?resize=1068%2C601&amp;ssl=1 1068w, https:\/\/i0.wp.com\/guialimeira.com.br\/news\/wp-content\/uploads\/2025\/01\/473187756_1022927396544014_4540898103995260532_n.jpg?resize=1920%2C1080&amp;ssl=1 1920w, https:\/\/i0.wp.com\/guialimeira.com.br\/news\/wp-content\/uploads\/2025\/01\/473187756_1022927396544014_4540898103995260532_n.jpg?w=2048&amp;ssl=1 2048w, https:\/\/i0.wp.com\/guialimeira.com.br\/news\/wp-content\/uploads\/2025\/01\/473187756_1022927396544014_4540898103995260532_n.jpg?w=1392&amp;ssl=1 1392w\" sizes=\"auto, (max-width: 696px) 100vw, 696px\" \/><figcaption class=\"wp-element-caption\">Coletiva de Imprensa do dia 10.jan.25<\/figcaption><\/figure>\n\n\n\n<p class=\"wp-block-paragraph\">O chefe do Legislativo apontou que h\u00e1 dados que diferem dos elencados no decreto, como a d\u00edvida de R$ 500 milh\u00f5es. \u201c\u00c9 preciso separar contabilmente o que s\u00e3o as despesas de custeio e despesas de capital. Desse meio milh\u00e3o anunciado, R$ 420 milh\u00f5es s\u00e3o despesas de capital\u201d, argumentou, informando que o valor corresponde a financiamentos de melhorias no complexo vi\u00e1rio e na constru\u00e7\u00e3o das Unidades de Pronto Atendimento (UPA) e totaliza 22% da receita do munic\u00edpio, abaixo do limite imposto pela Lei de Responsabilidade Fiscal, que \u00e9 de at\u00e9 120%.<\/p>\n\n\n\n<figure class=\"wp-block-embed is-type-video is-provider-youtube wp-block-embed-youtube wp-embed-aspect-4-3 wp-has-aspect-ratio\"><div class=\"wp-block-embed__wrapper\">\n<div class=\"youtube-embed\" data-video_id=\"\"><iframe loading=\"lazy\" title=\"Coletiva de Imprensa | 10.01.25 |\" width=\"696\" height=\"522\" src=\"https:\/\/www.youtube.com\/embed\/NO2EhnNaI1c?feature=oembed&#038;enablejsapi=1\" frameborder=\"0\" allow=\"accelerometer; autoplay; clipboard-write; encrypted-media; gyroscope; picture-in-picture; web-share\" referrerpolicy=\"strict-origin-when-cross-origin\" allowfullscreen><\/iframe><\/div>\n<\/div><\/figure>\n\n\n\n<p class=\"wp-block-paragraph\">Everton falou sobre a d\u00edvida de restos a pagar, de cerca de R$ 80 milh\u00f5es, que representa 3,5% do or\u00e7amento de 2025. O pr\u00f3ximo t\u00f3pico foi a d\u00edvida junto ao Instituto de Previd\u00eancia Municipal de Limeira (IPML), que, segundo Everton, est\u00e1 em dia. \u201cN\u00e3o h\u00e1 parcela de financiamento do IPML atrasada\u201d, esclareceu, informando que a d\u00edvida real \u00e9 de aproximadamente R$135 milh\u00f5es, dos quais j\u00e1 foram pagos cerca de R$ 97 milh\u00f5es.<\/p>\n\n\n\n<p class=\"wp-block-paragraph\">Ainda sobre os servidores municipais, o presidente destacou que a folha de pagamento atual corresponde a aproximadamente 43% da receita corrente l\u00edquida do or\u00e7amento e que o limite, segundo a Lei de Responsabilidade Fiscal, \u00e9 de 54%.<\/p>\n\n\n\n<p class=\"wp-block-paragraph\">Outro assunto abordado foi a d\u00edvida ativa de Limeira de quase R$ 940 milh\u00f5es. \u201cD\u00edvida que o cidad\u00e3o tem com o munic\u00edpio, dos quais perto de R$ 400 milh\u00f5es s\u00e3o s\u00f3 de IPTU. N\u00f3s conseguimos fazer o Refis e retirar rapidamente 20% desses R$ 400 milh\u00f5es que o IPTU tem de d\u00edvida ativa\u201d, explicou.<\/p>\n\n\n\n<p class=\"wp-block-paragraph\">Sobre o empr\u00e9stimo do Finisa de R$ 420 milh\u00f5es, ele afirmou que \u00e9 uma d\u00edvida a ser paga em dez anos e que n\u00e3o h\u00e1 parcelas atrasadas. \u201cEsses R$ 420 milh\u00f5es voc\u00ea tem que correlacionar com a receita que tamb\u00e9m vir\u00e1 nos pr\u00f3ximos dez anos.\u201d<\/p>\n\n\n\n<p class=\"wp-block-paragraph\">Everton apoiou Murilo na decis\u00e3o sobre o corte de gastos e elogiou a cria\u00e7\u00e3o de uma comiss\u00e3o para avaliar a situa\u00e7\u00e3o financeira das contas municipais. \u201cO prefeito Murilo tem raz\u00e3o nos cortes de gastos, tem raz\u00e3o na preocupa\u00e7\u00e3o acerca de melhorar a capacidade financeira do munic\u00edpio\u201d, disse. \u201cEu trouxe alguns dados,e o prefeito j\u00e1 nos convidou para uma reuni\u00e3o e vamos conversar sobre este assunto.\u201d<\/p>\n\n\n\n<p class=\"wp-block-paragraph\">O presidente ainda refor\u00e7ou o apoio ao prefeito e destacou a relev\u00e2ncia estrat\u00e9gica de Limeira e sua voca\u00e7\u00e3o para o desenvolvimento.<\/p>\n","protected":false},"excerpt":{"rendered":"<p>O presidente da C\u00e2mara de Limeira, vereador Everton Ferreira (PSD), falou sobre o Decreto N\u00ba 9\/2025, baixado pelo prefeito Murilo F\u00e9lix (PODE), que estabelece emerg\u00eancia financeira no munic\u00edpio, em coletiva de imprensa realizada nesta sexta-feira, 10 de janeiro. Ele apresentou dados sobre as contas municipais e colocou o Legislativo \u00e0 disposi\u00e7\u00e3o para buscar solu\u00e7\u00f5es. \u201cN\u00f3s [&hellip;]<\/p>\n","protected":false},"author":1,"featured_media":20528,"comment_status":"open","ping_status":"open","sticky":false,"template":"","format":"standard","meta":{"_jetpack_newsletter_access":"","_jetpack_dont_email_post_to_subs":false,"_jetpack_newsletter_tier_id":0,"_jetpack_memberships_contains_paywalled_content":false,"_mbp_banners":[],"_jetpack_feature_clip_id":0,"_jetpack_memberships_contains_paid_content":false,"footnotes":"","jetpack_publicize_message":"","jetpack_publicize_feature_enabled":true,"jetpack_social_post_already_shared":true,"jetpack_social_options":{"image_generator_settings":{"template":"highway","default_image_id":0,"font":"","enabled":false},"version":2},"jetpack_post_was_ever_published":false},"categories":[16,19],"tags":[],"class_list":["post-20527","post","type-post","status-publish","format-standard","has-post-thumbnail","category-local","category-politica"],"jetpack_publicize_connections":[],"jetpack-related-posts":[],"jetpack_shortlink":"https:\/\/wp.me\/p7Eq1F-5l5","jetpack_sharing_enabled":true,"jetpack_featured_media_url":"https:\/\/i0.wp.com\/guialimeira.com.br\/news\/wp-content\/uploads\/2025\/01\/472788193_1022927376544016_4323727748463718371_n.jpg?fit=2048%2C1152&ssl=1","_links":{"self":[{"href":"https:\/\/guialimeira.com.br\/news\/wp-json\/wp\/v2\/posts\/20527","targetHints":{"allow":["GET"]}}],"collection":[{"href":"https:\/\/guialimeira.com.br\/news\/wp-json\/wp\/v2\/posts"}],"about":[{"href":"https:\/\/guialimeira.com.br\/news\/wp-json\/wp\/v2\/types\/post"}],"author":[{"embeddable":true,"href":"https:\/\/guialimeira.com.br\/news\/wp-json\/wp\/v2\/users\/1"}],"replies":[{"embeddable":true,"href":"https:\/\/guialimeira.com.br\/news\/wp-json\/wp\/v2\/comments?post=20527"}],"version-history":[{"count":1,"href":"https:\/\/guialimeira.com.br\/news\/wp-json\/wp\/v2\/posts\/20527\/revisions"}],"predecessor-version":[{"id":20530,"href":"https:\/\/guialimeira.com.br\/news\/wp-json\/wp\/v2\/posts\/20527\/revisions\/20530"}],"wp:featuredmedia":[{"embeddable":true,"href":"https:\/\/guialimeira.com.br\/news\/wp-json\/wp\/v2\/media\/20528"}],"wp:attachment":[{"href":"https:\/\/guialimeira.com.br\/news\/wp-json\/wp\/v2\/media?parent=20527"}],"wp:term":[{"taxonomy":"category","embeddable":true,"href":"https:\/\/guialimeira.com.br\/news\/wp-json\/wp\/v2\/categories?post=20527"},{"taxonomy":"post_tag","embeddable":true,"href":"https:\/\/guialimeira.com.br\/news\/wp-json\/wp\/v2\/tags?post=20527"}],"curies":[{"name":"wp","href":"https:\/\/api.w.org\/{rel}","templated":true}]}}