{"id":20518,"date":"2025-01-10T16:29:27","date_gmt":"2025-01-10T19:29:27","guid":{"rendered":"https:\/\/guialimeira.com.br\/2025\/01\/10\/maduro-esta-posse-venezuelana-constitucional-nao-puderam-impedir-2\/"},"modified":"2025-01-10T16:29:27","modified_gmt":"2025-01-10T19:29:27","slug":"maduro-esta-posse-venezuelana-constitucional-nao-puderam-impedir-2","status":"publish","type":"post","link":"https:\/\/guialimeira.com.br\/news\/maduro-esta-posse-venezuelana-constitucional-nao-puderam-impedir-2\/","title":{"rendered":"Maduro: &#8220;esta posse venezuelana constitucional n\u00e3o puderam impedir&#8221;"},"content":{"rendered":"<p> <br \/>\n<\/p>\n<div>\n<p>Em cerim\u00f4nia realizada na Assembleia Nacional da Venezuela, em Caracas, nesta sexta-feira (10), o presidente Nicol\u00e1s Maduro foi empossado para o terceiro mandato como chefe do Executivo do pa\u00eds, para o\u00a0per\u00edodo de 2025 a 2031. No discurso, a lideran\u00e7a chavista destacou que n\u00e3o puderam impedir a posse, apesar da press\u00e3o internacional e dos protestos da oposi\u00e7\u00e3o.<img data-recalc-dims=\"1\" decoding=\"async\" src=\"https:\/\/i0.wp.com\/agenciabrasil.ebc.com.br\/ebc.png?w=696&#038;ssl=1\" style=\"width:1px; height:1px; display:inline;\"\/><img data-recalc-dims=\"1\" decoding=\"async\" src=\"https:\/\/i0.wp.com\/agenciabrasil.ebc.com.br\/ebc.gif?w=696&#038;ssl=1\" style=\"width:1px; height:1px; display:inline;\"\/><\/p>\n<p>\u201cAgora, trataram de converter a juramenta\u00e7\u00e3o [posse oficial], na Venezuela, em uma guerra mundial. Que v\u00e3o invadir, que entraram, que sa\u00edram. Digam o que quiserem, mas esta posse venezuelana constitucional n\u00e3o puderam impedir e \u00e9 uma grande vit\u00f3ria da democracia venezuelana e das pessoas que querem paz e estabilidade\u201d, afirmou Maduro.<\/p>\n<div class=\"dnd-widget-wrapper context-cheio_8colunas type-image\">\n<div class=\"dnd-atom-rendered\"><!-- scald=410862:cheio_8colunas --><br \/>\n            <img data-recalc-dims=\"1\" decoding=\"async\" src=\"https:\/\/i0.wp.com\/imagens.ebc.com.br\/IJVti_orq7Fi8vDo4d7cLFLUkts%3D\/754x0\/smart\/https%3A\/\/agenciabrasil.ebc.com.br\/sites\/default\/files\/thumbnails\/image\/2025\/01\/10\/posse_nicolas_maduro_03.jpg?w=696&#038;ssl=1\" alt=\"Venezuela's President Nicolas Maduro greets supporters as he arrives at the National Assembly to be sworn in for a third six-year term, in Caracas, Venezuela January 10, 2025. Marcelo Garcia\/Miraflores Palace\/Handout via REUTERS ATTENTION EDITORS - THIS IMAGE HAS BEEN SUPPLIED BY A THIRD PARTY\" title=\"Marcelo Garcia\/Miraflores Palace\"\/><br \/>\n        <img data-recalc-dims=\"1\" decoding=\"async\" src=\"https:\/\/i0.wp.com\/imagens.ebc.com.br\/IJVti_orq7Fi8vDo4d7cLFLUkts%3D\/754x0\/smart\/https%3A\/\/agenciabrasil.ebc.com.br\/sites\/default\/files\/thumbnails\/image\/2025\/01\/10\/posse_nicolas_maduro_03.jpg?w=696&#038;ssl=1\" alt=\"Venezuela's President Nicolas Maduro greets supporters as he arrives at the National Assembly to be sworn in for a third six-year term, in Caracas, Venezuela January 10, 2025. Marcelo Garcia\/Miraflores Palace\/Handout via REUTERS ATTENTION EDITORS - THIS IMAGE HAS BEEN SUPPLIED BY A THIRD PARTY\" title=\"Marcelo Garcia\/Miraflores Palace\"\/><br \/>\n    <!-- END scald=410862 --><\/div>\n<p><h6 class=\"meta\"><!--copyright=410862-->Ao assumir presid\u00eancia,\u00a0\u00a0Maduro destacou\u00a0a reforma constitucional que pretende fazer\u00a0ainda em 2025- <strong>Marcelo Garcia\/Miraflores Palace<\/strong><!--END copyright=410862--><\/h6>\n<\/p>\n<\/div>\n<p>Nos \u00faltimos dias, o candidato opositor Edmundo Gonz\u00e1lez fez uma peregrina\u00e7\u00e3o por pa\u00edses da regi\u00e3o para receber apoio internacional e prometia, ap\u00f3s ter se exilado na Espanha, regressar \u00e0 Venezuela para <a href=\"https:\/\/agenciabrasil.ebc.com.br\/internacional\/noticia\/2024-09\/opositor-edmundo-gonzalez-deixa-venezuela-e-recebe-asilo-na-espanha\" target=\"_blank\" rel=\"noopener\">intervir na posse de Maduro<\/a>.\u00a0<\/p>\n<p>Em tom de brincadeira, Maduro questionou durante o discurso: \u201cChegou Edmundo? Peguem-no! Peguem o pataruco [sin\u00f4nimo de covarde]! Como espero que ele chegue. Estou nervoso\u201d, causando riso entre os presentes. H\u00e1\u00a0pedido de pris\u00e3o aberto contra Edmundo.\u00a0Entre os motivos\u00a0est\u00e1 conspira\u00e7\u00e3o contra as institui\u00e7\u00f5es venezuelanas.\u00a0<\/p>\n<p>A coaliz\u00e3o que apoiou Gonz\u00e1lez acusa o governo de fraude eleitoral e, com base em documentos eleitorais que possuem, afirmam que o ex-diplomata foi o vencedor. O governo alega que esses documentos s\u00e3o fraudados. Nessa sexta-feira (10), atos da oposi\u00e7\u00e3o questionaram a posse de Maduro e a not\u00edcia da pris\u00e3o, depois desmentida, da Maria Corina Machado, principal lideran\u00e7a da oposi\u00e7\u00e3o do pa\u00eds, fez crescer o rep\u00fadio internacional contra o governo de Cararas.<\/p>\n<p>Nesse contexto, Maduro foi juramentado pelo presidente da Assembleia Nacional, o deputado Jorge Rodr\u00edguez, a quem jurou defender a Constitui\u00e7\u00e3o. Em seguida, agradeceu, entre outros atores, \u00e0s delega\u00e7\u00f5es dos mais de 125 pa\u00edses e organiza\u00e7\u00f5es internacionais presentes, citando, nominalmente, os representantes de Cuba, China, R\u00fassia e Honduras. \u00a0<\/p>\n<p>Questionado internacionalmente em rela\u00e7\u00e3o a elei\u00e7\u00e3o de 28 de julho de 2024, Nicolas Maduro rebateu as cr\u00edticas dizendo que n\u00e3o depende de governos estrangeiros para ser presidente da Venezuela.<\/p>\n<blockquote>\n<p>\u201cEu n\u00e3o fui nomeado presidente pelo governo dos Estados Unidos, nem pelos governos pr\u00f3-imperialistas da direita latino-americana. E n\u00e3o me colocou aqui a oligarquia dos sobrenomes. Venho do povo, sou do povo, e meu poder emana da hist\u00f3ria e do povo\u201d, afirmou.<\/p>\n<\/blockquote>\n<p>O governo Maduro tem enfrentado questionamentos em rela\u00e7\u00e3o a elei\u00e7\u00e3o de 2024 que, segundo a apura\u00e7\u00e3o oficial, ratificada pelo Judici\u00e1rio do pa\u00eds, deu a <a href=\"https:\/\/agenciabrasil.ebc.com.br\/internacional\/noticia\/2024-08\/com-96-das-urnas-apuradas-segundo-boletim-do-cne-da-519-maduro\" target=\"_blank\" rel=\"noopener\">Maduro 51,9% dos votos<\/a> contra 43,1% de Edmundo Gonz\u00e1lez. A oposi\u00e7\u00e3o, organiza\u00e7\u00f5es internacionais e pa\u00edses t\u00eam rejeitado o resultado porque <a href=\"http:\/\/\u00a0https:\/\/agenciabrasil.ebc.com.br\/internacional\/noticia\/2024-09\/vence-prazo-de-30-dias-para-venezuela-publicar-dados-eleitorais\" target=\"_blank\">n\u00e3o foram publicados os dados detalhados<\/a> por mesa de vota\u00e7\u00e3o, como sempre acontecia.<\/p>\n<h2>Reforma constitucional<\/h2>\n<p>O presidente Nicolas Maduro ainda destacou, em seu discurso, as linhas de trabalho que o governo deve assumir no novo mandato, destacando a reforma constitucional que pretende realizar ainda em 2025. Maduro defendeu atualizar a Constitui\u00e7\u00e3o Bolivariana da Venezuela, de 1999.<\/p>\n<p>\u201cQue se atualize os postulados da Constitui\u00e7\u00e3o sobre a nova sociedade humanista e democr\u00e1tica a ser constru\u00edda. Que a Constitui\u00e7\u00e3o seja atualizada para defender o pa\u00eds das novas amea\u00e7as tecnol\u00f3gicas que j\u00e1 conhecemos nas redes sociais\u201d, disse.<\/p>\n<p>O chefe do Executivo do pa\u00eds sul-americano acrescentou que assinar\u00e1, ainda nesta sexta-feira, decreto para criar a Comiss\u00e3o Ampla Nacional de Elabora\u00e7\u00e3o do Projeto de Reforma Constitucional.<\/p>\n<p>\u201cIncluiremos o maior n\u00famero de setores [na Comiss\u00e3o] para podermos ter um amplo apelo \u00e0 a\u00e7\u00e3o. Acredito que esta Assembleia Nacional tem autoridade pol\u00edtica, moral e constitucional para ser o epicentro deste ano deste debate com o povo\u201d, completou.<\/p>\n<div class=\"dnd-widget-wrapper context-cheio_8colunas type-image\">\n<div class=\"dnd-atom-rendered\"><!-- scald=410860:cheio_8colunas --><br \/>\n            <img data-recalc-dims=\"1\" decoding=\"async\" src=\"https:\/\/i0.wp.com\/imagens.ebc.com.br\/rzQnmn3ja3OX6Sq39SRCiSlryoU%3D\/754x0\/smart\/https%3A\/\/agenciabrasil.ebc.com.br\/sites\/default\/files\/thumbnails\/image\/2025\/01\/10\/posse_nicolas_maduro_05.jpg?w=696&#038;ssl=1\" alt=\"Venezuela's President Nicolas Maduro gestures as he arrives to the National Assembly, on the day of his inauguration for a third six-year term in Caracas, Venezuela January 10, 2025. REUTERS\/Gaby Oraa&#13;&#10;     TPX IMAGES OF THE DAY\" title=\"Reuters\/Gaby Oraa\/Proibida reprodu\u00e7\u00e3o\"\/><br \/>\n        <img data-recalc-dims=\"1\" decoding=\"async\" src=\"https:\/\/i0.wp.com\/imagens.ebc.com.br\/rzQnmn3ja3OX6Sq39SRCiSlryoU%3D\/754x0\/smart\/https%3A\/\/agenciabrasil.ebc.com.br\/sites\/default\/files\/thumbnails\/image\/2025\/01\/10\/posse_nicolas_maduro_05.jpg?w=696&#038;ssl=1\" alt=\"Venezuela's President Nicolas Maduro gestures as he arrives to the National Assembly, on the day of his inauguration for a third six-year term in Caracas, Venezuela January 10, 2025. REUTERS\/Gaby Oraa&#13;&#10;     TPX IMAGES OF THE DAY\" title=\"Reuters\/Gaby Oraa\/Proibida reprodu\u00e7\u00e3o\"\/><br \/>\n    <!-- END scald=410860 --><\/div>\n<p><h6 class=\"meta\"><!--copyright=410860-->Seu \u00faltimo mandato, de 2019 a 2025, foi marcado pelo bloqueio internacional liderado pelos Estados Unidos\u00a0&#8211;\u00a0<strong>Reuters\/Gaby Oraa\/Proibida reprodu\u00e7\u00e3o<\/strong><!--END copyright=410860--><\/h6>\n<\/p>\n<\/div>\n<h2>Hist\u00f3rico<\/h2>\n<p>No poder desde 2013, o presidente venezuelano, Nicol\u00e1s Maduro, venceu a primeira elei\u00e7\u00e3o presidencial ap\u00f3s a morte do ent\u00e3o presidente Hugo Ch\u00e1vez, principal lideran\u00e7a da chamada Revolu\u00e7\u00e3o Bolivariana, processo pol\u00edtico iniciado em 1999 e que promoveu uma refunda\u00e7\u00e3o da rep\u00fablica do pa\u00eds.<\/p>\n<p>Em 2018, Maduro foi reeleito pela primeira vez, quando a maior parte da oposi\u00e7\u00e3o boicotou a vota\u00e7\u00e3o alegando falta de condi\u00e7\u00f5es para competir. Seu \u00faltimo mandato, de 2019 a 2025, foi marcado pelo bloqueio internacional liderado pelos Estados Unidos contra a economia do pa\u00eds, em especial, contra o com\u00e9rcio do petr\u00f3leo venezuelano.<\/p>\n<p>A crise econ\u00f4mica, iniciada em 2014 com a queda nos pre\u00e7os do combust\u00edvel no mercado global, se agravou ao longo do seu segundo mandato, chegando a um cen\u00e1rio de hiperinfla\u00e7\u00e3o. Com isso, estima-se que mais de 7 milh\u00f5es de venezuelanos imigraram.<\/p>\n<p>Ap\u00f3s o PIB retrair cerca de 75% entre 2014 e 2020, a Venezuela registrou uma recupera\u00e7\u00e3o econ\u00f4mica nos \u00faltimos anos, apesar dos sal\u00e1rios ainda continuarem muito defasados.<\/p>\n<p>Em janeiro de 2022, a Venezuela saiu oficialmente da hiperinfla\u00e7\u00e3o. Segundo o Banco Central do pa\u00eds (BCV), o \u00edndice de pre\u00e7os de janeiro \u00e0 outubro de 2024 ficou em 16,6%, n\u00famero historicamente baixo para os padr\u00f5es venezuelanos. De acordo com a Comiss\u00e3o Econ\u00f4mica para Am\u00e9rica Latina e o Caribe (Cepal), a Venezuela deve ter um crescimento de 6,2% do PIB em 2024.<\/p>\n<p>      <!-- Relacionada --><\/p>\n<p>            <!-- Relacionada -->\n    <\/div>\n<p><br \/>\n<br \/><a href=\"https:\/\/agenciabrasil.ebc.com.br\/internacional\/noticia\/2025-01\/maduro-esta-posse-venezuelana-constitucional-nao-puderam-impedir%22\" rel=\"noopener\">Ag\u00eancia Brasil <\/a><\/p>\n","protected":false},"excerpt":{"rendered":"<p>Em cerim\u00f4nia realizada na Assembleia Nacional da Venezuela, em Caracas, nesta sexta-feira (10), o presidente Nicol\u00e1s Maduro foi empossado para o terceiro mandato como chefe do Executivo do pa\u00eds, para o\u00a0per\u00edodo de 2025 a 2031. No discurso, a lideran\u00e7a chavista destacou que n\u00e3o puderam impedir a posse, apesar da press\u00e3o internacional e dos protestos da [&hellip;]<\/p>\n","protected":false},"author":1,"featured_media":20513,"comment_status":"open","ping_status":"open","sticky":false,"template":"","format":"standard","meta":{"_jetpack_newsletter_access":"","_jetpack_dont_email_post_to_subs":false,"_jetpack_newsletter_tier_id":0,"_jetpack_memberships_contains_paywalled_content":false,"_mbp_banners":[],"_jetpack_feature_clip_id":0,"_jetpack_memberships_contains_paid_content":false,"footnotes":"","jetpack_publicize_message":"","jetpack_publicize_feature_enabled":true,"jetpack_social_post_already_shared":true,"jetpack_social_options":{"image_generator_settings":{"template":"highway","default_image_id":0,"font":"","enabled":false},"version":2},"jetpack_post_was_ever_published":false},"categories":[25],"tags":[],"class_list":["post-20518","post","type-post","status-publish","format-standard","has-post-thumbnail","category-internacional"],"jetpack_publicize_connections":[],"jetpack-related-posts":[],"jetpack_shortlink":"https:\/\/wp.me\/p7Eq1F-5kW","jetpack_sharing_enabled":true,"jetpack_featured_media_url":"https:\/\/i0.wp.com\/guialimeira.com.br\/news\/wp-content\/uploads\/2025\/01\/posse_nicolas_maduro_01.jpg?fit=1600%2C800&ssl=1","_links":{"self":[{"href":"https:\/\/guialimeira.com.br\/news\/wp-json\/wp\/v2\/posts\/20518","targetHints":{"allow":["GET"]}}],"collection":[{"href":"https:\/\/guialimeira.com.br\/news\/wp-json\/wp\/v2\/posts"}],"about":[{"href":"https:\/\/guialimeira.com.br\/news\/wp-json\/wp\/v2\/types\/post"}],"author":[{"embeddable":true,"href":"https:\/\/guialimeira.com.br\/news\/wp-json\/wp\/v2\/users\/1"}],"replies":[{"embeddable":true,"href":"https:\/\/guialimeira.com.br\/news\/wp-json\/wp\/v2\/comments?post=20518"}],"version-history":[{"count":0,"href":"https:\/\/guialimeira.com.br\/news\/wp-json\/wp\/v2\/posts\/20518\/revisions"}],"wp:featuredmedia":[{"embeddable":true,"href":"https:\/\/guialimeira.com.br\/news\/wp-json\/wp\/v2\/media\/20513"}],"wp:attachment":[{"href":"https:\/\/guialimeira.com.br\/news\/wp-json\/wp\/v2\/media?parent=20518"}],"wp:term":[{"taxonomy":"category","embeddable":true,"href":"https:\/\/guialimeira.com.br\/news\/wp-json\/wp\/v2\/categories?post=20518"},{"taxonomy":"post_tag","embeddable":true,"href":"https:\/\/guialimeira.com.br\/news\/wp-json\/wp\/v2\/tags?post=20518"}],"curies":[{"name":"wp","href":"https:\/\/api.w.org\/{rel}","templated":true}]}}