{"id":20507,"date":"2025-01-10T14:33:10","date_gmt":"2025-01-10T17:33:10","guid":{"rendered":"https:\/\/guialimeira.com.br\/2025\/01\/10\/inflacao-usada-para-calculo-de-reajuste-de-salario-e-de-477\/"},"modified":"2025-01-10T14:33:10","modified_gmt":"2025-01-10T17:33:10","slug":"inflacao-usada-para-calculo-de-reajuste-de-salario-e-de-477","status":"publish","type":"post","link":"https:\/\/guialimeira.com.br\/news\/inflacao-usada-para-calculo-de-reajuste-de-salario-e-de-477\/","title":{"rendered":"Infla\u00e7\u00e3o usada para c\u00e1lculo de reajuste de sal\u00e1rio \u00e9 de 4,77%"},"content":{"rendered":"<p> <br \/>\n<\/p>\n<div>\n<p>O \u00cdndice Nacional de Pre\u00e7os ao Consumidor (INPC) de dezembro ficou em 0,48%, fazendo com que em 2024 terminasse em 4,77%. O \u00edndice de infla\u00e7\u00e3o \u00e9 utilizado para o c\u00e1lculo do reajuste anual de sal\u00e1rios de diversas categorias de trabalhadores.<img data-recalc-dims=\"1\" decoding=\"async\" src=\"https:\/\/i0.wp.com\/agenciabrasil.ebc.com.br\/ebc.png?w=696&#038;ssl=1\" style=\"width:1px; height:1px; display:inline;\"\/><img data-recalc-dims=\"1\" decoding=\"async\" src=\"https:\/\/i0.wp.com\/agenciabrasil.ebc.com.br\/ebc.gif?w=696&#038;ssl=1\" style=\"width:1px; height:1px; display:inline;\"\/><\/p>\n<p>O resultado foi divulgado nesta sexta-feira (10), no Rio de Janeiro, pelo Instituto Brasileiro de Geografia e Estat\u00edstica (IBGE). Em 2023, o \u00edndice foi de 3,71%.<\/p>\n<p>O INPC de 2024 foi puxado, principalmente, pelo grupo alimenta\u00e7\u00e3o e bebidas, que acumulou alta de 7,60% em 12 meses, representando impacto de 1,83 p.p. (ponto percentual) na taxa do ano. O segundo maior impacto coube ao grupo transportes, que subiu 3,77% (0,74 p.p.)<\/p>\n<p>O IBGE informou, tamb\u00e9m, que o <a href=\"https:\/\/agenciabrasil.ebc.com.br\/economia\/noticia\/2025-01\/inflacao-oficial-do-pais-em-2024-e-de-483-acima-do-limite-da-meta\" target=\"_blank\" rel=\"noopener\">\u00cdndice Nacional de Pre\u00e7os ao Consumidor Amplo (IPCA) &#8211; considerado a infla\u00e7\u00e3o oficial do pa\u00eds &#8211;<\/a> fechou 2024 em 4,83%, acima do limite m\u00e1ximo da meta de infla\u00e7\u00e3o do governo.<\/p>\n<h2>Diferen\u00e7as<\/h2>\n<p>O INPC e o IPCA apuram o custo de vida para fam\u00edlias em Bel\u00e9m, Fortaleza, Recife, Salvador, Belo Horizonte, Vit\u00f3ria, Rio de Janeiro, S\u00e3o Paulo, Curitiba, Porto Alegre, Distrito Federal, Goi\u00e2nia, Campo Grande, Rio Branco, S\u00e3o Lu\u00eds e Aracaju.<\/p>\n<p>A diferen\u00e7a entre eles \u00e9 que o IPCA leva em conta fam\u00edlias com rendimentos entre um e 40 sal\u00e1rios m\u00ednimos; e o INPC apenas at\u00e9 cinco sal\u00e1rios m\u00ednimos.<\/p>\n<p>O peso dos produtos e servi\u00e7os tamb\u00e9m \u00e9 diferente. No INPC, alimentos e bebidas t\u00eam mais peso que no IPCA. Ou seja, o IBGE tem dados que mostram que fam\u00edlias mais pobres gastam proporcionalmente mais com comida do que as mais ricas. O inverso acontece com as passagens a\u00e9reas e planos de sa\u00fade, por exemplo.<\/p>\n<p>Muitos sindicatos de trabalhadores escolhem o INPC para \u00edndice de c\u00e1lculo de reajuste anual. <a href=\"https:\/\/agenciabrasil.ebc.com.br\/economia\/noticia\/2025-01\/salario-minimo-passa-para-r-1518-partir-desta-quarta\" target=\"_blank\" rel=\"noopener\">O sal\u00e1rio m\u00ednimo<\/a> tamb\u00e9m leva em considera\u00e7\u00e3o o INPC na f\u00f3rmula de reajuste, por\u00e9m, acompanha o acumulado de 12 meses encerrados em novembro (4,84%), de forma que o novo sal\u00e1rio possa ser definido pelo governo ainda no fim de dezembro para vigorar em janeiro.<\/p>\n<p><a href=\"https:\/\/agenciabrasil.ebc.com.br\/economia\/noticia\/2024-06\/entenda-como-funciona-o-calculo-das-taxas-de-inflacao\" target=\"_blank\" rel=\"noopener\">Entenda aqui os diferentes \u00edndices de infla\u00e7\u00e3o<\/a>.<\/p>\n<p>      <!-- Relacionada --><\/p>\n<p>            <!-- Relacionada -->\n    <\/div>\n<p><br \/>\n<br \/><a href=\"https:\/\/agenciabrasil.ebc.com.br\/economia\/noticia\/2025-01\/inflacao-usada-para-calculo-de-reajuste-de-salario-e-de-477\" rel=\"noopener\">Ag\u00eancia Brasil<\/a><\/p>\n","protected":false},"excerpt":{"rendered":"<p>O \u00cdndice Nacional de Pre\u00e7os ao Consumidor (INPC) de dezembro ficou em 0,48%, fazendo com que em 2024 terminasse em 4,77%. O \u00edndice de infla\u00e7\u00e3o \u00e9 utilizado para o c\u00e1lculo do reajuste anual de sal\u00e1rios de diversas categorias de trabalhadores. O resultado foi divulgado nesta sexta-feira (10), no Rio de Janeiro, pelo Instituto Brasileiro de [&hellip;]<\/p>\n","protected":false},"author":1,"featured_media":13622,"comment_status":"open","ping_status":"open","sticky":false,"template":"","format":"standard","meta":{"_jetpack_newsletter_access":"","_jetpack_dont_email_post_to_subs":false,"_jetpack_newsletter_tier_id":0,"_jetpack_memberships_contains_paywalled_content":false,"_mbp_banners":[],"_jetpack_feature_clip_id":0,"_jetpack_memberships_contains_paid_content":false,"footnotes":"","jetpack_publicize_message":"","jetpack_publicize_feature_enabled":true,"jetpack_social_post_already_shared":true,"jetpack_social_options":{"image_generator_settings":{"template":"highway","default_image_id":0,"font":"","enabled":false},"version":2},"jetpack_post_was_ever_published":false},"categories":[24],"tags":[],"class_list":["post-20507","post","type-post","status-publish","format-standard","has-post-thumbnail","category-economia"],"jetpack_publicize_connections":[],"jetpack-related-posts":[],"jetpack_shortlink":"https:\/\/wp.me\/p7Eq1F-5kL","jetpack_sharing_enabled":true,"jetpack_featured_media_url":"https:\/\/i0.wp.com\/guialimeira.com.br\/news\/wp-content\/uploads\/2024\/09\/dinheiro_caixa_mcajr_abr_2907221128.jpg?fit=1600%2C800&ssl=1","_links":{"self":[{"href":"https:\/\/guialimeira.com.br\/news\/wp-json\/wp\/v2\/posts\/20507","targetHints":{"allow":["GET"]}}],"collection":[{"href":"https:\/\/guialimeira.com.br\/news\/wp-json\/wp\/v2\/posts"}],"about":[{"href":"https:\/\/guialimeira.com.br\/news\/wp-json\/wp\/v2\/types\/post"}],"author":[{"embeddable":true,"href":"https:\/\/guialimeira.com.br\/news\/wp-json\/wp\/v2\/users\/1"}],"replies":[{"embeddable":true,"href":"https:\/\/guialimeira.com.br\/news\/wp-json\/wp\/v2\/comments?post=20507"}],"version-history":[{"count":0,"href":"https:\/\/guialimeira.com.br\/news\/wp-json\/wp\/v2\/posts\/20507\/revisions"}],"wp:featuredmedia":[{"embeddable":true,"href":"https:\/\/guialimeira.com.br\/news\/wp-json\/wp\/v2\/media\/13622"}],"wp:attachment":[{"href":"https:\/\/guialimeira.com.br\/news\/wp-json\/wp\/v2\/media?parent=20507"}],"wp:term":[{"taxonomy":"category","embeddable":true,"href":"https:\/\/guialimeira.com.br\/news\/wp-json\/wp\/v2\/categories?post=20507"},{"taxonomy":"post_tag","embeddable":true,"href":"https:\/\/guialimeira.com.br\/news\/wp-json\/wp\/v2\/tags?post=20507"}],"curies":[{"name":"wp","href":"https:\/\/api.w.org\/{rel}","templated":true}]}}