{"id":20504,"date":"2025-01-10T14:19:59","date_gmt":"2025-01-10T17:19:59","guid":{"rendered":"https:\/\/guialimeira.com.br\/2025\/01\/10\/saude-anuncia-novas-tecnologias-de-combate-a-dengue-em-mg\/"},"modified":"2025-01-10T14:19:59","modified_gmt":"2025-01-10T17:19:59","slug":"saude-anuncia-novas-tecnologias-de-combate-a-dengue-em-mg","status":"publish","type":"post","link":"https:\/\/guialimeira.com.br\/news\/saude-anuncia-novas-tecnologias-de-combate-a-dengue-em-mg\/","title":{"rendered":"Sa\u00fade anuncia novas tecnologias de combate \u00e0 dengue em MG"},"content":{"rendered":"<p> <br \/>\n<\/p>\n<div>\n<p>Minas Gerais vai receber novas tecnologias para controle da dengue e de outras arboviroses, como chikungunya, zika e febre do Oroporuche, todas transmitidas por mosquitos.<img data-recalc-dims=\"1\" decoding=\"async\" src=\"https:\/\/i0.wp.com\/agenciabrasil.ebc.com.br\/ebc.png?w=696&#038;ssl=1\" style=\"width:1px; height:1px; display:inline;\"\/><img data-recalc-dims=\"1\" decoding=\"async\" src=\"https:\/\/i0.wp.com\/agenciabrasil.ebc.com.br\/ebc.gif?w=696&#038;ssl=1\" style=\"width:1px; height:1px; display:inline;\"\/><\/p>\n<p>De acordo com o Minist\u00e9rio da Sa\u00fade, a capital Belo Horizonte e o munic\u00edpio de Contagem passar\u00e3o a contar com esta\u00e7\u00f5es disseminadoras de larvicidas, al\u00e9m de expans\u00e3o do m\u00e9todo Wolbachia e borrifa\u00e7\u00e3o residual intradomiciliar.<\/p>\n<p>Em 2024, o estado contabilizou quase 1,7 milh\u00e3o de casos prov\u00e1veis de dengue, al\u00e9m de 1.121 mortes confirmadas pela doen\u00e7a. O coeficiente de incid\u00eancia da dengue em territ\u00f3rio mineiro fechou o ano passado como o segundo maior, 7.948 casos para cada 100 mil habitantes, atr\u00e1s apenas do Distrito Federal. Nas primeiras quatro semanas de 2025, Minas Gerais j\u00e1 figura entre cinco estados que concentram 76,3% dos casos de chikungunya.<\/p>\n<p>A implementa\u00e7\u00e3o de novas tecnologias para controle vetorial da dengue integra o Plano de A\u00e7\u00e3o para Redu\u00e7\u00e3o dos Impactos das Arboviroses 2024\/2025, anunciado no ano passado pelo presidente Luiz In\u00e1cio Lula da Silva e pela ministra da Sa\u00fade, N\u00edsia Trindade. Nesta quinta-feira (9), a <a href=\"http:\/\/agenciabrasil.ebc.com.br\/saude\/noticia\/2025-01\/governo-lanca-acoes-para-se-antecipar-periodo-de-alta-da-dengue\" target=\"_blank\" rel=\"noopener\">pasta instalou<\/a>\u00a0o Centro de Opera\u00e7\u00f5es de Emerg\u00eancias para Dengue e Outras Arbovirosos.\u00a0<\/p>\n<h2>Novo sorotipo<\/h2>\n<p>Dados da pasta mostram que o <a href=\"https:\/\/agenciabrasil.ebc.com.br\/saude\/noticia\/2025-01\/dengue-sorotipo-3-volta-circular-no-pais-e-preocupa-autoridades\" target=\"_blank\" rel=\"noopener\">sorotipo 3 da dengue registrou aumento<\/a> em meio a testes positivos para a doen\u00e7a no Brasil \u2013 sobretudo nos estados de S\u00e3o Paulo, de Minas Gerais, do Amap\u00e1 e do Paran\u00e1. A amplia\u00e7\u00e3o foi registrada principalmente nas \u00faltimas quatro semanas de dezembro. O cen\u00e1rio preocupa autoridades sanit\u00e1rias brasileiras, j\u00e1 que o v\u00edrus n\u00e3o circula de forma predominante no pa\u00eds desde 2008.<\/p>\n<p>Ao longo de todo o ano de 2024, o sorotipo da dengue que circulou de forma predominante no Brasil foi o 1, identificado em 73,4% das amostras. \u201cEstamos vendo uma mudan\u00e7a significativa para o sorotipo 3\u201d, destacou a secret\u00e1ria de Vigil\u00e2ncia em Sa\u00fade, Ethel Maciel. \u201cTemos 17 anos sem esse sorotipo circulando em maior quantidade. Ent\u00e3o, temos muitas pessoas suscet\u00edveis, que n\u00e3o entraram em contato com esse sorotipo e podem ter a doen\u00e7a\u201d.<\/p>\n<p>      <!-- Relacionada --><\/p>\n<p>            <!-- Relacionada -->\n    <\/div>\n<p><br \/>\n<br \/><a href=\"https:\/\/agenciabrasil.ebc.com.br\/saude\/noticia\/2025-01\/saude-anuncia-novas-tecnologias-de-combate-dengue-em-mg\" rel=\"noopener\">Ag\u00eancia Brasil <\/a><\/p>\n","protected":false},"excerpt":{"rendered":"<p>Minas Gerais vai receber novas tecnologias para controle da dengue e de outras arboviroses, como chikungunya, zika e febre do Oroporuche, todas transmitidas por mosquitos. De acordo com o Minist\u00e9rio da Sa\u00fade, a capital Belo Horizonte e o munic\u00edpio de Contagem passar\u00e3o a contar com esta\u00e7\u00f5es disseminadoras de larvicidas, al\u00e9m de expans\u00e3o do m\u00e9todo Wolbachia [&hellip;]<\/p>\n","protected":false},"author":1,"featured_media":1463,"comment_status":"open","ping_status":"open","sticky":false,"template":"","format":"standard","meta":{"_jetpack_newsletter_access":"","_jetpack_dont_email_post_to_subs":false,"_jetpack_newsletter_tier_id":0,"_jetpack_memberships_contains_paywalled_content":false,"_mbp_banners":[],"_jetpack_feature_clip_id":0,"_jetpack_memberships_contains_paid_content":false,"footnotes":"","jetpack_publicize_message":"","jetpack_publicize_feature_enabled":true,"jetpack_social_post_already_shared":true,"jetpack_social_options":{"image_generator_settings":{"template":"highway","default_image_id":0,"font":"","enabled":false},"version":2},"jetpack_post_was_ever_published":false},"categories":[15],"tags":[],"class_list":["post-20504","post","type-post","status-publish","format-standard","has-post-thumbnail","category-saude"],"jetpack_publicize_connections":[],"jetpack-related-posts":[],"jetpack_shortlink":"https:\/\/wp.me\/p7Eq1F-5kI","jetpack_sharing_enabled":true,"jetpack_featured_media_url":"https:\/\/i0.wp.com\/guialimeira.com.br\/news\/wp-content\/uploads\/2024\/04\/combate_dengue_14.jpg?fit=1600%2C800&ssl=1","_links":{"self":[{"href":"https:\/\/guialimeira.com.br\/news\/wp-json\/wp\/v2\/posts\/20504","targetHints":{"allow":["GET"]}}],"collection":[{"href":"https:\/\/guialimeira.com.br\/news\/wp-json\/wp\/v2\/posts"}],"about":[{"href":"https:\/\/guialimeira.com.br\/news\/wp-json\/wp\/v2\/types\/post"}],"author":[{"embeddable":true,"href":"https:\/\/guialimeira.com.br\/news\/wp-json\/wp\/v2\/users\/1"}],"replies":[{"embeddable":true,"href":"https:\/\/guialimeira.com.br\/news\/wp-json\/wp\/v2\/comments?post=20504"}],"version-history":[{"count":0,"href":"https:\/\/guialimeira.com.br\/news\/wp-json\/wp\/v2\/posts\/20504\/revisions"}],"wp:featuredmedia":[{"embeddable":true,"href":"https:\/\/guialimeira.com.br\/news\/wp-json\/wp\/v2\/media\/1463"}],"wp:attachment":[{"href":"https:\/\/guialimeira.com.br\/news\/wp-json\/wp\/v2\/media?parent=20504"}],"wp:term":[{"taxonomy":"category","embeddable":true,"href":"https:\/\/guialimeira.com.br\/news\/wp-json\/wp\/v2\/categories?post=20504"},{"taxonomy":"post_tag","embeddable":true,"href":"https:\/\/guialimeira.com.br\/news\/wp-json\/wp\/v2\/tags?post=20504"}],"curies":[{"name":"wp","href":"https:\/\/api.w.org\/{rel}","templated":true}]}}