{"id":20485,"date":"2025-01-10T10:23:45","date_gmt":"2025-01-10T13:23:45","guid":{"rendered":"https:\/\/guialimeira.com.br\/2025\/01\/10\/noticia-da-prisao-de-corina-logo-desmentida-tensiona-posse-de-maduro\/"},"modified":"2025-01-10T10:23:45","modified_gmt":"2025-01-10T13:23:45","slug":"noticia-da-prisao-de-corina-logo-desmentida-tensiona-posse-de-maduro","status":"publish","type":"post","link":"https:\/\/guialimeira.com.br\/news\/noticia-da-prisao-de-corina-logo-desmentida-tensiona-posse-de-maduro\/","title":{"rendered":"Not\u00edcia da pris\u00e3o de Corina, logo desmentida, tensiona posse de Maduro"},"content":{"rendered":"<p> <br \/>\n<\/p>\n<div>\n<p>A not\u00edcia da pris\u00e3o da principal figura da oposi\u00e7\u00e3o venezuelana, Mar\u00eda Corina Machado, que circulou nos principais jornais brasileiros na tarde dessa quinta-feira (9) foi logo desmentida pelas autoridades da Venezuela, que alegam que a ex-deputada criou um fact\u00f3ide para tentar \u201cmanchar\u201d a posse do presidente Nicol\u00e1s Maduro, marcada para esta sexta-feira (10).<img data-recalc-dims=\"1\" decoding=\"async\" src=\"https:\/\/i0.wp.com\/agenciabrasil.ebc.com.br\/ebc.png?w=696&#038;ssl=1\" style=\"width:1px; height:1px; display:inline;\"\/><img data-recalc-dims=\"1\" decoding=\"async\" src=\"https:\/\/i0.wp.com\/agenciabrasil.ebc.com.br\/ebc.gif?w=696&#038;ssl=1\" style=\"width:1px; height:1px; display:inline;\"\/><\/p>\n<p>O Comando Com Venezuela, coaliz\u00e3o que coordenou a campanha do candidato opositor Edmundo Gonz\u00e1lez Urrutia, indicado por Corina para disputar a elei\u00e7\u00e3o contra Maduro, informou, \u00e0s 16h21 de ontem, que Corina havia sido \u201cviolentamente interceptada na sa\u00edda do protesto\u201d da oposi\u00e7\u00e3o, acrescentando que \u201cefetivos do regime dispararam contra as motos que a transportavam\u201d.<\/p>\n<blockquote class=\"twitter-tweet\">\n<p dir=\"ltr\" lang=\"es\" xml:lang=\"es\">\u26a0\ufe0f\u26a0\ufe0f\u26a0\ufe0f Mar\u00eda Corina (<a href=\"https:\/\/twitter.com\/MariaCorinaYA?ref_src=twsrc%5Etfw\" rel=\"noopener\">@MariaCorinaYA<\/a>) fue violentamente interceptada a su salida de la concentraci\u00f3n en Chacao.<\/p>\n<p>Esperamos confirmar en minutos su situaci\u00f3n.<\/p>\n<p>Efectivos del r\u00e9gimen dispararon contra las motos que la trasladaban.<\/p>\n<p>\u2014 Comando ConVzla (@ConVzlaComando) <a href=\"https:\/\/twitter.com\/ConVzlaComando\/status\/1877435670278410688?ref_src=twsrc%5Etfw\" rel=\"noopener\">January 9, 2025<\/a><\/p><\/blockquote>\n<p>Minutos depois, a Ag\u00eancia Venezuelana de Not\u00edcias, ve\u00edculo estatal de informa\u00e7\u00e3o, afirmou que \u201cfontes estatais desmentem que Maria Corina Machado haja sido presa e agredida neste 9 de janeiro\u201d, publicando uma foto em que Machado conversa com um policial.<br \/>\u00a0<\/p>\n<blockquote class=\"instagram-media\" data-instgrm-captioned=\"\" data-instgrm-permalink=\"https:\/\/www.instagram.com\/p\/DEniKSwSlEx\/?utm_source=ig_embed&amp;utm_campaign=loading\" data-instgrm-version=\"14\" style=\" background:#FFF; border:0; border-radius:3px; box-shadow:0 0 1px 0 rgba(0,0,0,0.5),0 1px 10px 0 rgba(0,0,0,0.15); margin: 1px; max-width:540px; min-width:326px; padding:0; width:99.375%; width:-webkit-calc(100% - 2px); width:calc(100% - 2px);\">\n<\/blockquote>\n<p>Quase ao mesmo tempo, a vice-presidente da Venezuela, Delcy Rodr\u00edguez, publicou v\u00eddeo em que Corina afirma estar segura e bem, dizendo que ao sair do protesto \u201ccaiu minha carteira, mas j\u00e1 estou bem e Venezuela ser\u00e1 livre\u201d.<br \/>\u00a0<\/p>\n<blockquote class=\"instagram-media\" data-instgrm-permalink=\"https:\/\/www.instagram.com\/reel\/DEnnvQPOebp\/?utm_source=ig_embed&amp;utm_campaign=loading\" data-instgrm-version=\"14\" style=\" background:#FFF; border:0; border-radius:3px; box-shadow:0 0 1px 0 rgba(0,0,0,0.5),0 1px 10px 0 rgba(0,0,0,0.15); margin: 1px; max-width:540px; min-width:326px; padding:0; width:99.375%; width:-webkit-calc(100% - 2px); width:calc(100% - 2px);\">\n<\/blockquote>\n<p>Delcy questionou: \u201ca quem ocorre montar semelhante <em>show<\/em> para tapar o estrondoso fracasso da sua convocat\u00f3ria de hoje?\u201d Os ve\u00edculos chavistas <a href=\"https:\/\/www.instagram.com\/p\/DEnaeU3y8KT\/\" target=\"_blank\" rel=\"noopener\">fizeram diversas postagens<\/a> ao longo do dia para dizer que os protestos oposicionistas teriam sido esvaziados.\u00a0<\/p>\n<p>Ap\u00f3s a circula\u00e7\u00e3o do v\u00eddeo de Corina, o Comando Com Venezuela <a href=\"https:\/\/x.com\/ConVzlaComando\/status\/1877461014209302895\" target=\"_blank\">publicou nova comunica\u00e7\u00e3o informando<\/a>, \u00e0s 18h02, que ela foi obrigada a gravar v\u00eddeos e depois liberada.<\/p>\n<p>\u201cMaria Corina Machado foi interceptada e caiu da motocicleta em que estava. Armas de fogo foram disparadas durante o incidente. Ela foi levada \u00e0 for\u00e7a. Durante seu sequestro, ela foi for\u00e7ada a gravar v\u00e1rios v\u00eddeos e depois foi liberada\u201d, diz o comunicado.<\/p>\n<p>No final da noite, \u00e0s 21h51, Corina fez nova manifesta\u00e7\u00e3o em sua pr\u00f3pria rede social, agradecendo a presen\u00e7a dos manifestantes no protesto e refor\u00e7ando que foi detida temporariamente.<\/p>\n<p>\u201cMeu cora\u00e7\u00e3o est\u00e1 com o venezuelano que foi baleado quando as for\u00e7as repressivas do regime me detiveram. Agora estou em um lugar seguro e mais determinado do que nunca a continuar com voc\u00ea AT\u00c9 O FIM! Amanh\u00e3 contarei a voc\u00eas o que aconteceu hoje e o que est\u00e1 por vir. A Venezuela ser\u00e1 LIVRE!\u201d, afirmou a ex-deputada.<\/p>\n<blockquote class=\"twitter-tweet\">\n<p dir=\"ltr\" lang=\"es\" xml:lang=\"es\">Venezolanos,<\/p>\n<p>Hoy, el Bravo Pueblo demostr\u00f3 c\u00f3mo se VENCE al miedo!<\/p>\n<p>Nunca me he sentido tan orgullosa de ser venezolana.<\/p>\n<p>Gracias, gracias, a todos los ciudadanos que salieron a las calles a reivindicar nuestra victoria del 28 de julio y a COBRARLA!<\/p>\n<p>Mi coraz\u00f3n est\u00e1 con el\u2026<\/p>\n<p>\u2014 Mar\u00eda Corina Machado (@MariaCorinaYA) <a href=\"https:\/\/twitter.com\/MariaCorinaYA\/status\/1877518564636381617?ref_src=twsrc%5Etfw\" rel=\"noopener\">January 10, 2025<\/a><\/p><\/blockquote>\n<p>Para se contrapor os protestos da oposi\u00e7\u00e3o, as for\u00e7as chavistas fizeram uma marcha em Caracas no mesmo dia em apoio \u00e0 posse de Nicol\u00e1s Maduro. Ao final, o ministro do Interior da Venezuela, Diosdado Cabello, refor\u00e7ou a informa\u00e7\u00e3o oficial de que n\u00e3o houve qualquer deten\u00e7\u00e3o de Corina.<\/p>\n<p>\u201cDeixaram correr pelas redes a mentira de que ela foi sequestrada. Imediatamente comunicados de pa\u00edses, comunicados de ex-presidentes vagabundos, de organiza\u00e7\u00f5es pol\u00edticas recha\u00e7ando a deten\u00e7\u00e3o e exigindo a liberdade dela, mas essa senhora estava em sua casa desde cedo. Eu garanto: se a decis\u00e3o fosse det\u00ea-la, ela j\u00e1 teria sido detida\u201d, afirmou Diosdado.<\/p>\n<p>\u00a0<\/p>\n<p>      <!-- Relacionada --><\/p>\n<p>            <!-- Relacionada -->\n    <\/div>\n<p><script async src=\"\/\/platform.twitter.com\/widgets.js\" charset=\"utf-8\"><\/script><script async src=\"\/\/www.instagram.com\/embed.js\"><\/script><br \/>\n<br \/><br \/>\n<br \/><a href=\"https:\/\/agenciabrasil.ebc.com.br\/internacional\/noticia\/2025-01\/noticia-da-prisao-de-corina-logo-desmentida-tensiona-posse-de-maduro\" rel=\"noopener\">Ag\u00eancia Brasil <\/a><\/p>\n","protected":false},"excerpt":{"rendered":"<p>A not\u00edcia da pris\u00e3o da principal figura da oposi\u00e7\u00e3o venezuelana, Mar\u00eda Corina Machado, que circulou nos principais jornais brasileiros na tarde dessa quinta-feira (9) foi logo desmentida pelas autoridades da Venezuela, que alegam que a ex-deputada criou um fact\u00f3ide para tentar \u201cmanchar\u201d a posse do presidente Nicol\u00e1s Maduro, marcada para esta sexta-feira (10). O Comando [&hellip;]<\/p>\n","protected":false},"author":1,"featured_media":20486,"comment_status":"open","ping_status":"open","sticky":false,"template":"","format":"standard","meta":{"_jetpack_newsletter_access":"","_jetpack_dont_email_post_to_subs":false,"_jetpack_newsletter_tier_id":0,"_jetpack_memberships_contains_paywalled_content":false,"_mbp_banners":[],"_jetpack_feature_clip_id":0,"_jetpack_memberships_contains_paid_content":false,"footnotes":"","jetpack_publicize_message":"","jetpack_publicize_feature_enabled":true,"jetpack_social_post_already_shared":true,"jetpack_social_options":{"image_generator_settings":{"template":"highway","default_image_id":0,"font":"","enabled":false},"version":2},"jetpack_post_was_ever_published":false},"categories":[25],"tags":[],"class_list":["post-20485","post","type-post","status-publish","format-standard","has-post-thumbnail","category-internacional"],"jetpack_publicize_connections":[],"jetpack-related-posts":[],"jetpack_shortlink":"https:\/\/wp.me\/p7Eq1F-5kp","jetpack_sharing_enabled":true,"jetpack_featured_media_url":"https:\/\/i0.wp.com\/guialimeira.com.br\/news\/wp-content\/uploads\/2025\/01\/2025-01-09t201924z_1_lynxmpel080uv_rtroptp_4_venezuela-politics-protests.jpg?fit=1600%2C800&ssl=1","_links":{"self":[{"href":"https:\/\/guialimeira.com.br\/news\/wp-json\/wp\/v2\/posts\/20485","targetHints":{"allow":["GET"]}}],"collection":[{"href":"https:\/\/guialimeira.com.br\/news\/wp-json\/wp\/v2\/posts"}],"about":[{"href":"https:\/\/guialimeira.com.br\/news\/wp-json\/wp\/v2\/types\/post"}],"author":[{"embeddable":true,"href":"https:\/\/guialimeira.com.br\/news\/wp-json\/wp\/v2\/users\/1"}],"replies":[{"embeddable":true,"href":"https:\/\/guialimeira.com.br\/news\/wp-json\/wp\/v2\/comments?post=20485"}],"version-history":[{"count":0,"href":"https:\/\/guialimeira.com.br\/news\/wp-json\/wp\/v2\/posts\/20485\/revisions"}],"wp:featuredmedia":[{"embeddable":true,"href":"https:\/\/guialimeira.com.br\/news\/wp-json\/wp\/v2\/media\/20486"}],"wp:attachment":[{"href":"https:\/\/guialimeira.com.br\/news\/wp-json\/wp\/v2\/media?parent=20485"}],"wp:term":[{"taxonomy":"category","embeddable":true,"href":"https:\/\/guialimeira.com.br\/news\/wp-json\/wp\/v2\/categories?post=20485"},{"taxonomy":"post_tag","embeddable":true,"href":"https:\/\/guialimeira.com.br\/news\/wp-json\/wp\/v2\/tags?post=20485"}],"curies":[{"name":"wp","href":"https:\/\/api.w.org\/{rel}","templated":true}]}}