{"id":20475,"date":"2025-01-10T08:26:51","date_gmt":"2025-01-10T11:26:51","guid":{"rendered":"https:\/\/guialimeira.com.br\/2025\/01\/10\/sem-aprovacao-de-lei-tabela-do-ir-fica-congelada-em-2025\/"},"modified":"2025-01-10T08:26:51","modified_gmt":"2025-01-10T11:26:51","slug":"sem-aprovacao-de-lei-tabela-do-ir-fica-congelada-em-2025","status":"publish","type":"post","link":"https:\/\/guialimeira.com.br\/news\/sem-aprovacao-de-lei-tabela-do-ir-fica-congelada-em-2025\/","title":{"rendered":"Sem aprova\u00e7\u00e3o de lei, tabela do IR fica congelada em 2025"},"content":{"rendered":"<p> <br \/>\n<\/p>\n<div>\n<p>Sem a aprova\u00e7\u00e3o da reforma do Imposto de Renda (IR), que s\u00f3 dever\u00e1 ser enviada ao Congresso ap\u00f3s a vota\u00e7\u00e3o do <a href=\"https:\/\/agenciabrasil.ebc.com.br\/economia\/noticia\/2025-01\/haddad-descarta-elevar-iof-para-conter-saida-de-dolares\" target=\"_blank\" rel=\"noopener\">Or\u00e7amento de 2025<\/a>, a tabela progressiva fica congelada neste ano. Quem ganha mais de R$ 2.824, pouco menos de dois sal\u00e1rios m\u00ednimos, pagar\u00e1 o tributo.<img data-recalc-dims=\"1\" decoding=\"async\" src=\"https:\/\/i0.wp.com\/agenciabrasil.ebc.com.br\/ebc.png?w=696&#038;ssl=1\" style=\"width:1px; height:1px; display:inline;\"\/><img data-recalc-dims=\"1\" decoding=\"async\" src=\"https:\/\/i0.wp.com\/agenciabrasil.ebc.com.br\/ebc.gif?w=696&#038;ssl=1\" style=\"width:1px; height:1px; display:inline;\"\/><\/p>\n<p>No fim de novembro, o governo tinha anunciado a inten\u00e7\u00e3o de elevar a faixa de isen\u00e7\u00e3o para R$ 5 mil, na segunda fase da reforma tribut\u00e1ria, que trata do IR. Em troca, o governo pretendia introduzir uma al\u00edquota em torno de 10% sobre os rendimentos mensais acima de R$ 50 mil, que compensaria o impacto fiscal do aumento do limite de isen\u00e7\u00e3o.<\/p>\n<p>Originalmente anunciada para tramitar junto do pacote de corte de gastos aprovado no fim de dezembro, a proposta ficou para este ano. Segundo o ministro da Fazenda, Fernando Haddad, \u201cinconsist\u00eancias\u201d nos modelos estat\u00edsticos da Receita levaram o Fisco a <a href=\"https:\/\/agenciabrasil.ebc.com.br\/economia\/noticia\/2024-12\/reforma-da-renda-nao-foi-enviada-por-causa-de-novos-calculos-no-irpj\" target=\"_blank\" rel=\"noopener\">rever os c\u00e1lculos<\/a>. Caso o Congresso aprove o Or\u00e7amento em fevereiro, a proposta pode ser enviada no mesmo m\u00eas ou no in\u00edcio de mar\u00e7o.<\/p>\n<p>Correspondente ao piso da tabela progressiva, a faixa de isen\u00e7\u00e3o foi elevada pela \u00faltima vez em fevereiro de 2024, de R$ 2.640 para R$ 2.824. As demais faixas de tributa\u00e7\u00e3o permanecem sem mudan\u00e7as desde 2015. O projeto de lei do Or\u00e7amento de 2025, enviado ao Congresso em agosto, n\u00e3o prev\u00ea mudan\u00e7as na tabela do Imposto de Renda.<\/p>\n<p>Oficialmente, o limite m\u00e1ximo da al\u00edquota zero est\u00e1 fixado em R$ 2.259,20. No entanto, para garantir a isen\u00e7\u00e3o para quem recebe at\u00e9 R$ 2.824, equivalente a dois sal\u00e1rios m\u00ednimos, haver\u00e1 um desconto simplificado de R$ 564,80 da renda sobre a qual deveria incidir o imposto. Esse desconto corresponde \u00e0 diferen\u00e7a entre os dois valores: limite de isen\u00e7\u00e3o e dois sal\u00e1rios m\u00ednimos.<\/p>\n<p>A Receita Federal esclarece que esse desconto simplificado \u00e9 opcional. Para quem tem direito a dedu\u00e7\u00f5es maiores pela legisla\u00e7\u00e3o atual, como dependentes, pens\u00e3o aliment\u00edcia, gastos com educa\u00e7\u00e3o e sa\u00fade, nada mudar\u00e1.<\/p>\n<p><strong>Confira a tabela progressiva mensal do IRPF, j\u00e1 com o desconto aplicado ao sal\u00e1rio<\/strong><\/p>\n<table border=\"1\" cellpadding=\"1\" cellspacing=\"1\" style=\"width:500px;\">\n<tbody>\n<tr>\n<td><strong>Base de C\u00e1lculo<\/strong><\/td>\n<td><strong>Al\u00edquota<\/strong><\/td>\n<td><strong>Parcela a deduzir do IR<\/strong><\/td>\n<\/tr>\n<tr>\n<td>\n<p>At\u00e9 R$ 2.259,20<\/p>\n<\/td>\n<td>zero<\/td>\n<td>zero<\/td>\n<\/tr>\n<tr>\n<td>De R$ 2.259,21 at\u00e9 R$ 2.826,65<\/td>\n<td>7,5%<\/td>\n<td>\n<p>R$ 169,44<\/p>\n<\/td>\n<\/tr>\n<tr>\n<td>De R$ 2.826,66 at\u00e9 R$ 3.751,05<\/td>\n<td>15%<\/td>\n<td>\n<p>R$ 381,44<\/p>\n<\/td>\n<\/tr>\n<tr>\n<td>De R$ 3.751,06 at\u00e9 R$ 4.664,68<\/td>\n<td>22,5%<\/td>\n<td>\n<p>R$ 662,77<\/p>\n<\/td>\n<\/tr>\n<tr>\n<td>\n<p>Acima de R$ 4.664,68<\/p>\n<\/td>\n<td>27,5%<\/td>\n<td>\n<p>R$ 896<\/p>\n<\/td>\n<\/tr>\n<\/tbody>\n<\/table>\n<p>      <!-- Relacionada --><\/p>\n<p>            <!-- Relacionada -->\n    <\/div>\n<p><br \/>\n<br \/><a href=\"https:\/\/agenciabrasil.ebc.com.br\/economia\/noticia\/2025-01\/sem-aprovacao-de-lei-tabela-do-ir-fica-congelada-em-2025\" rel=\"noopener\">Ag\u00eancia Brasil<\/a><\/p>\n","protected":false},"excerpt":{"rendered":"<p>Sem a aprova\u00e7\u00e3o da reforma do Imposto de Renda (IR), que s\u00f3 dever\u00e1 ser enviada ao Congresso ap\u00f3s a vota\u00e7\u00e3o do Or\u00e7amento de 2025, a tabela progressiva fica congelada neste ano. Quem ganha mais de R$ 2.824, pouco menos de dois sal\u00e1rios m\u00ednimos, pagar\u00e1 o tributo. No fim de novembro, o governo tinha anunciado a [&hellip;]<\/p>\n","protected":false},"author":1,"featured_media":19978,"comment_status":"open","ping_status":"open","sticky":false,"template":"","format":"standard","meta":{"_jetpack_newsletter_access":"","_jetpack_dont_email_post_to_subs":false,"_jetpack_newsletter_tier_id":0,"_jetpack_memberships_contains_paywalled_content":false,"_mbp_banners":[],"_jetpack_feature_clip_id":0,"_jetpack_memberships_contains_paid_content":false,"footnotes":"","jetpack_publicize_message":"","jetpack_publicize_feature_enabled":true,"jetpack_social_post_already_shared":true,"jetpack_social_options":{"image_generator_settings":{"template":"highway","default_image_id":0,"font":"","enabled":false},"version":2},"jetpack_post_was_ever_published":false},"categories":[24],"tags":[],"class_list":["post-20475","post","type-post","status-publish","format-standard","has-post-thumbnail","category-economia"],"jetpack_publicize_connections":[],"jetpack-related-posts":[],"jetpack_shortlink":"https:\/\/wp.me\/p7Eq1F-5kf","jetpack_sharing_enabled":true,"jetpack_featured_media_url":"https:\/\/i0.wp.com\/guialimeira.com.br\/news\/wp-content\/uploads\/2025\/01\/ja_8380.jpg?fit=1600%2C800&ssl=1","_links":{"self":[{"href":"https:\/\/guialimeira.com.br\/news\/wp-json\/wp\/v2\/posts\/20475","targetHints":{"allow":["GET"]}}],"collection":[{"href":"https:\/\/guialimeira.com.br\/news\/wp-json\/wp\/v2\/posts"}],"about":[{"href":"https:\/\/guialimeira.com.br\/news\/wp-json\/wp\/v2\/types\/post"}],"author":[{"embeddable":true,"href":"https:\/\/guialimeira.com.br\/news\/wp-json\/wp\/v2\/users\/1"}],"replies":[{"embeddable":true,"href":"https:\/\/guialimeira.com.br\/news\/wp-json\/wp\/v2\/comments?post=20475"}],"version-history":[{"count":0,"href":"https:\/\/guialimeira.com.br\/news\/wp-json\/wp\/v2\/posts\/20475\/revisions"}],"wp:featuredmedia":[{"embeddable":true,"href":"https:\/\/guialimeira.com.br\/news\/wp-json\/wp\/v2\/media\/19978"}],"wp:attachment":[{"href":"https:\/\/guialimeira.com.br\/news\/wp-json\/wp\/v2\/media?parent=20475"}],"wp:term":[{"taxonomy":"category","embeddable":true,"href":"https:\/\/guialimeira.com.br\/news\/wp-json\/wp\/v2\/categories?post=20475"},{"taxonomy":"post_tag","embeddable":true,"href":"https:\/\/guialimeira.com.br\/news\/wp-json\/wp\/v2\/tags?post=20475"}],"curies":[{"name":"wp","href":"https:\/\/api.w.org\/{rel}","templated":true}]}}