{"id":20438,"date":"2025-01-09T20:01:24","date_gmt":"2025-01-09T23:01:24","guid":{"rendered":"https:\/\/guialimeira.com.br\/2025\/01\/09\/exame-para-identificar-fibrodisplasia-ossificante-agora-e-obrigatorio\/"},"modified":"2025-01-09T20:01:24","modified_gmt":"2025-01-09T23:01:24","slug":"exame-para-identificar-fibrodisplasia-ossificante-agora-e-obrigatorio","status":"publish","type":"post","link":"https:\/\/guialimeira.com.br\/news\/exame-para-identificar-fibrodisplasia-ossificante-agora-e-obrigatorio\/","title":{"rendered":"Exame para identificar Fibrodisplasia Ossificante agora \u00e9 obrigat\u00f3rio"},"content":{"rendered":"<p> <br \/>\n<\/p>\n<div>\n<p>O exame cl\u00ednico para identificar malforma\u00e7\u00f5es dos dedos grandes dos p\u00e9s t\u00edpicos na Fibrodisplasia Ossificante Progressiva (FOP), em rec\u00e9m-nascidos, passa a ser obrigat\u00f3rio durante a triagem neonatal nas redes p\u00fablica e privada de sa\u00fade com cobertura do Sistema \u00danico de Sa\u00fade (SUS).<img data-recalc-dims=\"1\" decoding=\"async\" src=\"https:\/\/i0.wp.com\/agenciabrasil.ebc.com.br\/ebc.png?w=696&#038;ssl=1\" style=\"width:1px; height:1px; display:inline;\"\/><img data-recalc-dims=\"1\" decoding=\"async\" src=\"https:\/\/i0.wp.com\/agenciabrasil.ebc.com.br\/ebc.gif?w=696&#038;ssl=1\" style=\"width:1px; height:1px; display:inline;\"\/><\/p>\n<p>\u00c9 o que estabelece a Lei n\u00ba 15.094, sancionada pelo presidente Luiz In\u00e1cio Lula da Silva nesta quinta-feira (9), em Bras\u00edlia. O texto havia sido aprovado pelo Senado Federal no fim de 2024.<\/p>\n<p>A FOP, tamb\u00e9m conhecida como Miosite Ossificante Progressiva, \u00e9 uma doen\u00e7a rara, de causa gen\u00e9tica, incur\u00e1vel e com incid\u00eancia em uma em cada dois milh\u00f5es de pessoas.<\/p>\n<p>Atualmente, estima-se que cerca de quatro mil pessoas no mundo convivem com o problema. A condi\u00e7\u00e3o se caracteriza pela forma\u00e7\u00e3o de ossos em m\u00fasculos, tend\u00f5es, ligamentos e outros tecidos de forma progressiva, restringindo movimentos e podendo levar o paciente \u00e0 imobilidade permanente.<\/p>\n<h2>Osssifica\u00e7\u00e3o<\/h2>\n<p>O processo de ossifica\u00e7\u00e3o geralmente \u00e9 percept\u00edvel na primeira inf\u00e2ncia (0 a 5 anos), afetando os movimentos de pesco\u00e7o, ombros e membros. Os pacientes podem ter dificuldade para respirar, abrir a boca e at\u00e9 para se alimentar.<\/p>\n<p>Pessoas com FOP nascem com o dedo maior do p\u00e9 (h\u00e1lux) malformado bilateralmente, sendo que aproximadamente 50% tamb\u00e9m t\u00eam polegares malformados. Esse \u00e9 um sinal importante para a doen\u00e7a e especialmente \u00fatil no exame do rec\u00e9m-nascido.<\/p>\n<p>Outros sinais cong\u00eanitos incluem m\u00e1 forma\u00e7\u00e3o da parte superior da coluna vertebral (v\u00e9rtebras cervicais) e um colo do f\u00eamur anormalmente curto e grosso. A FOP n\u00e3o tem cura, os cuidados multiprofissionais e alguns medicamentos s\u00e3o oferecidos de forma integral e gratuita pelo Sistema \u00danico de Sa\u00fade (SUS) e podem amenizar os sinais, sintomas e inflama\u00e7\u00f5es.<\/p>\n<p>Por ser doen\u00e7a rara, a assist\u00eancia especializada para as crian\u00e7as e adolescentes com diagn\u00f3stico de FOP \u00e9 realizada em hospitais-escola ou universit\u00e1rios, com tratamento terap\u00eautico ou reabilitador, conforme a necessidade de cada caso, incluindo os Centros Especializados em Reabilita\u00e7\u00e3o, presentes em todos os estados.<\/p>\n<p>O tratamento atual \u00e9 baseado no uso de corticoides e anti-inflamat\u00f3rios na fase aguda da doen\u00e7a, a fim de limitar o processo inflamat\u00f3rio.<\/p>\n<p>      <!-- Relacionada --><\/p>\n<p>            <!-- Relacionada -->\n    <\/div>\n<p><br \/>\n<br \/><a href=\"https:\/\/agenciabrasil.ebc.com.br\/saude\/noticia\/2025-01\/exame-para-identificar-fibrodisplasia-ossificante-agora-e-obrigatorio\" rel=\"noopener\">Ag\u00eancia Brasil <\/a><\/p>\n","protected":false},"excerpt":{"rendered":"<p>O exame cl\u00ednico para identificar malforma\u00e7\u00f5es dos dedos grandes dos p\u00e9s t\u00edpicos na Fibrodisplasia Ossificante Progressiva (FOP), em rec\u00e9m-nascidos, passa a ser obrigat\u00f3rio durante a triagem neonatal nas redes p\u00fablica e privada de sa\u00fade com cobertura do Sistema \u00danico de Sa\u00fade (SUS). \u00c9 o que estabelece a Lei n\u00ba 15.094, sancionada pelo presidente Luiz In\u00e1cio [&hellip;]<\/p>\n","protected":false},"author":1,"featured_media":10634,"comment_status":"open","ping_status":"open","sticky":false,"template":"","format":"standard","meta":{"_jetpack_newsletter_access":"","_jetpack_dont_email_post_to_subs":false,"_jetpack_newsletter_tier_id":0,"_jetpack_memberships_contains_paywalled_content":false,"_mbp_banners":[],"_jetpack_feature_clip_id":0,"_jetpack_memberships_contains_paid_content":false,"footnotes":"","jetpack_publicize_message":"","jetpack_publicize_feature_enabled":true,"jetpack_social_post_already_shared":true,"jetpack_social_options":{"image_generator_settings":{"template":"highway","default_image_id":0,"font":"","enabled":false},"version":2},"jetpack_post_was_ever_published":false},"categories":[15],"tags":[],"class_list":["post-20438","post","type-post","status-publish","format-standard","has-post-thumbnail","category-saude"],"jetpack_publicize_connections":[],"jetpack-related-posts":[],"jetpack_shortlink":"https:\/\/wp.me\/p7Eq1F-5jE","jetpack_sharing_enabled":true,"jetpack_featured_media_url":"https:\/\/i0.wp.com\/guialimeira.com.br\/news\/wp-content\/uploads\/2024\/07\/pronto-socorro_do_hospital_de_santa_maria_recebe_30_enfermeiros_voluntarios_25556795627.jpg?fit=1600%2C800&ssl=1","_links":{"self":[{"href":"https:\/\/guialimeira.com.br\/news\/wp-json\/wp\/v2\/posts\/20438","targetHints":{"allow":["GET"]}}],"collection":[{"href":"https:\/\/guialimeira.com.br\/news\/wp-json\/wp\/v2\/posts"}],"about":[{"href":"https:\/\/guialimeira.com.br\/news\/wp-json\/wp\/v2\/types\/post"}],"author":[{"embeddable":true,"href":"https:\/\/guialimeira.com.br\/news\/wp-json\/wp\/v2\/users\/1"}],"replies":[{"embeddable":true,"href":"https:\/\/guialimeira.com.br\/news\/wp-json\/wp\/v2\/comments?post=20438"}],"version-history":[{"count":0,"href":"https:\/\/guialimeira.com.br\/news\/wp-json\/wp\/v2\/posts\/20438\/revisions"}],"wp:featuredmedia":[{"embeddable":true,"href":"https:\/\/guialimeira.com.br\/news\/wp-json\/wp\/v2\/media\/10634"}],"wp:attachment":[{"href":"https:\/\/guialimeira.com.br\/news\/wp-json\/wp\/v2\/media?parent=20438"}],"wp:term":[{"taxonomy":"category","embeddable":true,"href":"https:\/\/guialimeira.com.br\/news\/wp-json\/wp\/v2\/categories?post=20438"},{"taxonomy":"post_tag","embeddable":true,"href":"https:\/\/guialimeira.com.br\/news\/wp-json\/wp\/v2\/tags?post=20438"}],"curies":[{"name":"wp","href":"https:\/\/api.w.org\/{rel}","templated":true}]}}